{"id":29664,"global_id":"www.ull.es\/portal\/agenda?id=29664","global_id_lineage":["www.ull.es\/portal\/agenda?id=29664"],"author":"65","status":"publish","date":"2023-03-17 10:38:13","date_utc":"2023-03-17 10:38:13","modified":"2023-03-17 10:39:03","modified_utc":"2023-03-17 10:39:03","url":"https:\/\/www.ull.es\/portal\/agenda\/evento\/un-fisquito-de-matematicas-como-ganar-canas-con-las-matematicas\/","rest_url":"https:\/\/www.ull.es\/portal\/agenda\/wp-json\/tribe\/events\/v1\/events\/29664","title":"Un Fisquito de Matem\u00e1ticas: \u00bfC\u00f3mo ganar ca\u00f1as con las Matem\u00e1ticas?","description":"<p>El 21 de marzo tendr\u00e1 lugar en el Aula Magna Blas Cabrera Felipe del Edificio de Matem\u00e1ticas y F\u00edsica de la Universidad de La Laguna \u00abUn fisquito de Matem\u00e1ticas\u00bb. Se trata de una charla divulgativa de 10 minutos. Sobre la mesa habr\u00e1 un cron\u00f3metro que mide el tiempo. Transcurridos los 10 min, si el ponente no ha acabado, el p\u00fablico le agradece con un aplauso su fisquito y nos vamos.<\/p>\n<p><a href=\"https:\/\/youtu.be\/sfnjdXMPBhs\" target=\"_blank\" rel=\"noopener\" target=\"_blank\" rel=\"noopener\">V\u00eddeo de anuncio del fisquito<\/a><\/p>\n<p><strong>T\u00edtulo:<\/strong> \u00bfC\u00f3mo ganar ca\u00f1as con las matem\u00e1ticas?<\/p>\n<p><strong>Fisquitera:<\/strong> Aitana Bellveser Armas (Alumna del Grado de Matem\u00e1ticas)<\/p>\n<p><strong>Lugar:<\/strong> Aula Magna Blas Cabrera Felipe de Matem\u00e1ticas y F\u00edsica en la ULL<\/p>\n<p><strong>D\u00eda:<\/strong> Martes 21\/03\/2023 Hora: 10:45<\/p>\n<p>Para m\u00e1s informaci\u00f3n, pulse este <a href=\"https:\/\/matdivu.webs.ull.es\/2023\/03\/17\/segundo-fisquito-de-la-temporada-12\/\" target=\"_blank\" rel=\"noopener\" target=\"_blank\" rel=\"noopener\">enlace.\u00a0<\/a><\/p>","excerpt":"","slug":"un-fisquito-de-matematicas-como-ganar-canas-con-las-matematicas","image":{"url":"https:\/\/www.ull.es\/portal\/agenda\/wp-content\/uploads\/sites\/12\/2023\/03\/1-EDITH-PADRON-FERNANDEZ-1.jpg","id":29665,"extension":"jpg","width":1600,"height":800,"filesize":142045,"sizes":{"medium":{"width":300,"height":150,"mime-type":"image\/jpeg","filesize":10625,"url":"https:\/\/www.ull.es\/portal\/agenda\/wp-content\/uploads\/sites\/12\/2023\/03\/1-EDITH-PADRON-FERNANDEZ-1-300x150.jpg"},"large":{"width":1024,"height":512,"mime-type":"image\/jpeg","filesize":69322,"url":"https:\/\/www.ull.es\/portal\/agenda\/wp-content\/uploads\/sites\/12\/2023\/03\/1-EDITH-PADRON-FERNANDEZ-1-1024x512.jpg"},"thumbnail":{"width":150,"height":150,"mime-type":"image\/jpeg","filesize":5292,"url":"https:\/\/www.ull.es\/portal\/agenda\/wp-content\/uploads\/sites\/12\/2023\/03\/1-EDITH-PADRON-FERNANDEZ-1-150x150.jpg"},"medium_large":{"width":768,"height":384,"mime-type":"image\/jpeg","filesize":46181,"url":"https:\/\/www.ull.es\/portal\/agenda\/wp-content\/uploads\/sites\/12\/2023\/03\/1-EDITH-PADRON-FERNANDEZ-1-768x384.jpg"},"1536x1536":{"width":1536,"height":768,"mime-type":"image\/jpeg","filesize":128261,"url":"https:\/\/www.ull.es\/portal\/agenda\/wp-content\/uploads\/sites\/12\/2023\/03\/1-EDITH-PADRON-FERNANDEZ-1-1536x768.jpg"},"mug-shot":{"width":150,"height":250,"mime-type":"image\/jpeg","filesize":5869,"url":"https:\/\/www.ull.es\/portal\/agenda\/wp-content\/uploads\/sites\/12\/2023\/03\/1-EDITH-PADRON-FERNANDEZ-1-150x250.jpg"},"sidebar":{"width":375,"height":188,"mime-type":"image\/jpeg","filesize":14731,"url":"https:\/\/www.ull.es\/portal\/agenda\/wp-content\/uploads\/sites\/12\/2023\/03\/1-EDITH-PADRON-FERNANDEZ-1-375x188.jpg"},"half":{"width":375,"height":188,"mime-type":"image\/jpeg","filesize":14731,"url":"https:\/\/www.ull.es\/portal\/agenda\/wp-content\/uploads\/sites\/12\/2023\/03\/1-EDITH-PADRON-FERNANDEZ-1-375x188.jpg"},"full-content":{"width":750,"height":375,"mime-type":"image\/jpeg","filesize":44144,"url":"https:\/\/www.ull.es\/portal\/agenda\/wp-content\/uploads\/sites\/12\/2023\/03\/1-EDITH-PADRON-FERNANDEZ-1-750x375.jpg"},"page":{"width":1140,"height":570,"mime-type":"image\/jpeg","filesize":81598,"url":"https:\/\/www.ull.es\/portal\/agenda\/wp-content\/uploads\/sites\/12\/2023\/03\/1-EDITH-PADRON-FERNANDEZ-1-1140x570.jpg"},"thimble":{"width":50,"height":50,"mime-type":"image\/jpeg","filesize":1256,"url":"https:\/\/www.ull.es\/portal\/agenda\/wp-content\/uploads\/sites\/12\/2023\/03\/1-EDITH-PADRON-FERNANDEZ-1-50x50.jpg"},"thumbnail-large":{"width":300,"height":300,"mime-type":"image\/jpeg","filesize":14455,"url":"https:\/\/www.ull.es\/portal\/agenda\/wp-content\/uploads\/sites\/12\/2023\/03\/1-EDITH-PADRON-FERNANDEZ-1-300x300.jpg"},"rss":{"width":108,"height":81,"mime-type":"image\/jpeg","filesize":2808,"url":"https:\/\/www.ull.es\/portal\/agenda\/wp-content\/uploads\/sites\/12\/2023\/03\/1-EDITH-PADRON-FERNANDEZ-1-108x81.jpg"}}},"all_day":false,"start_date":"2023-03-21 10:45:00","start_date_details":{"year":"2023","month":"03","day":"21","hour":"10","minutes":"45","seconds":"00"},"end_date":"2023-03-21 11:00:00","end_date_details":{"year":"2023","month":"03","day":"21","hour":"11","minutes":"00","seconds":"00"},"utc_start_date":"2023-03-21 10:45:00","utc_start_date_details":{"year":"2023","month":"03","day":"21","hour":"10","minutes":"45","seconds":"00"},"utc_end_date":"2023-03-21 11:00:00","utc_end_date_details":{"year":"2023","month":"03","day":"21","hour":"11","minutes":"00","seconds":"00"},"timezone":"UTC+0","timezone_abbr":"UTC+0","cost":"","cost_details":{"currency_symbol":"","currency_position":"prefix","values":[]},"website":"","show_map":false,"show_map_link":false,"hide_from_listings":false,"sticky":false,"featured":false,"categories":[],"tags":[],"venue":{"id":23325,"author":"65","status":"publish","date":"2022-03-08 11:08:04","date_utc":"2022-03-08 11:08:04","modified":"2023-09-08 08:49:27","modified_utc":"2023-09-08 08:49:27","url":"https:\/\/www.ull.es\/portal\/agenda\/local\/aula-magna-del-edificio-de-fisica-y-matematicas\/","venue":"Aula Magna Blas Cabrera Felipe del Edificio de F\u00edsica y Matem\u00e1ticas","slug":"aula-magna-del-edificio-de-fisica-y-matematicas","address":"Avenida Astrof\u00edsico Francisco S\u00e1nchez","city":"San Crist\u00f3bal de La Laguna","country":"Espa\u00f1a","province":"Santa Cruz de Tenerife","zip":"38200","stateprovince":"Santa Cruz de Tenerife","json_ld":{"@type":"Place","name":"Aula Magna Blas Cabrera Felipe del Edificio de F\u00edsica y Matem\u00e1ticas","description":"","url":"https:\/\/www.ull.es\/portal\/agenda\/local\/aula-magna-del-edificio-de-fisica-y-matematicas\/","address":{"@type":"PostalAddress","streetAddress":"Avenida Astrof\u00edsico Francisco S\u00e1nchez","addressLocality":"San Crist\u00f3bal de La Laguna","addressRegion":"Santa Cruz de Tenerife","postalCode":"38200","addressCountry":"Espa\u00f1a"},"telephone":"","sameAs":""},"show_map":false,"show_map_link":true,"global_id":"www.ull.es\/portal\/agenda?id=23325","global_id_lineage":["www.ull.es\/portal\/agenda?id=23325"]},"organizer":[{"id":22862,"author":"65","status":"publish","date":"2022-02-17 11:35:06","date_utc":"2022-02-17 11:35:06","modified":"2022-02-17 11:35:26","modified_utc":"2022-02-17 11:35:26","url":"https:\/\/www.ull.es\/portal\/agenda\/organizador\/aula-cultural-matematica-divulgativa\/","organizer":"Aula Cultural Matem\u00e1tica Divulgativa","slug":"aula-cultural-matematica-divulgativa","json_ld":{"@type":"Person","name":"Aula Cultural Matem\u00e1tica Divulgativa","description":"","url":"https:\/\/www.ull.es\/portal\/agenda\/organizador\/aula-cultural-matematica-divulgativa\/","telephone":"","email":"","sameAs":""},"global_id":"www.ull.es\/portal\/agenda?id=22862","global_id_lineage":["www.ull.es\/portal\/agenda?id=22862"]}],"json_ld":{"@context":"http:\/\/schema.org","@type":"Event","name":"Un Fisquito de Matem\u00e1ticas: \u00bfC\u00f3mo ganar ca\u00f1as con las Matem\u00e1ticas?","description":"&lt;p&gt;El 21 de marzo tendr\u00e1 lugar en el Aula Magna Blas Cabrera Felipe del Edificio de Matem\u00e1ticas y F\u00edsica de la Universidad de La Laguna \u00abUn fisquito de Matem\u00e1ticas\u00bb. Se trata de una charla divulgativa de 10 minutos. Sobre la mesa habr\u00e1 un cron\u00f3metro que mide el tiempo. Transcurridos los 10 min, si el ponente...&lt;\/p&gt;\\n","image":"https:\/\/www.ull.es\/portal\/agenda\/wp-content\/uploads\/sites\/12\/2023\/03\/1-EDITH-PADRON-FERNANDEZ-1.jpg","url":"https:\/\/www.ull.es\/portal\/agenda\/evento\/un-fisquito-de-matematicas-como-ganar-canas-con-las-matematicas\/","startDate":"2023-03-21T10:45:00+00:00","endDate":"2023-03-21T11:00:00+00:00","location":{"@type":"Place","name":"Aula Magna Blas Cabrera Felipe del Edificio de F\u00edsica y Matem\u00e1ticas","description":"","url":"https:\/\/www.ull.es\/portal\/agenda\/local\/aula-magna-del-edificio-de-fisica-y-matematicas\/","address":{"@type":"PostalAddress","streetAddress":"Avenida Astrof\u00edsico Francisco S\u00e1nchez","addressLocality":"San Crist\u00f3bal de La Laguna","addressRegion":"Santa Cruz de Tenerife","postalCode":"38200","addressCountry":"Espa\u00f1a"},"telephone":"","sameAs":""},"organizer":{"@type":"Person","name":"Aula Cultural Matem\u00e1tica Divulgativa","description":"","url":"https:\/\/www.ull.es\/portal\/agenda\/organizador\/aula-cultural-matematica-divulgativa\/","telephone":"","email":"","sameAs":""}}}