{"id":30098,"global_id":"www.ull.es\/portal\/agenda?id=30098","global_id_lineage":["www.ull.es\/portal\/agenda?id=30098"],"author":"43","status":"publish","date":"2023-04-20 10:53:29","date_utc":"2023-04-20 10:53:29","modified":"2023-05-02 11:26:13","modified_utc":"2023-05-02 11:26:13","url":"https:\/\/www.ull.es\/portal\/agenda\/evento\/agentes-del-cambio-por-los-ods-desarrollo-de-proyectos-metodologias-y-comunicacion-social-y-de-genero\/","rest_url":"https:\/\/www.ull.es\/portal\/agenda\/wp-json\/tribe\/events\/v1\/events\/30098","title":"Agentes del Cambio por los ODS: desarrollo de proyectos, metodolog\u00edas, y comunicaci\u00f3n social y de g\u00e9nero","description":"<p>Formaci\u00f3n promovida por el Programa Ingenia, el cual es coordinado por la Fundaci\u00f3n General de La Universidad de La Laguna en colaboraci\u00f3n con el \u00c1rea de Educaci\u00f3n, Juventud, Museos, Cultura y Deportes del Cabildo Insular de Tenerife. Este programa financia la ejecuci\u00f3n de proyectos para la resoluci\u00f3n de problemas sociales y medioambientales vinculados con los Objetivos de Desarrollo Sostenible, focalizados en la provincia de Santa Cruz de Tenerife.<\/p>\n<p>Los m\u00f3dulos est\u00e1n dise\u00f1ados para aprender a identificar problemas en el \u00e1mbito de los Objetivos de Desarrollo Sostenible e incentivar la creaci\u00f3n de proyectos de impacto con metodolog\u00edas innovadoras e integradoras. A trav\u00e9s de los materiales aportados se adquirir\u00e1n competencias para la planificaci\u00f3n de los proyectos desde un enfoque participativo, incluyendo las metodolog\u00edas a desarrollar para implementar los Objetivos de Desarrollo Sostenible de manera eficaz. Contenidos estructurados desde la implicaci\u00f3n de la comunicaci\u00f3n social, la participaci\u00f3n y el lenguaje transformador para obtener cambios sociales reales. Se adquirir\u00e1n conocimientos sobre la Agenda 2030 y los ODS, en consonancia con la Agenda Canaria de Desarrollo Sostenible.<\/p>\n<p>Uno de los objetivos de los contenidos es ense\u00f1ar sobre la planificaci\u00f3n y elaboraci\u00f3n de proyectos que den respuesta a los retos planteados dentro del marco de los ODS, que mediante la movilizaci\u00f3n y la transformaci\u00f3n social pretendan resolver problemas que afectan claramente a una comunidad, de acuerdo a sus ramas de conocimiento.<\/p>\n<p>Dirigido a cualquier persona interesada en formarse en los Objetivos de Desarrollo Sostenible de la Agenda 2030 y Agenda Canaria de Desarrollo Sostenible. Interesados en participar en futuras ediciones del Programa INGENIA. Los asistentes que superen la formaci\u00f3n, podr\u00e1n presentarse a la siguiente edici\u00f3n del Programa INGENIA presentando una propuesta de proyecto seg\u00fan las bases publicadas para dicha convocatoria.<\/p>\n<p>Direcci\u00f3n acad\u00e9mica:<\/p>\n<ul>\n<li>Bel\u00e9n San Nicol\u00e1s Santos. Profesora del Departamento de Did\u00e1ctica e Investigaci\u00f3n Educativa de la ULL.<\/li>\n<li>Carlos Efr\u00e9n Mora Luis. Director de Secretariado del Vicerrectorado de Estudiantes y Empleabilidad de la ULL.<\/li>\n<\/ul>\n<p>Coordinaci\u00f3n: Daura Ramos Nazco. T\u00e9cnico Superior de Innovaci\u00f3n de la Fundaci\u00f3n General de la ULL.<\/p>\n<p><strong>CERTIFICADO DE ASISTENCIA, APTITUD Y RECONOCIMIENTO POR CR\u00c9DITO ECTS<\/strong><\/p>\n<div class=\"tribe-events-single-event-description tribe-events-content\">\n<p>La ULL, a trav\u00e9s del Vicerrectorado de Cultura y Extensi\u00f3n Universitaria, emitir\u00e1 un certificado de asistencia a todas aquellas personas que participen en un m\u00ednimo del 80% de las horas lectivas. Asimismo, aquellas personas que superen el trabajo aut\u00f3nomo del alumnado, recibir\u00e1n un certificado de asistencia y aprovechamiento, reconocible a su vez por 2 cr\u00e9ditos ECTS.<\/p>\n<\/div>\n<p><a href=\"https:\/\/sede.fg.ull.es\/es\/curso\/detalle\/a23020150\/agentes-del-cambio-por-los-ods-desarrollo-de-proyectos-metodologias-y-comunicacion-social-y-de-genero\" target=\"_blank\" rel=\"noopener\" target=\"_blank\" rel=\"noopener\"><strong><u>M\u00e1s informaci\u00f3n e inscripci\u00f3n gratuita aqu\u00ed.<\/u><\/strong><\/a><\/p>\n<p><strong>Contacto: 922 319 616 \/ 922 319 626 \u2013\u00a0<\/strong><a href=\"mailto:extuni@ull.edu.es\" target=\"_blank\" rel=\"noopener\"><strong>extuni@ull.es<\/strong><\/a><\/p>","excerpt":"","slug":"agentes-del-cambio-por-los-ods-desarrollo-de-proyectos-metodologias-y-comunicacion-social-y-de-genero","image":{"url":"https:\/\/www.ull.es\/portal\/agenda\/wp-content\/uploads\/sites\/12\/2023\/04\/BannerODSmayo.png","id":30099,"extension":"png","width":700,"height":350,"filesize":131886,"sizes":{"medium":{"width":300,"height":150,"mime-type":"image\/png","filesize":37128,"url":"https:\/\/www.ull.es\/portal\/agenda\/wp-content\/uploads\/sites\/12\/2023\/04\/BannerODSmayo-300x150.png"},"thumbnail":{"width":150,"height":150,"mime-type":"image\/png","filesize":15227,"url":"https:\/\/www.ull.es\/portal\/agenda\/wp-content\/uploads\/sites\/12\/2023\/04\/BannerODSmayo-150x150.png"},"mug-shot":{"width":150,"height":250,"mime-type":"image\/png","filesize":12218,"url":"https:\/\/www.ull.es\/portal\/agenda\/wp-content\/uploads\/sites\/12\/2023\/04\/BannerODSmayo-150x250.png"},"sidebar":{"width":375,"height":188,"mime-type":"image\/png","filesize":52668,"url":"https:\/\/www.ull.es\/portal\/agenda\/wp-content\/uploads\/sites\/12\/2023\/04\/BannerODSmayo-375x188.png"},"half":{"width":375,"height":188,"mime-type":"image\/png","filesize":52668,"url":"https:\/\/www.ull.es\/portal\/agenda\/wp-content\/uploads\/sites\/12\/2023\/04\/BannerODSmayo-375x188.png"},"thimble":{"width":50,"height":50,"mime-type":"image\/png","filesize":3015,"url":"https:\/\/www.ull.es\/portal\/agenda\/wp-content\/uploads\/sites\/12\/2023\/04\/BannerODSmayo-50x50.png"},"thumbnail-large":{"width":300,"height":300,"mime-type":"image\/png","filesize":44332,"url":"https:\/\/www.ull.es\/portal\/agenda\/wp-content\/uploads\/sites\/12\/2023\/04\/BannerODSmayo-300x300.png"},"rss":{"width":108,"height":81,"mime-type":"image\/png","filesize":8599,"url":"https:\/\/www.ull.es\/portal\/agenda\/wp-content\/uploads\/sites\/12\/2023\/04\/BannerODSmayo-108x81.png"}}},"all_day":true,"start_date":"2023-05-03 00:00:00","start_date_details":{"year":"2023","month":"05","day":"03","hour":"00","minutes":"00","seconds":"00"},"end_date":"2023-05-03 23:59:59","end_date_details":{"year":"2023","month":"05","day":"03","hour":"23","minutes":"59","seconds":"59"},"utc_start_date":"2023-05-03 00:00:00","utc_start_date_details":{"year":"2023","month":"05","day":"03","hour":"00","minutes":"00","seconds":"00"},"utc_end_date":"2023-05-03 23:59:59","utc_end_date_details":{"year":"2023","month":"05","day":"03","hour":"23","minutes":"59","seconds":"59"},"timezone":"UTC+0","timezone_abbr":"UTC+0","cost":"","cost_details":{"currency_symbol":"","currency_position":"prefix","values":[]},"website":"https:\/\/www.ull.es\/cultura\/cursos-extension-universitaria\/","show_map":false,"show_map_link":false,"hide_from_listings":false,"sticky":false,"featured":false,"categories":[{"name":"Actividades de Extensi\u00f3n","slug":"actividades-de-extension","term_group":0,"term_taxonomy_id":472,"taxonomy":"tribe_events_cat","description":"","parent":468,"count":1637,"filter":"raw","id":472,"urls":{"self":"https:\/\/www.ull.es\/portal\/agenda\/wp-json\/tribe\/events\/v1\/categories\/472","collection":"https:\/\/www.ull.es\/portal\/agenda\/wp-json\/tribe\/events\/v1\/categories","up":"https:\/\/www.ull.es\/portal\/agenda\/wp-json\/tribe\/events\/v1\/categories\/468"}},{"name":"Destacado ULL","slug":"destacado-ull","term_group":0,"term_taxonomy_id":4,"taxonomy":"tribe_events_cat","description":"","parent":0,"count":4572,"filter":"raw","id":4,"urls":{"self":"https:\/\/www.ull.es\/portal\/agenda\/wp-json\/tribe\/events\/v1\/categories\/4","collection":"https:\/\/www.ull.es\/portal\/agenda\/wp-json\/tribe\/events\/v1\/categories"}},{"name":"Fundaci\u00f3n General","slug":"fundacion-general","term_group":0,"term_taxonomy_id":2739,"taxonomy":"tribe_events_cat","description":"","parent":0,"count":31,"filter":"raw","id":2739,"urls":{"self":"https:\/\/www.ull.es\/portal\/agenda\/wp-json\/tribe\/events\/v1\/categories\/2739","collection":"https:\/\/www.ull.es\/portal\/agenda\/wp-json\/tribe\/events\/v1\/categories"}},{"name":"Perfil Estudiante","slug":"perfil-estudiante","term_group":0,"term_taxonomy_id":186,"taxonomy":"tribe_events_cat","description":"","parent":185,"count":2750,"filter":"raw","id":186,"urls":{"self":"https:\/\/www.ull.es\/portal\/agenda\/wp-json\/tribe\/events\/v1\/categories\/186","collection":"https:\/\/www.ull.es\/portal\/agenda\/wp-json\/tribe\/events\/v1\/categories","up":"https:\/\/www.ull.es\/portal\/agenda\/wp-json\/tribe\/events\/v1\/categories\/185"}},{"name":"Responsabilidad Social Universitaria","slug":"responsabilidad-social-universitaria","term_group":0,"term_taxonomy_id":3254,"taxonomy":"tribe_events_cat","description":"","parent":468,"count":66,"filter":"raw","id":3254,"urls":{"self":"https:\/\/www.ull.es\/portal\/agenda\/wp-json\/tribe\/events\/v1\/categories\/3254","collection":"https:\/\/www.ull.es\/portal\/agenda\/wp-json\/tribe\/events\/v1\/categories","up":"https:\/\/www.ull.es\/portal\/agenda\/wp-json\/tribe\/events\/v1\/categories\/468"}}],"tags":[{"name":"Agentes locales del cambio","slug":"agentes-locales-del-cambio","term_group":0,"term_taxonomy_id":4793,"taxonomy":"post_tag","description":"","parent":0,"count":7,"filter":"raw","id":4793,"urls":{"self":"https:\/\/www.ull.es\/portal\/agenda\/wp-json\/tribe\/events\/v1\/tags\/4793","collection":"https:\/\/www.ull.es\/portal\/agenda\/wp-json\/tribe\/events\/v1\/tags"}},{"name":"alumnado ULL","slug":"alumnado-ull","term_group":0,"term_taxonomy_id":4259,"taxonomy":"post_tag","description":"","parent":0,"count":1171,"filter":"raw","id":4259,"urls":{"self":"https:\/\/www.ull.es\/portal\/agenda\/wp-json\/tribe\/events\/v1\/tags\/4259","collection":"https:\/\/www.ull.es\/portal\/agenda\/wp-json\/tribe\/events\/v1\/tags"}},{"name":"Cursos ULL","slug":"cursos-ull","term_group":0,"term_taxonomy_id":977,"taxonomy":"post_tag","description":"","parent":0,"count":1429,"filter":"raw","id":977,"urls":{"self":"https:\/\/www.ull.es\/portal\/agenda\/wp-json\/tribe\/events\/v1\/tags\/977","collection":"https:\/\/www.ull.es\/portal\/agenda\/wp-json\/tribe\/events\/v1\/tags"}},{"name":"desarrollo sostenible ULL","slug":"desarrollo-sostenible-ull","term_group":0,"term_taxonomy_id":4791,"taxonomy":"post_tag","description":"","parent":0,"count":11,"filter":"raw","id":4791,"urls":{"self":"https:\/\/www.ull.es\/portal\/agenda\/wp-json\/tribe\/events\/v1\/tags\/4791","collection":"https:\/\/www.ull.es\/portal\/agenda\/wp-json\/tribe\/events\/v1\/tags"}},{"name":"Extensi\u00f3n Universitaria ULL","slug":"extension-universitaria-ull","term_group":0,"term_taxonomy_id":3812,"taxonomy":"post_tag","description":"","parent":0,"count":1381,"filter":"raw","id":3812,"urls":{"self":"https:\/\/www.ull.es\/portal\/agenda\/wp-json\/tribe\/events\/v1\/tags\/3812","collection":"https:\/\/www.ull.es\/portal\/agenda\/wp-json\/tribe\/events\/v1\/tags"}},{"name":"FGULL","slug":"fgull","term_group":0,"term_taxonomy_id":561,"taxonomy":"post_tag","description":"","parent":0,"count":15,"filter":"raw","id":561,"urls":{"self":"https:\/\/www.ull.es\/portal\/agenda\/wp-json\/tribe\/events\/v1\/tags\/561","collection":"https:\/\/www.ull.es\/portal\/agenda\/wp-json\/tribe\/events\/v1\/tags"}},{"name":"Ingenia","slug":"ingenia","term_group":0,"term_taxonomy_id":2674,"taxonomy":"post_tag","description":"","parent":0,"count":16,"filter":"raw","id":2674,"urls":{"self":"https:\/\/www.ull.es\/portal\/agenda\/wp-json\/tribe\/events\/v1\/tags\/2674","collection":"https:\/\/www.ull.es\/portal\/agenda\/wp-json\/tribe\/events\/v1\/tags"}},{"name":"ODS","slug":"ods","term_group":0,"term_taxonomy_id":1132,"taxonomy":"post_tag","description":"","parent":0,"count":46,"filter":"raw","id":1132,"urls":{"self":"https:\/\/www.ull.es\/portal\/agenda\/wp-json\/tribe\/events\/v1\/tags\/1132","collection":"https:\/\/www.ull.es\/portal\/agenda\/wp-json\/tribe\/events\/v1\/tags"}},{"name":"ODS ULL","slug":"ods-ull","term_group":0,"term_taxonomy_id":4718,"taxonomy":"post_tag","description":"","parent":0,"count":12,"filter":"raw","id":4718,"urls":{"self":"https:\/\/www.ull.es\/portal\/agenda\/wp-json\/tribe\/events\/v1\/tags\/4718","collection":"https:\/\/www.ull.es\/portal\/agenda\/wp-json\/tribe\/events\/v1\/tags"}},{"name":"Seminarios ULL","slug":"seminarios-ull","term_group":0,"term_taxonomy_id":3751,"taxonomy":"post_tag","description":"","parent":0,"count":1167,"filter":"raw","id":3751,"urls":{"self":"https:\/\/www.ull.es\/portal\/agenda\/wp-json\/tribe\/events\/v1\/tags\/3751","collection":"https:\/\/www.ull.es\/portal\/agenda\/wp-json\/tribe\/events\/v1\/tags"}},{"name":"sostenibilidad ULL","slug":"sostenibilidad-ull","term_group":0,"term_taxonomy_id":4723,"taxonomy":"post_tag","description":"","parent":0,"count":21,"filter":"raw","id":4723,"urls":{"self":"https:\/\/www.ull.es\/portal\/agenda\/wp-json\/tribe\/events\/v1\/tags\/4723","collection":"https:\/\/www.ull.es\/portal\/agenda\/wp-json\/tribe\/events\/v1\/tags"}}],"venue":{"id":4260,"author":"43","status":"publish","date":"2017-11-23 09:48:02","date_utc":"2017-11-23 09:48:02","modified":"2020-04-14 20:12:58","modified_utc":"2020-04-14 20:12:58","url":"https:\/\/www.ull.es\/portal\/agenda\/local\/curso-online\/","venue":"Formaci\u00f3n online","slug":"curso-online","json_ld":{"@type":"Place","name":"Formaci\u00f3n online","description":"","url":"https:\/\/www.ull.es\/portal\/agenda\/local\/curso-online\/","address":{"@type":"PostalAddress"},"telephone":"","sameAs":""},"show_map":false,"show_map_link":true,"global_id":"www.ull.es\/portal\/agenda?id=4260","global_id_lineage":["www.ull.es\/portal\/agenda?id=4260"]},"organizer":[{"id":1132,"author":"21","status":"publish","date":"2017-03-27 12:15:57","date_utc":"2017-03-27 12:15:57","modified":"2023-05-02 10:28:59","modified_utc":"2023-05-02 10:28:59","url":"https:\/\/www.ull.es\/portal\/agenda\/organizador\/vicerrectorado-de-relaciones-con-la-sociedad-2\/","organizer":"Vicerrectorado de Cultura y Extensi\u00f3n Universitaria","slug":"vicerrectorado-de-relaciones-con-la-sociedad-2","json_ld":{"@type":"Person","name":"Vicerrectorado de Cultura y Extensi\u00f3n Universitaria","description":"","url":"https:\/\/www.ull.es\/portal\/agenda\/organizador\/vicerrectorado-de-relaciones-con-la-sociedad-2\/","telephone":"","email":"","sameAs":""},"global_id":"www.ull.es\/portal\/agenda?id=1132","global_id_lineage":["www.ull.es\/portal\/agenda?id=1132"]},{"id":1570,"author":"21","status":"publish","date":"2017-05-16 10:43:29","date_utc":"2017-05-16 10:43:29","modified":"2017-05-16 10:43:29","modified_utc":"2017-05-16 10:43:29","url":"https:\/\/www.ull.es\/portal\/agenda\/organizador\/fundacion-general-de-la-universidad-de-la-laguna\/","organizer":"Fundaci\u00f3n General de La Universidad de La Laguna","slug":"fundacion-general-de-la-universidad-de-la-laguna","json_ld":{"@type":"Person","name":"Fundaci\u00f3n General de La Universidad de La Laguna","description":"","url":"https:\/\/www.ull.es\/portal\/agenda\/organizador\/fundacion-general-de-la-universidad-de-la-laguna\/","telephone":"","email":"","sameAs":""},"global_id":"www.ull.es\/portal\/agenda?id=1570","global_id_lineage":["www.ull.es\/portal\/agenda?id=1570"]}],"json_ld":{"@context":"http:\/\/schema.org","@type":"Event","name":"Agentes del Cambio por los ODS: desarrollo de proyectos, metodolog\u00edas, y comunicaci\u00f3n social y de g\u00e9nero","description":"&lt;p&gt;Formaci\u00f3n promovida por el Programa Ingenia, el cual es coordinado por la Fundaci\u00f3n General de La Universidad de La Laguna en colaboraci\u00f3n con el \u00c1rea de Educaci\u00f3n, Juventud, Museos, Cultura y Deportes del Cabildo Insular de Tenerife. Este programa financia la ejecuci\u00f3n de proyectos para la resoluci\u00f3n de problemas sociales y medioambientales vinculados con los...&lt;\/p&gt;\\n","image":"https:\/\/www.ull.es\/portal\/agenda\/wp-content\/uploads\/sites\/12\/2023\/04\/BannerODSmayo.png","url":"https:\/\/www.ull.es\/portal\/agenda\/evento\/agentes-del-cambio-por-los-ods-desarrollo-de-proyectos-metodologias-y-comunicacion-social-y-de-genero\/","startDate":"2023-05-03T00:00:00+00:00","endDate":"2023-05-03T23:59:59+00:00","location":{"@type":"Place","name":"Formaci\u00f3n online","description":"","url":"https:\/\/www.ull.es\/portal\/agenda\/local\/curso-online\/","address":{"@type":"PostalAddress"},"telephone":"","sameAs":""},"organizer":{"@type":"Person","name":"Vicerrectorado de Cultura y Extensi\u00f3n Universitaria","description":"","url":"https:\/\/www.ull.es\/portal\/agenda\/organizador\/vicerrectorado-de-relaciones-con-la-sociedad-2\/","telephone":"","email":"","sameAs":""}}}