{"id":32132,"global_id":"www.ull.es\/portal\/agenda?id=32132","global_id_lineage":["www.ull.es\/portal\/agenda?id=32132"],"author":"65","status":"publish","date":"2023-09-22 09:39:17","date_utc":"2023-09-22 09:39:17","modified":"2023-09-25 10:56:59","modified_utc":"2023-09-25 10:56:59","url":"https:\/\/www.ull.es\/portal\/agenda\/evento\/i-cumbre-de-los-consejos-de-estudiantes-de-las-universidades-publicas-de-canarias\/","rest_url":"https:\/\/www.ull.es\/portal\/agenda\/wp-json\/tribe\/events\/v1\/events\/32132","title":"I Cumbre de los Consejos de Estudiantes de las Universidades P\u00fablicas de Canarias","description":"<p class=\"zfr3Q CDt4Ke \" dir=\"ltr\"><span class=\"C9DxTc \">El pr\u00f3ximo 29 y 30 de septiembre se celebrar\u00e1 la I Cumbre de los Consejos de Estudiantes de las Universidades P\u00fablicas de Canarias, donde la ULPGC y la ULL se encontrar\u00e1n para sembrar un precedente de colaboraci\u00f3n por la Educaci\u00f3n Superior P\u00fablica de Canarias y la defensa del estudiantado universitario. Este encuentro\u00a0 busca entablar relaci\u00f3n entre los m\u00e1ximos \u00f3rganos de representaci\u00f3n estudiantiles de ambas universidades, reuniendo a las directivas de los Consejos de Estudiantes y las directivas de las Delegaciones de todas las Facultades, Escuelas y centros adscritos de ambas universidades.<\/span><\/p>\n<p class=\"zfr3Q CDt4Ke \" dir=\"ltr\"><span class=\"C9DxTc \">Los objetivos se materializan en dos acciones concretas. La primera, una serie de formaciones de tem\u00e1tica estudiantil. Y la segunda, una sesi\u00f3n de debate para la redacci\u00f3n de un posterior posicionamiento conjunto.\u00a0<\/span><\/p>\n<p dir=\"ltr\">Para m\u00e1s informaci\u00f3n, pulse este <a href=\"https:\/\/sites.google.com\/ull.edu.es\/icumbreceupca\/inicio?authuser=0\" target=\"_blank\" rel=\"noopener\" target=\"_blank\" rel=\"noopener\">enlace.<\/a><\/p>\n<p dir=\"ltr\"><a href=\"https:\/\/drive.google.com\/file\/d\/1lGZiEGEIpEDmrLnpjom6q1r1sbLZWO6E\/view?usp=sharing\" target=\"_blank\" rel=\"noopener\" target=\"_blank\" rel=\"noopener\">Programa<\/a><\/p>\n<p dir=\"ltr\">","excerpt":"","slug":"i-cumbre-de-los-consejos-de-estudiantes-de-las-universidades-publicas-de-canarias","image":{"url":"https:\/\/www.ull.es\/portal\/agenda\/wp-content\/uploads\/sites\/12\/2023\/09\/I-Cumbre-de-los-Consejos-de-Estudiantes-de-las-Universidades-Publicas-de-Canarias_Banner-Evento-ULL.jpg","id":32179,"extension":"jpg","width":750,"height":370,"filesize":110088,"sizes":{"medium":{"width":300,"height":148,"mime-type":"image\/jpeg","filesize":13164,"url":"https:\/\/www.ull.es\/portal\/agenda\/wp-content\/uploads\/sites\/12\/2023\/09\/I-Cumbre-de-los-Consejos-de-Estudiantes-de-las-Universidades-Publicas-de-Canarias_Banner-Evento-ULL-300x148.jpg"},"thumbnail":{"width":150,"height":150,"mime-type":"image\/jpeg","filesize":6407,"url":"https:\/\/www.ull.es\/portal\/agenda\/wp-content\/uploads\/sites\/12\/2023\/09\/I-Cumbre-de-los-Consejos-de-Estudiantes-de-las-Universidades-Publicas-de-Canarias_Banner-Evento-ULL-150x150.jpg"},"mug-shot":{"width":150,"height":250,"mime-type":"image\/jpeg","filesize":7807,"url":"https:\/\/www.ull.es\/portal\/agenda\/wp-content\/uploads\/sites\/12\/2023\/09\/I-Cumbre-de-los-Consejos-de-Estudiantes-de-las-Universidades-Publicas-de-Canarias_Banner-Evento-ULL-150x250.jpg"},"sidebar":{"width":375,"height":185,"mime-type":"image\/jpeg","filesize":19370,"url":"https:\/\/www.ull.es\/portal\/agenda\/wp-content\/uploads\/sites\/12\/2023\/09\/I-Cumbre-de-los-Consejos-de-Estudiantes-de-las-Universidades-Publicas-de-Canarias_Banner-Evento-ULL-375x185.jpg"},"half":{"width":375,"height":185,"mime-type":"image\/jpeg","filesize":19370,"url":"https:\/\/www.ull.es\/portal\/agenda\/wp-content\/uploads\/sites\/12\/2023\/09\/I-Cumbre-de-los-Consejos-de-Estudiantes-de-las-Universidades-Publicas-de-Canarias_Banner-Evento-ULL-375x185.jpg"},"thimble":{"width":50,"height":50,"mime-type":"image\/jpeg","filesize":1331,"url":"https:\/\/www.ull.es\/portal\/agenda\/wp-content\/uploads\/sites\/12\/2023\/09\/I-Cumbre-de-los-Consejos-de-Estudiantes-de-las-Universidades-Publicas-de-Canarias_Banner-Evento-ULL-50x50.jpg"},"thumbnail-large":{"width":300,"height":300,"mime-type":"image\/jpeg","filesize":19878,"url":"https:\/\/www.ull.es\/portal\/agenda\/wp-content\/uploads\/sites\/12\/2023\/09\/I-Cumbre-de-los-Consejos-de-Estudiantes-de-las-Universidades-Publicas-de-Canarias_Banner-Evento-ULL-300x300.jpg"},"rss":{"width":108,"height":81,"mime-type":"image\/jpeg","filesize":3434,"url":"https:\/\/www.ull.es\/portal\/agenda\/wp-content\/uploads\/sites\/12\/2023\/09\/I-Cumbre-de-los-Consejos-de-Estudiantes-de-las-Universidades-Publicas-de-Canarias_Banner-Evento-ULL-108x81.jpg"}}},"all_day":false,"start_date":"2023-09-29 11:00:00","start_date_details":{"year":"2023","month":"09","day":"29","hour":"11","minutes":"00","seconds":"00"},"end_date":"2023-09-30 14:00:00","end_date_details":{"year":"2023","month":"09","day":"30","hour":"14","minutes":"00","seconds":"00"},"utc_start_date":"2023-09-29 11:00:00","utc_start_date_details":{"year":"2023","month":"09","day":"29","hour":"11","minutes":"00","seconds":"00"},"utc_end_date":"2023-09-30 14:00:00","utc_end_date_details":{"year":"2023","month":"09","day":"30","hour":"14","minutes":"00","seconds":"00"},"timezone":"UTC+0","timezone_abbr":"UTC+0","cost":"","cost_details":{"currency_symbol":"","currency_position":"prefix","values":[]},"website":"","show_map":false,"show_map_link":false,"hide_from_listings":false,"sticky":false,"featured":false,"categories":[{"name":"Consejo de Estudiantes","slug":"consejo-de-estudiantes","term_group":0,"term_taxonomy_id":4886,"taxonomy":"tribe_events_cat","description":"","parent":186,"count":7,"filter":"raw","id":4886,"urls":{"self":"https:\/\/www.ull.es\/portal\/agenda\/wp-json\/tribe\/events\/v1\/categories\/4886","collection":"https:\/\/www.ull.es\/portal\/agenda\/wp-json\/tribe\/events\/v1\/categories","up":"https:\/\/www.ull.es\/portal\/agenda\/wp-json\/tribe\/events\/v1\/categories\/186"}},{"name":"Destacado ULL","slug":"destacado-ull","term_group":0,"term_taxonomy_id":4,"taxonomy":"tribe_events_cat","description":"","parent":0,"count":4572,"filter":"raw","id":4,"urls":{"self":"https:\/\/www.ull.es\/portal\/agenda\/wp-json\/tribe\/events\/v1\/categories\/4","collection":"https:\/\/www.ull.es\/portal\/agenda\/wp-json\/tribe\/events\/v1\/categories"}},{"name":"Perfil Estudiante","slug":"perfil-estudiante","term_group":0,"term_taxonomy_id":186,"taxonomy":"tribe_events_cat","description":"","parent":185,"count":2750,"filter":"raw","id":186,"urls":{"self":"https:\/\/www.ull.es\/portal\/agenda\/wp-json\/tribe\/events\/v1\/categories\/186","collection":"https:\/\/www.ull.es\/portal\/agenda\/wp-json\/tribe\/events\/v1\/categories","up":"https:\/\/www.ull.es\/portal\/agenda\/wp-json\/tribe\/events\/v1\/categories\/185"}},{"name":"Portada ULL","slug":"portada-ull","term_group":0,"term_taxonomy_id":191,"taxonomy":"tribe_events_cat","description":"","parent":0,"count":2104,"filter":"raw","id":191,"urls":{"self":"https:\/\/www.ull.es\/portal\/agenda\/wp-json\/tribe\/events\/v1\/categories\/191","collection":"https:\/\/www.ull.es\/portal\/agenda\/wp-json\/tribe\/events\/v1\/categories"}}],"tags":[],"venue":{"id":11109,"author":"51","status":"publish","date":"2019-03-06 16:06:59","date_utc":"2019-03-06 16:06:59","modified":"2019-03-06 16:06:59","modified_utc":"2019-03-06 16:06:59","url":"https:\/\/www.ull.es\/portal\/agenda\/local\/parlamento-de-canarias\/","venue":"Parlamento de Canarias","slug":"parlamento-de-canarias","address":"Calle Teobaldo Power, 7","city":"Santa Cruz de Tenerife","country":"Espa\u00f1a","province":"Santa Cruz de Tenerife","zip":"38003","stateprovince":"Santa Cruz de Tenerife","json_ld":{"@type":"Place","name":"Parlamento de Canarias","description":"","url":"https:\/\/www.ull.es\/portal\/agenda\/local\/parlamento-de-canarias\/","address":{"@type":"PostalAddress","streetAddress":"Calle Teobaldo Power, 7","addressLocality":"Santa Cruz de Tenerife","addressRegion":"Santa Cruz de Tenerife","postalCode":"38003","addressCountry":"Espa\u00f1a"},"telephone":"","sameAs":""},"show_map":true,"show_map_link":true,"global_id":"www.ull.es\/portal\/agenda?id=11109","global_id_lineage":["www.ull.es\/portal\/agenda?id=11109"]},"organizer":[{"id":23270,"author":"65","status":"publish","date":"2022-03-04 15:06:45","date_utc":"2022-03-04 15:06:45","modified":"2022-03-04 15:06:45","modified_utc":"2022-03-04 15:06:45","url":"https:\/\/www.ull.es\/portal\/agenda\/organizador\/consejo-de-estudiantes-de-la-ull\/","organizer":"Consejo de Estudiantes de la ULL","slug":"consejo-de-estudiantes-de-la-ull","json_ld":{"@type":"Person","name":"Consejo de Estudiantes de la ULL","description":"","url":"https:\/\/www.ull.es\/portal\/agenda\/organizador\/consejo-de-estudiantes-de-la-ull\/","telephone":"","email":"","sameAs":""},"global_id":"www.ull.es\/portal\/agenda?id=23270","global_id_lineage":["www.ull.es\/portal\/agenda?id=23270"]},{"id":32134,"author":"65","status":"publish","date":"2023-09-22 09:39:18","date_utc":"2023-09-22 09:39:18","modified":"2023-09-22 09:39:18","modified_utc":"2023-09-22 09:39:18","url":"https:\/\/www.ull.es\/portal\/agenda\/organizador\/consejo-de-estudiantes-de-la-ulpgc\/","organizer":"Consejo de Estudiantes de la ULPGC","slug":"consejo-de-estudiantes-de-la-ulpgc","phone":"928 45 28 45","website":"https:\/\/cest.ulpgc.es\/","email":"cest@ulpgc.es","json_ld":{"@type":"Person","name":"Consejo de Estudiantes de la ULPGC","description":"","url":"https:\/\/www.ull.es\/portal\/agenda\/organizador\/consejo-de-estudiantes-de-la-ulpgc\/","telephone":"928 45 28 45","email":"&#99;&#101;s&#116;&#64;&#117;lpgc&#46;&#101;&#115;","sameAs":"https:\/\/cest.ulpgc.es\/"},"global_id":"www.ull.es\/portal\/agenda?id=32134","global_id_lineage":["www.ull.es\/portal\/agenda?id=32134"]}],"json_ld":{"@context":"http:\/\/schema.org","@type":"Event","name":"I Cumbre de los Consejos de Estudiantes de las Universidades P\u00fablicas de Canarias","description":"&lt;p&gt;El pr\u00f3ximo 29 y 30 de septiembre se celebrar\u00e1 la I Cumbre de los Consejos de Estudiantes de las Universidades P\u00fablicas de Canarias, donde la ULPGC y la ULL se encontrar\u00e1n para sembrar un precedente de colaboraci\u00f3n por la Educaci\u00f3n Superior P\u00fablica de Canarias y la defensa del estudiantado universitario. Este encuentro\u00a0 busca entablar relaci\u00f3n...&lt;\/p&gt;\\n","image":"https:\/\/www.ull.es\/portal\/agenda\/wp-content\/uploads\/sites\/12\/2023\/09\/I-Cumbre-de-los-Consejos-de-Estudiantes-de-las-Universidades-Publicas-de-Canarias_Banner-Evento-ULL.jpg","url":"https:\/\/www.ull.es\/portal\/agenda\/evento\/i-cumbre-de-los-consejos-de-estudiantes-de-las-universidades-publicas-de-canarias\/","startDate":"2023-09-29T11:00:00+00:00","endDate":"2023-09-30T14:00:00+00:00","location":{"@type":"Place","name":"Parlamento de Canarias","description":"","url":"https:\/\/www.ull.es\/portal\/agenda\/local\/parlamento-de-canarias\/","address":{"@type":"PostalAddress","streetAddress":"Calle Teobaldo Power, 7","addressLocality":"Santa Cruz de Tenerife","addressRegion":"Santa Cruz de Tenerife","postalCode":"38003","addressCountry":"Espa\u00f1a"},"telephone":"","sameAs":""},"organizer":{"@type":"Person","name":"Consejo de Estudiantes de la ULL","description":"","url":"https:\/\/www.ull.es\/portal\/agenda\/organizador\/consejo-de-estudiantes-de-la-ull\/","telephone":"","email":"","sameAs":""}}}