{"id":32531,"global_id":"www.ull.es\/portal\/agenda?id=32531","global_id_lineage":["www.ull.es\/portal\/agenda?id=32531"],"author":"65","status":"publish","date":"2023-10-16 07:50:28","date_utc":"2023-10-16 07:50:28","modified":"2023-10-26 07:38:22","modified_utc":"2023-10-26 07:38:22","url":"https:\/\/www.ull.es\/portal\/agenda\/evento\/exposicion-representaciones-de-las-nuevas-ciudadanias-convivencia-e-integracion-a-traves-del-asociacionismo-migrante\/","rest_url":"https:\/\/www.ull.es\/portal\/agenda\/wp-json\/tribe\/events\/v1\/events\/32531","title":"Exposici\u00f3n. Representaciones de las nuevas ciudadan\u00edas: convivencia e integraci\u00f3n a trav\u00e9s del asociacionismo migrante","description":"<p>La exposici\u00f3n\u00a0<em>\u00abRepresentaciones de las nuevas ciudadan\u00edas: convivencia e integraci\u00f3n a trav\u00e9s del asociacionismo migrante\u00bb<\/em>\u00a0cuenta con trabajos de las personas que han transitado por el mundo para llegar a nuestras islas. Por un lado, tenemos la exposici\u00f3n\u00a0<em>\u00abCon otra mirada\u00bb<\/em>\u00a0del Servicio Atenci\u00f3n a Personas Migrantes del Programa Tenerife Isla Solidaria, la exposici\u00f3n fotogr\u00e1fica de German Maymo\u00a0<em>\u201cUna mirada al Pasado, Parte de mi vida\u201d<\/em>\u00a0y la obra de Oumaima Manchit Laroussi. A estos trabajos se suma una pieza de car\u00e1cter documental sobre organizaciones de personas migrantes de Tenerife. Esta \u00faltima se ha realizado en un proceso participativo dinamizado por la Asociaci\u00f3n Danzarte, con el apoyo de la C\u00e1tedra Globalizaci\u00f3n, Migraciones y Nuevas Ciudadan\u00edas, de la Universidad de La Laguna y Sinpromi.<\/p>","excerpt":"","slug":"exposicion-representaciones-de-las-nuevas-ciudadanias-convivencia-e-integracion-a-traves-del-asociacionismo-migrante","image":{"url":"https:\/\/www.ull.es\/portal\/agenda\/wp-content\/uploads\/sites\/12\/2023\/10\/Representaciones-de-las-nuevas-ciudadanias_Eventos.png","id":32583,"extension":"png","width":751,"height":370,"filesize":192218,"sizes":{"medium":{"width":300,"height":148,"mime-type":"image\/png","filesize":42015,"url":"https:\/\/www.ull.es\/portal\/agenda\/wp-content\/uploads\/sites\/12\/2023\/10\/Representaciones-de-las-nuevas-ciudadanias_Eventos-300x148.png"},"thumbnail":{"width":150,"height":150,"mime-type":"image\/png","filesize":20573,"url":"https:\/\/www.ull.es\/portal\/agenda\/wp-content\/uploads\/sites\/12\/2023\/10\/Representaciones-de-las-nuevas-ciudadanias_Eventos-150x150.png"},"mug-shot":{"width":150,"height":250,"mime-type":"image\/png","filesize":27359,"url":"https:\/\/www.ull.es\/portal\/agenda\/wp-content\/uploads\/sites\/12\/2023\/10\/Representaciones-de-las-nuevas-ciudadanias_Eventos-150x250.png"},"sidebar":{"width":375,"height":185,"mime-type":"image\/png","filesize":60641,"url":"https:\/\/www.ull.es\/portal\/agenda\/wp-content\/uploads\/sites\/12\/2023\/10\/Representaciones-de-las-nuevas-ciudadanias_Eventos-375x185.png"},"half":{"width":375,"height":185,"mime-type":"image\/png","filesize":60641,"url":"https:\/\/www.ull.es\/portal\/agenda\/wp-content\/uploads\/sites\/12\/2023\/10\/Representaciones-de-las-nuevas-ciudadanias_Eventos-375x185.png"},"thimble":{"width":50,"height":50,"mime-type":"image\/png","filesize":3386,"url":"https:\/\/www.ull.es\/portal\/agenda\/wp-content\/uploads\/sites\/12\/2023\/10\/Representaciones-de-las-nuevas-ciudadanias_Eventos-50x50.png"},"thumbnail-large":{"width":300,"height":300,"mime-type":"image\/png","filesize":59846,"url":"https:\/\/www.ull.es\/portal\/agenda\/wp-content\/uploads\/sites\/12\/2023\/10\/Representaciones-de-las-nuevas-ciudadanias_Eventos-300x300.png"},"rss":{"width":108,"height":81,"mime-type":"image\/png","filesize":10475,"url":"https:\/\/www.ull.es\/portal\/agenda\/wp-content\/uploads\/sites\/12\/2023\/10\/Representaciones-de-las-nuevas-ciudadanias_Eventos-108x81.png"}}},"all_day":false,"start_date":"2023-10-23 17:00:00","start_date_details":{"year":"2023","month":"10","day":"23","hour":"17","minutes":"00","seconds":"00"},"end_date":"2023-11-24 19:00:00","end_date_details":{"year":"2023","month":"11","day":"24","hour":"19","minutes":"00","seconds":"00"},"utc_start_date":"2023-10-23 17:00:00","utc_start_date_details":{"year":"2023","month":"10","day":"23","hour":"17","minutes":"00","seconds":"00"},"utc_end_date":"2023-11-24 19:00:00","utc_end_date_details":{"year":"2023","month":"11","day":"24","hour":"19","minutes":"00","seconds":"00"},"timezone":"UTC+0","timezone_abbr":"UTC+0","cost":"","cost_details":{"currency_symbol":"","currency_position":"prefix","values":[]},"website":"","show_map":false,"show_map_link":false,"hide_from_listings":false,"sticky":false,"featured":false,"categories":[{"name":"Aulas y C\u00e1tedras culturales","slug":"aulas-culturales","term_group":0,"term_taxonomy_id":344,"taxonomy":"tribe_events_cat","description":"","parent":0,"count":291,"filter":"raw","id":344,"urls":{"self":"https:\/\/www.ull.es\/portal\/agenda\/wp-json\/tribe\/events\/v1\/categories\/344","collection":"https:\/\/www.ull.es\/portal\/agenda\/wp-json\/tribe\/events\/v1\/categories"}},{"name":"cultura","slug":"cultura","term_group":0,"term_taxonomy_id":3987,"taxonomy":"tribe_events_cat","description":"","parent":0,"count":821,"filter":"raw","id":3987,"urls":{"self":"https:\/\/www.ull.es\/portal\/agenda\/wp-json\/tribe\/events\/v1\/categories\/3987","collection":"https:\/\/www.ull.es\/portal\/agenda\/wp-json\/tribe\/events\/v1\/categories"}},{"name":"Destacado ULL","slug":"destacado-ull","term_group":0,"term_taxonomy_id":4,"taxonomy":"tribe_events_cat","description":"","parent":0,"count":4580,"filter":"raw","id":4,"urls":{"self":"https:\/\/www.ull.es\/portal\/agenda\/wp-json\/tribe\/events\/v1\/categories\/4","collection":"https:\/\/www.ull.es\/portal\/agenda\/wp-json\/tribe\/events\/v1\/categories"}},{"name":"Exposiciones","slug":"exposiciones","term_group":0,"term_taxonomy_id":19,"taxonomy":"tribe_events_cat","description":"","parent":0,"count":125,"filter":"raw","id":19,"urls":{"self":"https:\/\/www.ull.es\/portal\/agenda\/wp-json\/tribe\/events\/v1\/categories\/19","collection":"https:\/\/www.ull.es\/portal\/agenda\/wp-json\/tribe\/events\/v1\/categories"}},{"name":"Globalizaci\u00f3n, migraciones y nuevas ciudadan\u00edas","slug":"globalizacion-migraciones-y-nuevas-ciudadanias","term_group":0,"term_taxonomy_id":3308,"taxonomy":"tribe_events_cat","description":"","parent":344,"count":26,"filter":"raw","id":3308,"urls":{"self":"https:\/\/www.ull.es\/portal\/agenda\/wp-json\/tribe\/events\/v1\/categories\/3308","collection":"https:\/\/www.ull.es\/portal\/agenda\/wp-json\/tribe\/events\/v1\/categories","up":"https:\/\/www.ull.es\/portal\/agenda\/wp-json\/tribe\/events\/v1\/categories\/344"}}],"tags":[],"venue":{"id":3530,"author":"21","status":"publish","date":"2017-10-17 22:32:43","date_utc":"2017-10-17 22:32:43","modified":"2019-11-21 14:18:53","modified_utc":"2019-11-21 14:18:53","url":"https:\/\/www.ull.es\/portal\/agenda\/local\/biblioteca-general-y-de-humanidades\/","venue":"Biblioteca General y de Humanidades","slug":"biblioteca-general-y-de-humanidades","address":"Camino de la Hornera s\/n","city":"San Crist\u00f3bal de La Laguna","province":"Santa Cruz de Tenerife","zip":"38025","phone":"922317830","website":"https:\/\/www.ull.es\/servicios\/biblioteca\/","stateprovince":"Santa Cruz de Tenerife","json_ld":{"@type":"Place","name":"Biblioteca General y de Humanidades","description":"","url":"https:\/\/www.ull.es\/portal\/agenda\/local\/biblioteca-general-y-de-humanidades\/","address":{"@type":"PostalAddress","streetAddress":"Camino de la Hornera s\/n","addressLocality":"San Crist\u00f3bal de La Laguna","addressRegion":"Santa Cruz de Tenerife","postalCode":"38025"},"telephone":"922317830","sameAs":"https:\/\/www.ull.es\/servicios\/biblioteca\/"},"show_map":false,"show_map_link":true,"global_id":"www.ull.es\/portal\/agenda?id=3530","global_id_lineage":["www.ull.es\/portal\/agenda?id=3530"]},"organizer":[{"id":13878,"author":"65","status":"publish","date":"2019-10-08 12:06:07","date_utc":"2019-10-08 12:06:07","modified":"2025-03-28 11:19:54","modified_utc":"2025-03-28 11:19:54","url":"https:\/\/www.ull.es\/portal\/agenda\/organizador\/catedra-cultural-globalizacion-migraciones-y-nuevas-ciudadanias\/","organizer":"C\u00e1tedra Cultural Globalizaci\u00f3n, Migraciones y Nuevas Ciudadan\u00edas","slug":"catedra-cultural-globalizacion-migraciones-y-nuevas-ciudadanias","json_ld":{"@type":"Person","name":"C\u00e1tedra Cultural Globalizaci\u00f3n, Migraciones y Nuevas Ciudadan\u00edas","description":"","url":"https:\/\/www.ull.es\/portal\/agenda\/organizador\/catedra-cultural-globalizacion-migraciones-y-nuevas-ciudadanias\/","telephone":"","email":"","sameAs":""},"global_id":"www.ull.es\/portal\/agenda?id=13878","global_id_lineage":["www.ull.es\/portal\/agenda?id=13878"]}],"json_ld":{"@context":"http:\/\/schema.org","@type":"Event","name":"Exposici\u00f3n. Representaciones de las nuevas ciudadan\u00edas: convivencia e integraci\u00f3n a trav\u00e9s del asociacionismo migrante","description":"&lt;p&gt;La exposici\u00f3n\u00a0&quot;Representaciones de las nuevas ciudadan\u00edas: convivencia e integraci\u00f3n a trav\u00e9s del asociacionismo migrante&quot;\u00a0cuenta con trabajos de las personas que han transitado por el mundo para llegar a nuestras islas. Por un lado, tenemos la exposici\u00f3n\u00a0&quot;Con otra mirada&quot;\u00a0del Servicio Atenci\u00f3n a Personas Migrantes del Programa Tenerife Isla Solidaria, la exposici\u00f3n fotogr\u00e1fica de German Maymo\u00a0\u201cUna mirada...&lt;\/p&gt;\\n","image":"https:\/\/www.ull.es\/portal\/agenda\/wp-content\/uploads\/sites\/12\/2023\/10\/Representaciones-de-las-nuevas-ciudadanias_Eventos.png","url":"https:\/\/www.ull.es\/portal\/agenda\/evento\/exposicion-representaciones-de-las-nuevas-ciudadanias-convivencia-e-integracion-a-traves-del-asociacionismo-migrante\/","startDate":"2023-10-23T17:00:00+00:00","endDate":"2023-11-24T19:00:00+00:00","location":{"@type":"Place","name":"Biblioteca General y de Humanidades","description":"","url":"https:\/\/www.ull.es\/portal\/agenda\/local\/biblioteca-general-y-de-humanidades\/","address":{"@type":"PostalAddress","streetAddress":"Camino de la Hornera s\/n","addressLocality":"San Crist\u00f3bal de La Laguna","addressRegion":"Santa Cruz de Tenerife","postalCode":"38025"},"telephone":"922317830","sameAs":"https:\/\/www.ull.es\/servicios\/biblioteca\/"},"organizer":{"@type":"Person","name":"C\u00e1tedra Cultural Globalizaci\u00f3n, Migraciones y Nuevas Ciudadan\u00edas","description":"","url":"https:\/\/www.ull.es\/portal\/agenda\/organizador\/catedra-cultural-globalizacion-migraciones-y-nuevas-ciudadanias\/","telephone":"","email":"","sameAs":""}}}