{"id":32545,"global_id":"www.ull.es\/portal\/agenda?id=32545","global_id_lineage":["www.ull.es\/portal\/agenda?id=32545"],"author":"43","status":"publish","date":"2023-10-16 11:56:11","date_utc":"2023-10-16 11:56:11","modified":"2023-11-28 14:35:00","modified_utc":"2023-11-28 14:35:00","url":"https:\/\/www.ull.es\/portal\/agenda\/evento\/taller-de-vigilancia-y-control-de-vectores-invasores\/","rest_url":"https:\/\/www.ull.es\/portal\/agenda\/wp-json\/tribe\/events\/v1\/events\/32545","title":"Taller de vigilancia y control de vectores invasores","description":"<p>En la actualidad las enfermedades transmitidas por vectores son una prioridad en Salud P\u00fablica por su emergencia y reemergencia mundial. Esta situaci\u00f3n es consecuencia del cambio de la distribuci\u00f3n de los vectores por causa de factores diversos, entre los que destacamos el transporte de mercanc\u00edas y la globalizaci\u00f3n, siendo \u00e9ste el modo principal de introducci\u00f3n de los mosquitos invasores <em>Aedes aegypti<\/em> y <em>Aedes albopictus<\/em>. En Europa, incluyendo Espa\u00f1a, estas especies invasoras se han establecido en diversos puntos y adem\u00e1s, han sido las responsables de la transmisi\u00f3n de enfermedades emergentes en estas zonas, incluidos episodios de brotes tales como los recientes de dengue. Por todos estos motivos consideramos que el taller propuesto, siendo un punto de encuentro con los mejores expertos en vectores de Espa\u00f1a, cumple de sobremanera con la finalidad de dar a conocer la labor que se est\u00e1 llevando a cabo en Espa\u00f1a, y concretamente en Canarias, de control de vectores de importancia sanitaria.<\/p>\n<p>El curso est\u00e1 dirigido a estudiantes relacionados con las ciencias de la salud, la biomedicina o ciencias m\u00e9dicas, as\u00ed como a los profesionales de los sectores p\u00fablicos y privados implicados en el tema.<\/p>\n<p>Direcci\u00f3n acad\u00e9mica:<\/p>\n<ul>\n<li>Jacob Lorenzo Morales. Profesor Titular del \u00e1rea de Parasitolog\u00eda de la Universidad de La Laguna.<\/li>\n<li>Mar\u00eda Reyes Batlle. Profesora Ayudante Doctora del \u00e1rea de Parasitolog\u00eda de la Universidad de La Laguna.<\/li>\n<\/ul>\n<p>Coordinaci\u00f3n: Jos\u00e9 E. Pi\u00f1ero Barroso. Catedr\u00e1tico del \u00e1rea de Parasitolog\u00eda de la Universidad de La Laguna.<\/p>\n<p><strong>CERTIFICADO DE ASISTENCIA, APTITUD Y RECONOCIMIENTO POR CR\u00c9DITO ECTS<\/strong><\/p>\n<p>La ULL, a trav\u00e9s del Vicerrectorado de Cultura y Extensi\u00f3n Universitaria, emitir\u00e1 un certificado de asistencia a todas aquellas personas que asistan a un m\u00ednimo del 80% de las horas lectivas presenciales. Asimismo, aquellas personas que superen el trabajo aut\u00f3nomo del alumnado, recibir\u00e1n un certificado de asistencia y aprovechamiento, reconocible a su vez por 1 cr\u00e9dito ECTS.<\/p>\n<p><a href=\"https:\/\/sede.fg.ull.es\/es\/curso\/detalle\/a23020270\/taller-de-vigilancia-y-control-de-vectores-invasores\" target=\"_blank\" rel=\"noopener noreferrer\" target=\"_blank\" rel=\"noopener\"><strong><u>M\u00e1s informaci\u00f3n e inscripci\u00f3n aqu\u00ed.<\/u><\/strong><\/a><\/p>\n<p><strong>Contacto: 922 319 616 \/ 922 319 626 \u2013\u00a0<\/strong><a href=\"mailto:extuni@ull.edu.es\" target=\"_blank\" rel=\"noopener\" target=\"_blank\" rel=\"noopener\"><strong>extuni@ull.es<\/strong><\/a><\/p>\n<p>Organiza: <a href=\"https:\/\/www.ciberinfec.es\/\" target=\"_blank\" rel=\"noopener\">CIBERinfec (Ministerio de Ciencia e Innovaci\u00f3n \/ Instituto de Salud Carlos III)<\/a>.<\/p>\n<p>Colabora: <a href=\"https:\/\/funccet.es\/\" target=\"_blank\" rel=\"noopener\" target=\"_blank\" rel=\"noopener\">Fundaci\u00f3n Canaria para el Control de Enfermedades Tropicales (FUNCCET)<\/a>.<\/p>","excerpt":"","slug":"taller-de-vigilancia-y-control-de-vectores-invasores","image":{"url":"https:\/\/www.ull.es\/portal\/agenda\/wp-content\/uploads\/sites\/12\/2023\/10\/BannerCiberInfec.png","id":32686,"extension":"png","width":700,"height":350,"filesize":57646,"sizes":{"medium":{"width":300,"height":150,"mime-type":"image\/png","filesize":22658,"url":"https:\/\/www.ull.es\/portal\/agenda\/wp-content\/uploads\/sites\/12\/2023\/10\/BannerCiberInfec-300x150.png"},"thumbnail":{"width":150,"height":150,"mime-type":"image\/png","filesize":15218,"url":"https:\/\/www.ull.es\/portal\/agenda\/wp-content\/uploads\/sites\/12\/2023\/10\/BannerCiberInfec-150x150.png"},"mug-shot":{"width":150,"height":250,"mime-type":"image\/png","filesize":18328,"url":"https:\/\/www.ull.es\/portal\/agenda\/wp-content\/uploads\/sites\/12\/2023\/10\/BannerCiberInfec-150x250.png"},"sidebar":{"width":375,"height":188,"mime-type":"image\/png","filesize":32022,"url":"https:\/\/www.ull.es\/portal\/agenda\/wp-content\/uploads\/sites\/12\/2023\/10\/BannerCiberInfec-375x188.png"},"half":{"width":375,"height":188,"mime-type":"image\/png","filesize":32022,"url":"https:\/\/www.ull.es\/portal\/agenda\/wp-content\/uploads\/sites\/12\/2023\/10\/BannerCiberInfec-375x188.png"},"thimble":{"width":50,"height":50,"mime-type":"image\/png","filesize":3008,"url":"https:\/\/www.ull.es\/portal\/agenda\/wp-content\/uploads\/sites\/12\/2023\/10\/BannerCiberInfec-50x50.png"},"thumbnail-large":{"width":300,"height":300,"mime-type":"image\/png","filesize":37943,"url":"https:\/\/www.ull.es\/portal\/agenda\/wp-content\/uploads\/sites\/12\/2023\/10\/BannerCiberInfec-300x300.png"},"rss":{"width":108,"height":81,"mime-type":"image\/png","filesize":7722,"url":"https:\/\/www.ull.es\/portal\/agenda\/wp-content\/uploads\/sites\/12\/2023\/10\/BannerCiberInfec-108x81.png"}}},"all_day":true,"start_date":"2023-11-27 00:00:00","start_date_details":{"year":"2023","month":"11","day":"27","hour":"00","minutes":"00","seconds":"00"},"end_date":"2023-11-27 23:59:59","end_date_details":{"year":"2023","month":"11","day":"27","hour":"23","minutes":"59","seconds":"59"},"utc_start_date":"2023-11-27 00:00:00","utc_start_date_details":{"year":"2023","month":"11","day":"27","hour":"00","minutes":"00","seconds":"00"},"utc_end_date":"2023-11-27 23:59:59","utc_end_date_details":{"year":"2023","month":"11","day":"27","hour":"23","minutes":"59","seconds":"59"},"timezone":"UTC+0","timezone_abbr":"UTC+0","cost":"","cost_details":{"currency_symbol":"","currency_position":"prefix","values":[]},"website":"https:\/\/www.ull.es\/cultura\/cursos-extension-universitaria\/","show_map":false,"show_map_link":true,"hide_from_listings":false,"sticky":false,"featured":false,"categories":[{"name":"Actividades de Extensi\u00f3n","slug":"actividades-de-extension","term_group":0,"term_taxonomy_id":472,"taxonomy":"tribe_events_cat","description":"","parent":468,"count":1637,"filter":"raw","id":472,"urls":{"self":"https:\/\/www.ull.es\/portal\/agenda\/wp-json\/tribe\/events\/v1\/categories\/472","collection":"https:\/\/www.ull.es\/portal\/agenda\/wp-json\/tribe\/events\/v1\/categories","up":"https:\/\/www.ull.es\/portal\/agenda\/wp-json\/tribe\/events\/v1\/categories\/468"}},{"name":"Destacado ULL","slug":"destacado-ull","term_group":0,"term_taxonomy_id":4,"taxonomy":"tribe_events_cat","description":"","parent":0,"count":4572,"filter":"raw","id":4,"urls":{"self":"https:\/\/www.ull.es\/portal\/agenda\/wp-json\/tribe\/events\/v1\/categories\/4","collection":"https:\/\/www.ull.es\/portal\/agenda\/wp-json\/tribe\/events\/v1\/categories"}},{"name":"Perfil Estudiante","slug":"perfil-estudiante","term_group":0,"term_taxonomy_id":186,"taxonomy":"tribe_events_cat","description":"","parent":185,"count":2750,"filter":"raw","id":186,"urls":{"self":"https:\/\/www.ull.es\/portal\/agenda\/wp-json\/tribe\/events\/v1\/categories\/186","collection":"https:\/\/www.ull.es\/portal\/agenda\/wp-json\/tribe\/events\/v1\/categories","up":"https:\/\/www.ull.es\/portal\/agenda\/wp-json\/tribe\/events\/v1\/categories\/185"}}],"tags":[{"name":"alumnado ULL","slug":"alumnado-ull","term_group":0,"term_taxonomy_id":4259,"taxonomy":"post_tag","description":"","parent":0,"count":1171,"filter":"raw","id":4259,"urls":{"self":"https:\/\/www.ull.es\/portal\/agenda\/wp-json\/tribe\/events\/v1\/tags\/4259","collection":"https:\/\/www.ull.es\/portal\/agenda\/wp-json\/tribe\/events\/v1\/tags"}},{"name":"Cursos ULL","slug":"cursos-ull","term_group":0,"term_taxonomy_id":977,"taxonomy":"post_tag","description":"","parent":0,"count":1429,"filter":"raw","id":977,"urls":{"self":"https:\/\/www.ull.es\/portal\/agenda\/wp-json\/tribe\/events\/v1\/tags\/977","collection":"https:\/\/www.ull.es\/portal\/agenda\/wp-json\/tribe\/events\/v1\/tags"}},{"name":"Extensi\u00f3n Universitaria ULL","slug":"extension-universitaria-ull","term_group":0,"term_taxonomy_id":3812,"taxonomy":"post_tag","description":"","parent":0,"count":1381,"filter":"raw","id":3812,"urls":{"self":"https:\/\/www.ull.es\/portal\/agenda\/wp-json\/tribe\/events\/v1\/tags\/3812","collection":"https:\/\/www.ull.es\/portal\/agenda\/wp-json\/tribe\/events\/v1\/tags"}},{"name":"Seminarios ULL","slug":"seminarios-ull","term_group":0,"term_taxonomy_id":3751,"taxonomy":"post_tag","description":"","parent":0,"count":1167,"filter":"raw","id":3751,"urls":{"self":"https:\/\/www.ull.es\/portal\/agenda\/wp-json\/tribe\/events\/v1\/tags\/3751","collection":"https:\/\/www.ull.es\/portal\/agenda\/wp-json\/tribe\/events\/v1\/tags"}},{"name":"talleres ULL","slug":"talleres-ull","term_group":0,"term_taxonomy_id":4165,"taxonomy":"post_tag","description":"","parent":0,"count":224,"filter":"raw","id":4165,"urls":{"self":"https:\/\/www.ull.es\/portal\/agenda\/wp-json\/tribe\/events\/v1\/tags\/4165","collection":"https:\/\/www.ull.es\/portal\/agenda\/wp-json\/tribe\/events\/v1\/tags"}}],"venue":{"id":2979,"author":"21","status":"publish","date":"2017-10-04 11:11:54","date_utc":"2017-10-04 11:11:54","modified":"2019-09-19 10:16:37","modified_utc":"2019-09-19 10:16:37","url":"https:\/\/www.ull.es\/portal\/agenda\/local\/salon-de-grados-de-la-seccion-de-farmacia-3\/","venue":"Sal\u00f3n de Grados de la Facultad de Farmacia","slug":"salon-de-grados-de-la-seccion-de-farmacia-3","address":"Campus Anchieta, 4. Apartado 456.","city":"San Crist\u00f3bal de La Laguna","country":"Espa\u00f1a","province":"Santa Cruz de Tenerife","zip":"38200","phone":"(+34) 922 31 84 60","website":"https:\/\/www.ull.es\/centros\/facultad-farmacia\/informacion-general\/","stateprovince":"Santa Cruz de Tenerife","json_ld":{"@type":"Place","name":"Sal\u00f3n de Grados de la Facultad de Farmacia","description":"","url":"https:\/\/www.ull.es\/portal\/agenda\/local\/salon-de-grados-de-la-seccion-de-farmacia-3\/","address":{"@type":"PostalAddress","streetAddress":"Campus Anchieta, 4. Apartado 456.","addressLocality":"San Crist\u00f3bal de La Laguna","addressRegion":"Santa Cruz de Tenerife","postalCode":"38200","addressCountry":"Espa\u00f1a"},"telephone":"(+34) 922 31 84 60","sameAs":"https:\/\/www.ull.es\/centros\/facultad-farmacia\/informacion-general\/"},"show_map":false,"show_map_link":true,"global_id":"www.ull.es\/portal\/agenda?id=2979","global_id_lineage":["www.ull.es\/portal\/agenda?id=2979"]},"organizer":[{"id":1132,"author":"21","status":"publish","date":"2017-03-27 12:15:57","date_utc":"2017-03-27 12:15:57","modified":"2023-05-02 10:28:59","modified_utc":"2023-05-02 10:28:59","url":"https:\/\/www.ull.es\/portal\/agenda\/organizador\/vicerrectorado-de-relaciones-con-la-sociedad-2\/","organizer":"Vicerrectorado de Cultura y Extensi\u00f3n Universitaria","slug":"vicerrectorado-de-relaciones-con-la-sociedad-2","json_ld":{"@type":"Person","name":"Vicerrectorado de Cultura y Extensi\u00f3n Universitaria","description":"","url":"https:\/\/www.ull.es\/portal\/agenda\/organizador\/vicerrectorado-de-relaciones-con-la-sociedad-2\/","telephone":"","email":"","sameAs":""},"global_id":"www.ull.es\/portal\/agenda?id=1132","global_id_lineage":["www.ull.es\/portal\/agenda?id=1132"]}],"json_ld":{"@context":"http:\/\/schema.org","@type":"Event","name":"Taller de vigilancia y control de vectores invasores","description":"&lt;p&gt;En la actualidad las enfermedades transmitidas por vectores son una prioridad en Salud P\u00fablica por su emergencia y reemergencia mundial. Esta situaci\u00f3n es consecuencia del cambio de la distribuci\u00f3n de los vectores por causa de factores diversos, entre los que destacamos el transporte de mercanc\u00edas y la globalizaci\u00f3n, siendo \u00e9ste el modo principal de introducci\u00f3n...&lt;\/p&gt;\\n","image":"https:\/\/www.ull.es\/portal\/agenda\/wp-content\/uploads\/sites\/12\/2023\/10\/BannerCiberInfec.png","url":"https:\/\/www.ull.es\/portal\/agenda\/evento\/taller-de-vigilancia-y-control-de-vectores-invasores\/","startDate":"2023-11-27T00:00:00+00:00","endDate":"2023-11-27T23:59:59+00:00","location":{"@type":"Place","name":"Sal\u00f3n de Grados de la Facultad de Farmacia","description":"","url":"https:\/\/www.ull.es\/portal\/agenda\/local\/salon-de-grados-de-la-seccion-de-farmacia-3\/","address":{"@type":"PostalAddress","streetAddress":"Campus Anchieta, 4. Apartado 456.","addressLocality":"San Crist\u00f3bal de La Laguna","addressRegion":"Santa Cruz de Tenerife","postalCode":"38200","addressCountry":"Espa\u00f1a"},"telephone":"(+34) 922 31 84 60","sameAs":"https:\/\/www.ull.es\/centros\/facultad-farmacia\/informacion-general\/"},"organizer":{"@type":"Person","name":"Vicerrectorado de Cultura y Extensi\u00f3n Universitaria","description":"","url":"https:\/\/www.ull.es\/portal\/agenda\/organizador\/vicerrectorado-de-relaciones-con-la-sociedad-2\/","telephone":"","email":"","sameAs":""}}}