{"id":32633,"global_id":"www.ull.es\/portal\/agenda?id=32633","global_id_lineage":["www.ull.es\/portal\/agenda?id=32633"],"author":"43","status":"publish","date":"2023-10-23 12:14:18","date_utc":"2023-10-23 12:14:18","modified":"2023-11-07 09:32:16","modified_utc":"2023-11-07 09:32:16","url":"https:\/\/www.ull.es\/portal\/agenda\/evento\/jornadas-de-sensibilizacion-a-la-cooperacion-ods-salud-mundial-y-movimientos-migratorios-en-canarias\/","rest_url":"https:\/\/www.ull.es\/portal\/agenda\/wp-json\/tribe\/events\/v1\/events\/32633","title":"Jornadas de Sensibilizaci\u00f3n a la Cooperaci\u00f3n: ODS, Salud mundial y Movimientos migratorios en Canarias","description":"<p>Las Jornadas de Sensibilizaci\u00f3n a la Cooperaci\u00f3n: ODS, Salud mundial y Movimientos migratorios en Canarias, se presentan como un espacio de reflexi\u00f3n sobre la cooperaci\u00f3n incidiendo en los retos actuales vinculados a la salud y los movimientos migratorios. Se llevar\u00e1 a cabo en dos sesiones por medio de ponencias, talleres y mesas redondas, adquiriendo as\u00ed un enfoque te\u00f3rico y pr\u00e1ctico id\u00f3neo para promover las competencias en el alumnado.<\/p>\n<p>El prop\u00f3sito general es sensibilizar y capacitar al colectivo universitario hacia la cooperaci\u00f3n, abordando las problem\u00e1ticas de salud -mundial y en el entorno- y de los movimientos migratorios en Canarias (incluyendo vulneraci\u00f3n, exclusi\u00f3n social, racismo y xenofobia), bajo la perspectiva transversal de los ODS y, en particular, de la igualdad de g\u00e9nero.<\/p>\n<p>Como objetivos espec\u00edficos:<\/p>\n<ul>\n<li>Debatir sobre la situaci\u00f3n actual de salud en nuestro entorno y en el mundo.<\/li>\n<li>Reflexionar sobre los ODS 2030 vinculados a la migraci\u00f3n y a la salud.<\/li>\n<li>Mostrar los retos de la salud ahora y en el futuro.<\/li>\n<li>Reflexionar y debatir sobre la problem\u00e1tica migratoria en Canarias.<\/li>\n<li>Mostrar posibles actuaciones de cambio y compromiso de los Estados y de la sociedad civil.<\/li>\n<li>Motivar a los asistentes para que participen en este tipo de actividades de cooperaci\u00f3n, ya sea como voluntarios o como profesionales.<\/li>\n<li>Facilitar a los participantes interesados la formaci\u00f3n pr\u00e1ctica en alguna ONG.<\/li>\n<\/ul>\n<p>Dirigido al alumnado, PDI y PAS de la Universidad de La Laguna y p\u00fablico en general interesado en la tem\u00e1tica de las jornadas.<\/p>\n<p>Direcci\u00f3n acad\u00e9mica:<\/p>\n<ul>\n<li>M\u00edriam \u00c1lvarez Lorenzo. Profesora Contratada Doctora. Departamento de Ciencias de la Comunicaci\u00f3n y Trabajo Social de la Universidad de La Laguna.<\/li>\n<li>Pilar Garrido Martin. Profesora Contratada Doctora ACCUUE \/ Venia Docendi \/ Profesora Ayudante doctora ANECA. Doctora en Medicina y Cirug\u00eda Jefa Secci\u00f3n Cirug\u00eda Cardiovascular HUC. Vicepresidenta 2\u00ba de M\u00e9dicos del Mundo Espa\u00f1a. Vocal de movimientos migratorios. M\u00e1ster en Cooperaci\u00f3n y Acci\u00f3n Humanitaria.<\/li>\n<\/ul>\n<p><strong>CERTIFICADO DE ASISTENCIA, APTITUD Y RECONOCIMIENTO POR CR\u00c9DITO ECTS<\/strong><\/p>\n<p>La ULL, a trav\u00e9s del Vicerrectorado de Cultura y Extensi\u00f3n Universitaria, emitir\u00e1 un certificado de asistencia a todas aquellas personas que asistan a un m\u00ednimo del 80% de las horas lectivas presenciales. Asimismo, aquellas personas que superen el trabajo aut\u00f3nomo del alumnado, recibir\u00e1n un certificado de asistencia y aprovechamiento, reconocible a su vez por un cr\u00e9dito ECTS.<\/p>\n<p><a href=\"https:\/\/sede.fg.ull.es\/es\/curso\/detalle\/a23020282\/jornadas-de-sensibilizacion-a-la-cooperacion-ods-salud-mundial-y-movimientos-migratorios-en-canarias\" target=\"_blank\" rel=\"noopener noreferrer\" target=\"_blank\" rel=\"noopener\"><strong><u>M\u00e1s informaci\u00f3n e inscripci\u00f3n aqu\u00ed.<\/u><\/strong><\/a><\/p>\n<p><strong>Contacto: 922 319 626 \/ 922 319 616 \u2013\u00a0<\/strong><a href=\"mailto:extuni@ull.edu.es\" target=\"_blank\" rel=\"noopener\" target=\"_blank\" rel=\"noopener\"><strong>extuni@ull.es<\/strong><\/a><\/p>\n<p>Organiza: Vicerrectorado de Internacionalizaci\u00f3n y Cooperaci\u00f3n.<\/p>\n<p>Colaboran: Vicerrectorado de Cultura y Extensi\u00f3n Universitaria, Centro de Estudios sobre Desigualdad y Gobernanza (CEDESOG) y el Cabildo Insular de Tenerife \u2013 Acci\u00f3n Exterior.<\/p>","excerpt":"","slug":"jornadas-de-sensibilizacion-a-la-cooperacion-ods-salud-mundial-y-movimientos-migratorios-en-canarias","image":{"url":"https:\/\/www.ull.es\/portal\/agenda\/wp-content\/uploads\/sites\/12\/2023\/10\/BannerMigraciones-1.png","id":32894,"extension":"png","width":700,"height":350,"filesize":139471,"sizes":{"medium":{"width":300,"height":150,"mime-type":"image\/png","filesize":42856,"url":"https:\/\/www.ull.es\/portal\/agenda\/wp-content\/uploads\/sites\/12\/2023\/10\/BannerMigraciones-1-300x150.png"},"thumbnail":{"width":150,"height":150,"mime-type":"image\/png","filesize":17750,"url":"https:\/\/www.ull.es\/portal\/agenda\/wp-content\/uploads\/sites\/12\/2023\/10\/BannerMigraciones-1-150x150.png"},"mug-shot":{"width":150,"height":250,"mime-type":"image\/png","filesize":16529,"url":"https:\/\/www.ull.es\/portal\/agenda\/wp-content\/uploads\/sites\/12\/2023\/10\/BannerMigraciones-1-150x250.png"},"sidebar":{"width":375,"height":188,"mime-type":"image\/png","filesize":62345,"url":"https:\/\/www.ull.es\/portal\/agenda\/wp-content\/uploads\/sites\/12\/2023\/10\/BannerMigraciones-1-375x188.png"},"half":{"width":375,"height":188,"mime-type":"image\/png","filesize":62345,"url":"https:\/\/www.ull.es\/portal\/agenda\/wp-content\/uploads\/sites\/12\/2023\/10\/BannerMigraciones-1-375x188.png"},"thimble":{"width":50,"height":50,"mime-type":"image\/png","filesize":2986,"url":"https:\/\/www.ull.es\/portal\/agenda\/wp-content\/uploads\/sites\/12\/2023\/10\/BannerMigraciones-1-50x50.png"},"thumbnail-large":{"width":300,"height":300,"mime-type":"image\/png","filesize":51568,"url":"https:\/\/www.ull.es\/portal\/agenda\/wp-content\/uploads\/sites\/12\/2023\/10\/BannerMigraciones-1-300x300.png"},"rss":{"width":108,"height":81,"mime-type":"image\/png","filesize":10326,"url":"https:\/\/www.ull.es\/portal\/agenda\/wp-content\/uploads\/sites\/12\/2023\/10\/BannerMigraciones-1-108x81.png"}}},"all_day":true,"start_date":"2023-11-13 00:00:00","start_date_details":{"year":"2023","month":"11","day":"13","hour":"00","minutes":"00","seconds":"00"},"end_date":"2023-11-13 23:59:59","end_date_details":{"year":"2023","month":"11","day":"13","hour":"23","minutes":"59","seconds":"59"},"utc_start_date":"2023-11-13 00:00:00","utc_start_date_details":{"year":"2023","month":"11","day":"13","hour":"00","minutes":"00","seconds":"00"},"utc_end_date":"2023-11-13 23:59:59","utc_end_date_details":{"year":"2023","month":"11","day":"13","hour":"23","minutes":"59","seconds":"59"},"timezone":"UTC+0","timezone_abbr":"UTC+0","cost":"","cost_details":{"currency_symbol":"","currency_position":"prefix","values":[]},"website":"https:\/\/www.ull.es\/cultura\/cursos-extension-universitaria\/","show_map":false,"show_map_link":true,"hide_from_listings":false,"sticky":false,"featured":false,"categories":[{"name":"Actividades de Extensi\u00f3n","slug":"actividades-de-extension","term_group":0,"term_taxonomy_id":472,"taxonomy":"tribe_events_cat","description":"","parent":468,"count":1637,"filter":"raw","id":472,"urls":{"self":"https:\/\/www.ull.es\/portal\/agenda\/wp-json\/tribe\/events\/v1\/categories\/472","collection":"https:\/\/www.ull.es\/portal\/agenda\/wp-json\/tribe\/events\/v1\/categories","up":"https:\/\/www.ull.es\/portal\/agenda\/wp-json\/tribe\/events\/v1\/categories\/468"}},{"name":"Centro de Estudios Universitarios de Desigualdad Social y Gobernanza","slug":"centro-de-estudios-universitarios-de-desigualdad-social-y-gobernanza","term_group":0,"term_taxonomy_id":1479,"taxonomy":"tribe_events_cat","description":"","parent":839,"count":7,"filter":"raw","id":1479,"urls":{"self":"https:\/\/www.ull.es\/portal\/agenda\/wp-json\/tribe\/events\/v1\/categories\/1479","collection":"https:\/\/www.ull.es\/portal\/agenda\/wp-json\/tribe\/events\/v1\/categories","up":"https:\/\/www.ull.es\/portal\/agenda\/wp-json\/tribe\/events\/v1\/categories\/839"}},{"name":"Destacado ULL","slug":"destacado-ull","term_group":0,"term_taxonomy_id":4,"taxonomy":"tribe_events_cat","description":"","parent":0,"count":4572,"filter":"raw","id":4,"urls":{"self":"https:\/\/www.ull.es\/portal\/agenda\/wp-json\/tribe\/events\/v1\/categories\/4","collection":"https:\/\/www.ull.es\/portal\/agenda\/wp-json\/tribe\/events\/v1\/categories"}},{"name":"Facultad de Ciencias de la Salud","slug":"facultad-de-ciencias-de-la-salud","term_group":0,"term_taxonomy_id":1090,"taxonomy":"tribe_events_cat","description":"","parent":788,"count":167,"filter":"raw","id":1090,"urls":{"self":"https:\/\/www.ull.es\/portal\/agenda\/wp-json\/tribe\/events\/v1\/categories\/1090","collection":"https:\/\/www.ull.es\/portal\/agenda\/wp-json\/tribe\/events\/v1\/categories","up":"https:\/\/www.ull.es\/portal\/agenda\/wp-json\/tribe\/events\/v1\/categories\/788"}},{"name":"Perfil Estudiante","slug":"perfil-estudiante","term_group":0,"term_taxonomy_id":186,"taxonomy":"tribe_events_cat","description":"","parent":185,"count":2750,"filter":"raw","id":186,"urls":{"self":"https:\/\/www.ull.es\/portal\/agenda\/wp-json\/tribe\/events\/v1\/categories\/186","collection":"https:\/\/www.ull.es\/portal\/agenda\/wp-json\/tribe\/events\/v1\/categories","up":"https:\/\/www.ull.es\/portal\/agenda\/wp-json\/tribe\/events\/v1\/categories\/185"}},{"name":"Portada ULL","slug":"portada-ull","term_group":0,"term_taxonomy_id":191,"taxonomy":"tribe_events_cat","description":"","parent":0,"count":2104,"filter":"raw","id":191,"urls":{"self":"https:\/\/www.ull.es\/portal\/agenda\/wp-json\/tribe\/events\/v1\/categories\/191","collection":"https:\/\/www.ull.es\/portal\/agenda\/wp-json\/tribe\/events\/v1\/categories"}}],"tags":[{"name":"cooperaci\u00f3n ULL","slug":"cooperacion-ull","term_group":0,"term_taxonomy_id":4890,"taxonomy":"post_tag","description":"","parent":0,"count":2,"filter":"raw","id":4890,"urls":{"self":"https:\/\/www.ull.es\/portal\/agenda\/wp-json\/tribe\/events\/v1\/tags\/4890","collection":"https:\/\/www.ull.es\/portal\/agenda\/wp-json\/tribe\/events\/v1\/tags"}},{"name":"Cursos ULL","slug":"cursos-ull","term_group":0,"term_taxonomy_id":977,"taxonomy":"post_tag","description":"","parent":0,"count":1429,"filter":"raw","id":977,"urls":{"self":"https:\/\/www.ull.es\/portal\/agenda\/wp-json\/tribe\/events\/v1\/tags\/977","collection":"https:\/\/www.ull.es\/portal\/agenda\/wp-json\/tribe\/events\/v1\/tags"}},{"name":"Extensi\u00f3n Universitaria ULL","slug":"extension-universitaria-ull","term_group":0,"term_taxonomy_id":3812,"taxonomy":"post_tag","description":"","parent":0,"count":1381,"filter":"raw","id":3812,"urls":{"self":"https:\/\/www.ull.es\/portal\/agenda\/wp-json\/tribe\/events\/v1\/tags\/3812","collection":"https:\/\/www.ull.es\/portal\/agenda\/wp-json\/tribe\/events\/v1\/tags"}},{"name":"jornadas ULL","slug":"jornadas-ull","term_group":0,"term_taxonomy_id":4770,"taxonomy":"post_tag","description":"","parent":0,"count":10,"filter":"raw","id":4770,"urls":{"self":"https:\/\/www.ull.es\/portal\/agenda\/wp-json\/tribe\/events\/v1\/tags\/4770","collection":"https:\/\/www.ull.es\/portal\/agenda\/wp-json\/tribe\/events\/v1\/tags"}},{"name":"movimientos migratorios","slug":"movimientos-migratorios","term_group":0,"term_taxonomy_id":4891,"taxonomy":"post_tag","description":"","parent":0,"count":1,"filter":"raw","id":4891,"urls":{"self":"https:\/\/www.ull.es\/portal\/agenda\/wp-json\/tribe\/events\/v1\/tags\/4891","collection":"https:\/\/www.ull.es\/portal\/agenda\/wp-json\/tribe\/events\/v1\/tags"}},{"name":"ODS","slug":"ods","term_group":0,"term_taxonomy_id":1132,"taxonomy":"post_tag","description":"","parent":0,"count":46,"filter":"raw","id":1132,"urls":{"self":"https:\/\/www.ull.es\/portal\/agenda\/wp-json\/tribe\/events\/v1\/tags\/1132","collection":"https:\/\/www.ull.es\/portal\/agenda\/wp-json\/tribe\/events\/v1\/tags"}},{"name":"Seminarios ULL","slug":"seminarios-ull","term_group":0,"term_taxonomy_id":3751,"taxonomy":"post_tag","description":"","parent":0,"count":1167,"filter":"raw","id":3751,"urls":{"self":"https:\/\/www.ull.es\/portal\/agenda\/wp-json\/tribe\/events\/v1\/tags\/3751","collection":"https:\/\/www.ull.es\/portal\/agenda\/wp-json\/tribe\/events\/v1\/tags"}}],"venue":{"id":346,"author":"21","status":"publish","date":"2017-02-16 10:42:39","date_utc":"2017-02-16 10:42:39","modified":"2023-11-20 08:54:27","modified_utc":"2023-11-20 08:54:27","url":"https:\/\/www.ull.es\/portal\/agenda\/local\/sala-tomas-y-valiente-de-la-facultad-de-derecho\/","venue":"Sala Tom\u00e1s y Valiente de la Facultad de Derecho","slug":"sala-tomas-y-valiente-de-la-facultad-de-derecho","address":"Campus de Guajara","city":"San Crist\u00f3bal de La Laguna","country":"Espa\u00f1a","province":"Santa Cruz de Tenerife","zip":"38200","stateprovince":"Santa Cruz de Tenerife","json_ld":{"@type":"Place","name":"Sala Tom\u00e1s y Valiente de la Facultad de Derecho","description":"","url":"https:\/\/www.ull.es\/portal\/agenda\/local\/sala-tomas-y-valiente-de-la-facultad-de-derecho\/","address":{"@type":"PostalAddress","streetAddress":"Campus de Guajara","addressLocality":"San Crist\u00f3bal de La Laguna","addressRegion":"Santa Cruz de Tenerife","postalCode":"38200","addressCountry":"Espa\u00f1a"},"telephone":"","sameAs":""},"show_map":false,"show_map_link":true,"global_id":"www.ull.es\/portal\/agenda?id=346","global_id_lineage":["www.ull.es\/portal\/agenda?id=346"]},"organizer":[{"id":1132,"author":"21","status":"publish","date":"2017-03-27 12:15:57","date_utc":"2017-03-27 12:15:57","modified":"2023-05-02 10:28:59","modified_utc":"2023-05-02 10:28:59","url":"https:\/\/www.ull.es\/portal\/agenda\/organizador\/vicerrectorado-de-relaciones-con-la-sociedad-2\/","organizer":"Vicerrectorado de Cultura y Extensi\u00f3n Universitaria","slug":"vicerrectorado-de-relaciones-con-la-sociedad-2","json_ld":{"@type":"Person","name":"Vicerrectorado de Cultura y Extensi\u00f3n Universitaria","description":"","url":"https:\/\/www.ull.es\/portal\/agenda\/organizador\/vicerrectorado-de-relaciones-con-la-sociedad-2\/","telephone":"","email":"","sameAs":""},"global_id":"www.ull.es\/portal\/agenda?id=1132","global_id_lineage":["www.ull.es\/portal\/agenda?id=1132"]},{"id":1666,"author":"21","status":"publish","date":"2017-06-01 09:23:19","date_utc":"2017-06-01 09:23:19","modified":"2023-09-27 10:11:34","modified_utc":"2023-09-27 10:11:34","url":"https:\/\/www.ull.es\/portal\/agenda\/organizador\/vicerrectorado-de-internacionalizacion\/","organizer":"Vicerrectorado de Internacionalizaci\u00f3n y Cooperaci\u00f3n","slug":"vicerrectorado-de-internacionalizacion","phone":"(+34) 922 31 96 32","website":"https:\/\/www.ull.es\/la-universidad\/equipo-gobierno\/vicerrectorado-proyeccion-internacionalizacion-cooperacion\/","email":"vicerrectorado.internacional@ull.es","json_ld":{"@type":"Person","name":"Vicerrectorado de Internacionalizaci\u00f3n y Cooperaci\u00f3n","description":"","url":"https:\/\/www.ull.es\/portal\/agenda\/organizador\/vicerrectorado-de-internacionalizacion\/","telephone":"(+34) 922 31 96 32","email":"&#118;&#105;&#99;&#101;rr&#101;&#99;to&#114;ado&#46;&#105;nt&#101;rn&#97;&#99;&#105;&#111;&#110;&#97;&#108;&#64;&#117;&#108;&#108;&#46;es","sameAs":"https:\/\/www.ull.es\/la-universidad\/equipo-gobierno\/vicerrectorado-proyeccion-internacionalizacion-cooperacion\/"},"global_id":"www.ull.es\/portal\/agenda?id=1666","global_id_lineage":["www.ull.es\/portal\/agenda?id=1666"]}],"json_ld":{"@context":"http:\/\/schema.org","@type":"Event","name":"Jornadas de Sensibilizaci\u00f3n a la Cooperaci\u00f3n: ODS, Salud mundial y Movimientos migratorios en Canarias","description":"&lt;p&gt;Las Jornadas de Sensibilizaci\u00f3n a la Cooperaci\u00f3n: ODS, Salud mundial y Movimientos migratorios en Canarias, se presentan como un espacio de reflexi\u00f3n sobre la cooperaci\u00f3n incidiendo en los retos actuales vinculados a la salud y los movimientos migratorios. Se llevar\u00e1 a cabo en dos sesiones por medio de ponencias, talleres y mesas redondas, adquiriendo as\u00ed...&lt;\/p&gt;\\n","image":"https:\/\/www.ull.es\/portal\/agenda\/wp-content\/uploads\/sites\/12\/2023\/10\/BannerMigraciones-1.png","url":"https:\/\/www.ull.es\/portal\/agenda\/evento\/jornadas-de-sensibilizacion-a-la-cooperacion-ods-salud-mundial-y-movimientos-migratorios-en-canarias\/","startDate":"2023-11-13T00:00:00+00:00","endDate":"2023-11-13T23:59:59+00:00","location":{"@type":"Place","name":"Sala Tom\u00e1s y Valiente de la Facultad de Derecho","description":"","url":"https:\/\/www.ull.es\/portal\/agenda\/local\/sala-tomas-y-valiente-de-la-facultad-de-derecho\/","address":{"@type":"PostalAddress","streetAddress":"Campus de Guajara","addressLocality":"San Crist\u00f3bal de La Laguna","addressRegion":"Santa Cruz de Tenerife","postalCode":"38200","addressCountry":"Espa\u00f1a"},"telephone":"","sameAs":""},"organizer":{"@type":"Person","name":"Vicerrectorado de Cultura y Extensi\u00f3n Universitaria","description":"","url":"https:\/\/www.ull.es\/portal\/agenda\/organizador\/vicerrectorado-de-relaciones-con-la-sociedad-2\/","telephone":"","email":"","sameAs":""}}}