{"id":32962,"global_id":"www.ull.es\/portal\/agenda?id=32962","global_id_lineage":["www.ull.es\/portal\/agenda?id=32962"],"author":"65","status":"publish","date":"2023-11-09 14:29:06","date_utc":"2023-11-09 14:29:06","modified":"2023-12-12 12:27:33","modified_utc":"2023-12-12 12:27:33","url":"https:\/\/www.ull.es\/portal\/agenda\/evento\/xxvi-semana-de-historia-de-america\/","rest_url":"https:\/\/www.ull.es\/portal\/agenda\/wp-json\/tribe\/events\/v1\/events\/32962","title":"XXVI Semana de Historia de Am\u00e9rica","description":"<p>La c\u00e1tedra Francisco de Miranda de la Universidad de La Laguna, coordinada por el catedr\u00e1tico de historia de Am\u00e9rica y el instituto de Estudios Hisp\u00e1nicos de Canarias, celebra en su sede del Puerto de la Cruz la XXVI Semana de Historia de Am\u00e9rica los d\u00edas 11, 12 y 13 de diciembre. Este encuentro que\u00a0 est\u00e1 dedicado a las relaciones entre Canarias y Am\u00e9rica, se centrar\u00e1\u00a0 en esta edici\u00f3n en temas como el asociacionismo espa\u00f1ol en Am\u00e9rica, la esclavitud en Tenerife y su relaci\u00f3n con Am\u00e9rica y la emigraci\u00f3n canaria a Puerto Rico.<\/p>\n<p><a href=\"https:\/\/drive.google.com\/file\/d\/1K0o8Zue37JidQNjgc1udXYDHnwMUE_JD\/view?usp=drive_link\" target=\"_blank\" rel=\"noopener\" target=\"_blank\" rel=\"noopener\">Programa<\/a><\/p>","excerpt":"","slug":"xxvi-semana-de-historia-de-america","image":{"url":"https:\/\/www.ull.es\/portal\/agenda\/wp-content\/uploads\/sites\/12\/2023\/11\/XXVI-Semana-de-Historia-de-America_Banner-eventos.png","id":32993,"extension":"png","width":750,"height":370,"filesize":44304,"sizes":{"medium":{"width":300,"height":148,"mime-type":"image\/png","filesize":26534,"url":"https:\/\/www.ull.es\/portal\/agenda\/wp-content\/uploads\/sites\/12\/2023\/11\/XXVI-Semana-de-Historia-de-America_Banner-eventos-300x148.png"},"thumbnail":{"width":150,"height":150,"mime-type":"image\/png","filesize":14006,"url":"https:\/\/www.ull.es\/portal\/agenda\/wp-content\/uploads\/sites\/12\/2023\/11\/XXVI-Semana-de-Historia-de-America_Banner-eventos-150x150.png"},"mug-shot":{"width":150,"height":250,"mime-type":"image\/png","filesize":13377,"url":"https:\/\/www.ull.es\/portal\/agenda\/wp-content\/uploads\/sites\/12\/2023\/11\/XXVI-Semana-de-Historia-de-America_Banner-eventos-150x250.png"},"sidebar":{"width":375,"height":185,"mime-type":"image\/png","filesize":35607,"url":"https:\/\/www.ull.es\/portal\/agenda\/wp-content\/uploads\/sites\/12\/2023\/11\/XXVI-Semana-de-Historia-de-America_Banner-eventos-375x185.png"},"half":{"width":375,"height":185,"mime-type":"image\/png","filesize":35607,"url":"https:\/\/www.ull.es\/portal\/agenda\/wp-content\/uploads\/sites\/12\/2023\/11\/XXVI-Semana-de-Historia-de-America_Banner-eventos-375x185.png"},"thimble":{"width":50,"height":50,"mime-type":"image\/png","filesize":2871,"url":"https:\/\/www.ull.es\/portal\/agenda\/wp-content\/uploads\/sites\/12\/2023\/11\/XXVI-Semana-de-Historia-de-America_Banner-eventos-50x50.png"},"thumbnail-large":{"width":300,"height":300,"mime-type":"image\/png","filesize":32358,"url":"https:\/\/www.ull.es\/portal\/agenda\/wp-content\/uploads\/sites\/12\/2023\/11\/XXVI-Semana-de-Historia-de-America_Banner-eventos-300x300.png"},"rss":{"width":108,"height":81,"mime-type":"image\/png","filesize":7681,"url":"https:\/\/www.ull.es\/portal\/agenda\/wp-content\/uploads\/sites\/12\/2023\/11\/XXVI-Semana-de-Historia-de-America_Banner-eventos-108x81.png"}}},"all_day":false,"start_date":"2023-12-11 19:00:00","start_date_details":{"year":"2023","month":"12","day":"11","hour":"19","minutes":"00","seconds":"00"},"end_date":"2023-12-13 21:00:00","end_date_details":{"year":"2023","month":"12","day":"13","hour":"21","minutes":"00","seconds":"00"},"utc_start_date":"2023-12-11 19:00:00","utc_start_date_details":{"year":"2023","month":"12","day":"11","hour":"19","minutes":"00","seconds":"00"},"utc_end_date":"2023-12-13 21:00:00","utc_end_date_details":{"year":"2023","month":"12","day":"13","hour":"21","minutes":"00","seconds":"00"},"timezone":"UTC+0","timezone_abbr":"UTC+0","cost":"","cost_details":{"currency_symbol":"","currency_position":"prefix","values":[]},"website":"","show_map":false,"show_map_link":false,"hide_from_listings":false,"sticky":false,"featured":false,"categories":[{"name":"cultura","slug":"cultura","term_group":0,"term_taxonomy_id":3987,"taxonomy":"tribe_events_cat","description":"","parent":0,"count":819,"filter":"raw","id":3987,"urls":{"self":"https:\/\/www.ull.es\/portal\/agenda\/wp-json\/tribe\/events\/v1\/categories\/3987","collection":"https:\/\/www.ull.es\/portal\/agenda\/wp-json\/tribe\/events\/v1\/categories"}},{"name":"Cursos de Aulas y C\u00e1tedras Culturales","slug":"cursos-de-aulas-y-catedras-culturales","term_group":0,"term_taxonomy_id":471,"taxonomy":"tribe_events_cat","description":"","parent":468,"count":620,"filter":"raw","id":471,"urls":{"self":"https:\/\/www.ull.es\/portal\/agenda\/wp-json\/tribe\/events\/v1\/categories\/471","collection":"https:\/\/www.ull.es\/portal\/agenda\/wp-json\/tribe\/events\/v1\/categories","up":"https:\/\/www.ull.es\/portal\/agenda\/wp-json\/tribe\/events\/v1\/categories\/468"}},{"name":"Destacado ULL","slug":"destacado-ull","term_group":0,"term_taxonomy_id":4,"taxonomy":"tribe_events_cat","description":"","parent":0,"count":4572,"filter":"raw","id":4,"urls":{"self":"https:\/\/www.ull.es\/portal\/agenda\/wp-json\/tribe\/events\/v1\/categories\/4","collection":"https:\/\/www.ull.es\/portal\/agenda\/wp-json\/tribe\/events\/v1\/categories"}},{"name":"Facultad de Humanidades","slug":"facultad-humanidades","term_group":0,"term_taxonomy_id":985,"taxonomy":"tribe_events_cat","description":"","parent":788,"count":354,"filter":"raw","id":985,"urls":{"self":"https:\/\/www.ull.es\/portal\/agenda\/wp-json\/tribe\/events\/v1\/categories\/985","collection":"https:\/\/www.ull.es\/portal\/agenda\/wp-json\/tribe\/events\/v1\/categories","up":"https:\/\/www.ull.es\/portal\/agenda\/wp-json\/tribe\/events\/v1\/categories\/788"}}],"tags":[],"venue":{"id":21830,"author":"65","status":"publish","date":"2021-11-15 13:17:15","date_utc":"2021-11-15 13:17:15","modified":"2021-11-15 13:17:15","modified_utc":"2021-11-15 13:17:15","url":"https:\/\/www.ull.es\/portal\/agenda\/local\/sede-del-instituto-de-estudios-hispanicos-de-canarias\/","venue":"Sede del Instituto de Estudios Hisp\u00e1nicos de Canarias","slug":"sede-del-instituto-de-estudios-hispanicos-de-canarias","address":"Calle Quintana n\u00ba18","city":"Puerto de la Cruz","country":"Espa\u00f1a","province":"Santa Cruz de Tenerife","website":"http:\/\/www.iehcan.com\/","stateprovince":"Santa Cruz de Tenerife","json_ld":{"@type":"Place","name":"Sede del Instituto de Estudios Hisp\u00e1nicos de Canarias","description":"","url":"https:\/\/www.ull.es\/portal\/agenda\/local\/sede-del-instituto-de-estudios-hispanicos-de-canarias\/","address":{"@type":"PostalAddress","streetAddress":"Calle Quintana n\u00ba18","addressLocality":"Puerto de la Cruz","addressRegion":"Santa Cruz de Tenerife","addressCountry":"Espa\u00f1a"},"telephone":"","sameAs":"http:\/\/www.iehcan.com\/"},"show_map":true,"show_map_link":true,"global_id":"www.ull.es\/portal\/agenda?id=21830","global_id_lineage":["www.ull.es\/portal\/agenda?id=21830"]},"organizer":[{"id":21831,"author":"65","status":"publish","date":"2021-11-15 13:17:15","date_utc":"2021-11-15 13:17:15","modified":"2021-11-15 13:17:15","modified_utc":"2021-11-15 13:17:15","url":"https:\/\/www.ull.es\/portal\/agenda\/organizador\/catedra-cultural-francisco-de-miranda\/","organizer":"C\u00e1tedra Cultural Francisco de Miranda","slug":"catedra-cultural-francisco-de-miranda","website":"https:\/\/www.ull.es\/portal\/aulasycatedrasculturales\/catedra-cultural-francisco-de-miranda\/","json_ld":{"@type":"Person","name":"C\u00e1tedra Cultural Francisco de Miranda","description":"","url":"https:\/\/www.ull.es\/portal\/agenda\/organizador\/catedra-cultural-francisco-de-miranda\/","telephone":"","email":"","sameAs":"https:\/\/www.ull.es\/portal\/aulasycatedrasculturales\/catedra-cultural-francisco-de-miranda\/"},"global_id":"www.ull.es\/portal\/agenda?id=21831","global_id_lineage":["www.ull.es\/portal\/agenda?id=21831"]},{"id":18734,"author":"43","status":"publish","date":"2021-03-05 13:24:38","date_utc":"2021-03-05 13:24:38","modified":"2021-03-05 13:24:38","modified_utc":"2021-03-05 13:24:38","url":"https:\/\/www.ull.es\/portal\/agenda\/organizador\/ayuntamiento-de-puerto-de-la-cruz\/","organizer":"Ayuntamiento de Puerto de la Cruz","slug":"ayuntamiento-de-puerto-de-la-cruz","website":"http:\/\/www.puertodelacruz.es\/","json_ld":{"@type":"Person","name":"Ayuntamiento de Puerto de la Cruz","description":"","url":"https:\/\/www.ull.es\/portal\/agenda\/organizador\/ayuntamiento-de-puerto-de-la-cruz\/","telephone":"","email":"","sameAs":"http:\/\/www.puertodelacruz.es\/"},"global_id":"www.ull.es\/portal\/agenda?id=18734","global_id_lineage":["www.ull.es\/portal\/agenda?id=18734"]},{"id":2644,"author":"21","status":"publish","date":"2017-09-22 10:56:56","date_utc":"2017-09-22 10:56:56","modified":"2018-04-10 09:45:07","modified_utc":"2018-04-10 09:45:07","url":"https:\/\/www.ull.es\/portal\/agenda\/organizador\/fundacion-caja-canarias\/","organizer":"Fundaci\u00f3n CajaCanarias","slug":"fundacion-caja-canarias","website":"http:\/\/www.cajacanarias.com\/","json_ld":{"@type":"Person","name":"Fundaci\u00f3n CajaCanarias","description":"","url":"https:\/\/www.ull.es\/portal\/agenda\/organizador\/fundacion-caja-canarias\/","telephone":"","email":"","sameAs":"http:\/\/www.cajacanarias.com\/"},"global_id":"www.ull.es\/portal\/agenda?id=2644","global_id_lineage":["www.ull.es\/portal\/agenda?id=2644"]},{"id":15299,"author":"65","status":"publish","date":"2020-01-22 09:37:28","date_utc":"2020-01-22 09:37:28","modified":"2020-01-22 09:37:28","modified_utc":"2020-01-22 09:37:28","url":"https:\/\/www.ull.es\/portal\/agenda\/organizador\/cabildo-de-tenerife\/","organizer":"Cabildo de Tenerife","slug":"cabildo-de-tenerife","json_ld":{"@type":"Person","name":"Cabildo de Tenerife","description":"","url":"https:\/\/www.ull.es\/portal\/agenda\/organizador\/cabildo-de-tenerife\/","telephone":"","email":"","sameAs":""},"global_id":"www.ull.es\/portal\/agenda?id=15299","global_id_lineage":["www.ull.es\/portal\/agenda?id=15299"]},{"id":2641,"author":"21","status":"publish","date":"2017-09-22 10:56:55","date_utc":"2017-09-22 10:56:55","modified":"2017-09-22 10:56:55","modified_utc":"2017-09-22 10:56:55","url":"https:\/\/www.ull.es\/portal\/agenda\/organizador\/gobierno-de-canarias\/","organizer":"Gobierno de Canarias","slug":"gobierno-de-canarias","json_ld":{"@type":"Person","name":"Gobierno de Canarias","description":"","url":"https:\/\/www.ull.es\/portal\/agenda\/organizador\/gobierno-de-canarias\/","telephone":"","email":"","sameAs":""},"global_id":"www.ull.es\/portal\/agenda?id=2641","global_id_lineage":["www.ull.es\/portal\/agenda?id=2641"]}],"json_ld":{"@context":"http:\/\/schema.org","@type":"Event","name":"XXVI Semana de Historia de Am\u00e9rica","description":"&lt;p&gt;La c\u00e1tedra Francisco de Miranda de la Universidad de La Laguna, coordinada por el catedr\u00e1tico de historia de Am\u00e9rica y el instituto de Estudios Hisp\u00e1nicos de Canarias, celebra en su sede del Puerto de la Cruz la XXVI Semana de Historia de Am\u00e9rica los d\u00edas 11, 12 y 13 de diciembre. Este encuentro que\u00a0 est\u00e1...&lt;\/p&gt;\\n","image":"https:\/\/www.ull.es\/portal\/agenda\/wp-content\/uploads\/sites\/12\/2023\/11\/XXVI-Semana-de-Historia-de-America_Banner-eventos.png","url":"https:\/\/www.ull.es\/portal\/agenda\/evento\/xxvi-semana-de-historia-de-america\/","startDate":"2023-12-11T19:00:00+00:00","endDate":"2023-12-13T21:00:00+00:00","location":{"@type":"Place","name":"Sede del Instituto de Estudios Hisp\u00e1nicos de Canarias","description":"","url":"https:\/\/www.ull.es\/portal\/agenda\/local\/sede-del-instituto-de-estudios-hispanicos-de-canarias\/","address":{"@type":"PostalAddress","streetAddress":"Calle Quintana n\u00ba18","addressLocality":"Puerto de la Cruz","addressRegion":"Santa Cruz de Tenerife","addressCountry":"Espa\u00f1a"},"telephone":"","sameAs":"http:\/\/www.iehcan.com\/"},"organizer":{"@type":"Person","name":"C\u00e1tedra Cultural Francisco de Miranda","description":"","url":"https:\/\/www.ull.es\/portal\/agenda\/organizador\/catedra-cultural-francisco-de-miranda\/","telephone":"","email":"","sameAs":"https:\/\/www.ull.es\/portal\/aulasycatedrasculturales\/catedra-cultural-francisco-de-miranda\/"}}}