{"id":33182,"global_id":"www.ull.es\/portal\/agenda?id=33182","global_id_lineage":["www.ull.es\/portal\/agenda?id=33182"],"author":"65","status":"publish","date":"2023-11-20 10:45:22","date_utc":"2023-11-20 10:45:22","modified":"2023-12-11 08:49:31","modified_utc":"2023-12-11 08:49:31","url":"https:\/\/www.ull.es\/portal\/agenda\/evento\/vi-jorndad-de-visibilidad-de-la-discapacidad-rompiendo-moldes\/","rest_url":"https:\/\/www.ull.es\/portal\/agenda\/wp-json\/tribe\/events\/v1\/events\/33182","title":"VI Jornada de Visibilidad de la Discapacidad: Rompiendo moldes","description":"<div>\n<p>El alumnado de 4\u00b0 curso del Grado de Trabajo Social de La Universidad de La Laguna se ha concienciado desde la Asignatura de Trabajo Social y Discapacidad, sobre una de las tantas realidades que existen en la sociedad actual, como son las personas con discapacidad. Por ello, han visto la oportunidad de realizar la VI Jornada de Visibilizaci\u00f3n de la Discapacidad \u00abRompiendo Moldes\u00bb que se celebrar\u00e1 el 12 de diciembre de 9:00 a 14:00 en la Facultad de Ciencias\u00a0 Sociales y de la Comunicaci\u00f3n. El objetivo principal es sensibilizar a la comunidad universitaria, y a la poblaci\u00f3n en general, sobre las posibilidades de esta poblaci\u00f3n, pues tener una discapacidad no nos hace incapaces.<\/p>\n<p>Asimismo, se quiere informar sobre los tipos de discapacidad que existen.\u00a0La idea que subyace a la Jornada es\u00a0dar a entender que no existen personas con o sin discapacidad, si no, personas con capacidades y habilidades diferentes. Adem\u00e1s, tratamos de acercar las diversas realidades de las organizaciones que\u00a0agrupan a las personas con discapacidad\u00a0 y dar visibilidad a los diferentes servicios que ofrecen. Para ello se realizar\u00e1n diferentes actividades, en los que se les dar\u00e1 voz a las personas con discapacidad y con las que nos acercaremos de forma din\u00e1mica a algunos tipos de discapacidad.\u00bb<\/p>\n<\/div>\n<p><a href=\"https:\/\/drive.google.com\/file\/d\/1e6n3o5A39iJ0eZ7f1huUpvwmldQytX9Y\/view?usp=sharing\" target=\"_blank\" rel=\"noopener\" target=\"_blank\" rel=\"noopener\">Cartel<\/a><\/p>","excerpt":"","slug":"vi-jorndad-de-visibilidad-de-la-discapacidad-rompiendo-moldes","image":{"url":"https:\/\/www.ull.es\/portal\/agenda\/wp-content\/uploads\/sites\/12\/2023\/11\/700x350_pages-to-jpg-0001.jpg","id":33360,"extension":"jpg","width":1094,"height":547,"filesize":301357,"sizes":{"medium":{"width":300,"height":150,"mime-type":"image\/jpeg","filesize":10717,"url":"https:\/\/www.ull.es\/portal\/agenda\/wp-content\/uploads\/sites\/12\/2023\/11\/700x350_pages-to-jpg-0001-300x150.jpg"},"large":{"width":1024,"height":512,"mime-type":"image\/jpeg","filesize":71901,"url":"https:\/\/www.ull.es\/portal\/agenda\/wp-content\/uploads\/sites\/12\/2023\/11\/700x350_pages-to-jpg-0001-1024x512.jpg"},"thumbnail":{"width":150,"height":150,"mime-type":"image\/jpeg","filesize":5982,"url":"https:\/\/www.ull.es\/portal\/agenda\/wp-content\/uploads\/sites\/12\/2023\/11\/700x350_pages-to-jpg-0001-150x150.jpg"},"medium_large":{"width":768,"height":384,"mime-type":"image\/jpeg","filesize":47053,"url":"https:\/\/www.ull.es\/portal\/agenda\/wp-content\/uploads\/sites\/12\/2023\/11\/700x350_pages-to-jpg-0001-768x384.jpg"},"mug-shot":{"width":150,"height":250,"mime-type":"image\/jpeg","filesize":9861,"url":"https:\/\/www.ull.es\/portal\/agenda\/wp-content\/uploads\/sites\/12\/2023\/11\/700x350_pages-to-jpg-0001-150x250.jpg"},"sidebar":{"width":375,"height":188,"mime-type":"image\/jpeg","filesize":15321,"url":"https:\/\/www.ull.es\/portal\/agenda\/wp-content\/uploads\/sites\/12\/2023\/11\/700x350_pages-to-jpg-0001-375x188.jpg"},"half":{"width":375,"height":188,"mime-type":"image\/jpeg","filesize":15321,"url":"https:\/\/www.ull.es\/portal\/agenda\/wp-content\/uploads\/sites\/12\/2023\/11\/700x350_pages-to-jpg-0001-375x188.jpg"},"full-content":{"width":750,"height":375,"mime-type":"image\/jpeg","filesize":45349,"url":"https:\/\/www.ull.es\/portal\/agenda\/wp-content\/uploads\/sites\/12\/2023\/11\/700x350_pages-to-jpg-0001-750x375.jpg"},"thimble":{"width":50,"height":50,"mime-type":"image\/jpeg","filesize":1188,"url":"https:\/\/www.ull.es\/portal\/agenda\/wp-content\/uploads\/sites\/12\/2023\/11\/700x350_pages-to-jpg-0001-50x50.jpg"},"thumbnail-large":{"width":300,"height":300,"mime-type":"image\/jpeg","filesize":17457,"url":"https:\/\/www.ull.es\/portal\/agenda\/wp-content\/uploads\/sites\/12\/2023\/11\/700x350_pages-to-jpg-0001-300x300.jpg"},"rss":{"width":108,"height":81,"mime-type":"image\/jpeg","filesize":2787,"url":"https:\/\/www.ull.es\/portal\/agenda\/wp-content\/uploads\/sites\/12\/2023\/11\/700x350_pages-to-jpg-0001-108x81.jpg"}}},"all_day":false,"start_date":"2023-12-12 09:00:00","start_date_details":{"year":"2023","month":"12","day":"12","hour":"09","minutes":"00","seconds":"00"},"end_date":"2023-12-12 14:00:00","end_date_details":{"year":"2023","month":"12","day":"12","hour":"14","minutes":"00","seconds":"00"},"utc_start_date":"2023-12-12 09:00:00","utc_start_date_details":{"year":"2023","month":"12","day":"12","hour":"09","minutes":"00","seconds":"00"},"utc_end_date":"2023-12-12 14:00:00","utc_end_date_details":{"year":"2023","month":"12","day":"12","hour":"14","minutes":"00","seconds":"00"},"timezone":"UTC+0","timezone_abbr":"UTC+0","cost":"","cost_details":{"currency_symbol":"","currency_position":"prefix","values":[]},"website":"","show_map":false,"show_map_link":false,"hide_from_listings":false,"sticky":false,"featured":false,"categories":[{"name":"Destacado ULL","slug":"destacado-ull","term_group":0,"term_taxonomy_id":4,"taxonomy":"tribe_events_cat","description":"","parent":0,"count":4572,"filter":"raw","id":4,"urls":{"self":"https:\/\/www.ull.es\/portal\/agenda\/wp-json\/tribe\/events\/v1\/categories\/4","collection":"https:\/\/www.ull.es\/portal\/agenda\/wp-json\/tribe\/events\/v1\/categories"}},{"name":"Facultad de Ciencias Sociales y de la Comunicaci\u00f3n","slug":"facultad-de-ciencias-politicas-sociales-y-de-la-comunicacion","term_group":0,"term_taxonomy_id":848,"taxonomy":"tribe_events_cat","description":"","parent":788,"count":195,"filter":"raw","id":848,"urls":{"self":"https:\/\/www.ull.es\/portal\/agenda\/wp-json\/tribe\/events\/v1\/categories\/848","collection":"https:\/\/www.ull.es\/portal\/agenda\/wp-json\/tribe\/events\/v1\/categories","up":"https:\/\/www.ull.es\/portal\/agenda\/wp-json\/tribe\/events\/v1\/categories\/788"}},{"name":"Portada ULL","slug":"portada-ull","term_group":0,"term_taxonomy_id":191,"taxonomy":"tribe_events_cat","description":"","parent":0,"count":2104,"filter":"raw","id":191,"urls":{"self":"https:\/\/www.ull.es\/portal\/agenda\/wp-json\/tribe\/events\/v1\/categories\/191","collection":"https:\/\/www.ull.es\/portal\/agenda\/wp-json\/tribe\/events\/v1\/categories"}}],"tags":[],"venue":{"id":4306,"author":"21","status":"publish","date":"2017-11-26 21:14:36","date_utc":"2017-11-26 21:14:36","modified":"2026-02-04 13:54:18","modified_utc":"2026-02-04 13:54:18","url":"https:\/\/www.ull.es\/portal\/agenda\/local\/facultad-de-ciencias-sociales-y-de-la-comunicacion\/","venue":"Ciencias Sociales y de la Comunicaci\u00f3n","slug":"facultad-de-ciencias-sociales-y-de-la-comunicacion","address":"Campus de Guajara","city":"La Laguna","country":"Espa\u00f1a","province":"Santa Cruz de Tenerife","zip":"38200","stateprovince":"Santa Cruz de Tenerife","json_ld":{"@type":"Place","name":"Ciencias Sociales y de la Comunicaci\u00f3n","description":"","url":"https:\/\/www.ull.es\/portal\/agenda\/local\/facultad-de-ciencias-sociales-y-de-la-comunicacion\/","address":{"@type":"PostalAddress","streetAddress":"Campus de Guajara","addressLocality":"La Laguna","addressRegion":"Santa Cruz de Tenerife","postalCode":"38200","addressCountry":"Espa\u00f1a"},"telephone":"","sameAs":""},"show_map":false,"show_map_link":true,"global_id":"www.ull.es\/portal\/agenda?id=4306","global_id_lineage":["www.ull.es\/portal\/agenda?id=4306"]},"organizer":[{"id":11502,"author":"51","status":"publish","date":"2019-03-29 11:49:50","date_utc":"2019-03-29 11:49:50","modified":"2026-02-26 10:38:50","modified_utc":"2026-02-26 10:38:50","url":"https:\/\/www.ull.es\/portal\/agenda\/organizador\/facultad-de-ciencias-sociales-y-de-la-comunicacion\/","organizer":"Facultad de Ciencias Sociales y de la Comunicaci\u00f3n","slug":"facultad-de-ciencias-sociales-y-de-la-comunicacion","phone":"(+34) 922 31 72 90","website":"https:\/\/www.ull.es\/centros\/facultad-de-ciencias-sociales-y-de-la-comunicacion\/","email":"fcpsc@ull.es","json_ld":{"@type":"Person","name":"Facultad de Ciencias Sociales y de la Comunicaci\u00f3n","description":"","url":"https:\/\/www.ull.es\/portal\/agenda\/organizador\/facultad-de-ciencias-sociales-y-de-la-comunicacion\/","telephone":"(+34) 922 31 72 90","email":"f&#99;p&#115;c&#64;&#117;ll&#46;&#101;&#115;","sameAs":"https:\/\/www.ull.es\/centros\/facultad-de-ciencias-sociales-y-de-la-comunicacion\/"},"global_id":"www.ull.es\/portal\/agenda?id=11502","global_id_lineage":["www.ull.es\/portal\/agenda?id=11502"]}],"json_ld":{"@context":"http:\/\/schema.org","@type":"Event","name":"VI Jornada de Visibilidad de la Discapacidad: Rompiendo moldes","description":"&lt;p&gt;El alumnado de 4\u00b0 curso del Grado de Trabajo Social de La Universidad de La Laguna se ha concienciado desde la Asignatura de Trabajo Social y Discapacidad, sobre una de las tantas realidades que existen en la sociedad actual, como son las personas con discapacidad. Por ello, han visto la oportunidad de realizar la VI...&lt;\/p&gt;\\n","image":"https:\/\/www.ull.es\/portal\/agenda\/wp-content\/uploads\/sites\/12\/2023\/11\/700x350_pages-to-jpg-0001.jpg","url":"https:\/\/www.ull.es\/portal\/agenda\/evento\/vi-jorndad-de-visibilidad-de-la-discapacidad-rompiendo-moldes\/","startDate":"2023-12-12T09:00:00+00:00","endDate":"2023-12-12T14:00:00+00:00","location":{"@type":"Place","name":"Ciencias Sociales y de la Comunicaci\u00f3n","description":"","url":"https:\/\/www.ull.es\/portal\/agenda\/local\/facultad-de-ciencias-sociales-y-de-la-comunicacion\/","address":{"@type":"PostalAddress","streetAddress":"Campus de Guajara","addressLocality":"La Laguna","addressRegion":"Santa Cruz de Tenerife","postalCode":"38200","addressCountry":"Espa\u00f1a"},"telephone":"","sameAs":""},"organizer":{"@type":"Person","name":"Facultad de Ciencias Sociales y de la Comunicaci\u00f3n","description":"","url":"https:\/\/www.ull.es\/portal\/agenda\/organizador\/facultad-de-ciencias-sociales-y-de-la-comunicacion\/","telephone":"(+34) 922 31 72 90","email":"f&#99;&#112;&#115;&#99;&#64;&#117;&#108;l&#46;e&#115;","sameAs":"https:\/\/www.ull.es\/centros\/facultad-de-ciencias-sociales-y-de-la-comunicacion\/"}}}