{"id":33741,"global_id":"www.ull.es\/portal\/agenda?id=33741","global_id_lineage":["www.ull.es\/portal\/agenda?id=33741"],"author":"65","status":"publish","date":"2024-01-11 08:39:07","date_utc":"2024-01-11 08:39:07","modified":"2024-03-08 13:37:41","modified_utc":"2024-03-08 13:37:41","url":"https:\/\/www.ull.es\/portal\/agenda\/evento\/dia-institucional-de-la-universidad-de-la-laguna-2024\/","rest_url":"https:\/\/www.ull.es\/portal\/agenda\/wp-json\/tribe\/events\/v1\/events\/33741","title":"D\u00eda Institucional de la Universidad de La Laguna 2024","description":"<p>[vc_row][vc_column][vc_column_text]Como cada a\u00f1o la Universidad de La Laguna celebra, en colaboraci\u00f3n con Alumni ULL, su D\u00eda Institucional para conmemorar la fecha de su nacimiento como instituci\u00f3n. En esta ceremonia se reconoce el talento y la creatividad en la docencia, la investigaci\u00f3n, la internacionalizaci\u00f3n, la gesti\u00f3n y el mecenazgo. En el mismo acto interviene la asociaci\u00f3n Alumni ULL, que hace entrega de sus propios galardones. El acto se celebrar\u00e1 el 11 de marzo en el Paraninfo a las 19:00 horas.<\/p>\n<p><strong>Programa<\/strong><\/p>\n<ul>\n<li>Proyecci\u00f3n del v\u00eddeo: \u201cLo que fue noticia en 2023\u201d<\/li>\n<li>Bienvenida a cargo del presentadora del acto<\/li>\n<li>Entrega de Premios de Alumni ULL.\n<ul>\n<li>XII Premio al Mejor Expediente Acad\u00e9mico Alumni ULL del curso 2022\/2023<\/li>\n<li>VI Premio a los mejores trabajos fin de M\u00e1ster de la Universidad de La Laguna 2022-2023 Alumni ULL<\/li>\n<li><a href=\"https:\/\/drive.google.com\/file\/d\/11B9IKpeUQ2CgFDbldpWsRTxFgNRulQWi\/view\" target=\"_blank\" rel=\"noopener\" target=\"_blank\" rel=\"noopener\">XXI Premio a los Valores Humanos en la Universidad de La Laguna Jos\u00e9 Luis Garc\u00eda P\u00e9rez<\/a><\/li>\n<li><a href=\"https:\/\/drive.google.com\/file\/d\/1POUriVhrTJcHQGsl4SAC96nC3nVthLIJ\/view\" target=\"_blank\" rel=\"noopener\" target=\"_blank\" rel=\"noopener\">XIV Premio Alonso de Nava y Grim\u00f3n de la Universidad de La Laguna<\/a><\/li>\n<li>Nombramiento como Socia de Honor a la rectora Rosa Mar\u00eda Aguilar Chinea<\/li>\n<\/ul>\n<\/li>\n<li>Palabras de Sr. presidente de Alumni ULL<\/li>\n<li>Actuaci\u00f3n Musical del Coro Polif\u00f3nico de la Universidad de La Laguna<\/li>\n<li>Entrega de los <a href=\"https:\/\/www.ull.es\/institucionales-2024\/\" target=\"_blank\" rel=\"noopener\" target=\"_blank\" rel=\"noopener\">Premios Institucionales<\/a> de la Universidad de La Laguna\n<ul>\n<li><a href=\"https:\/\/www.ull.es\/portal\/convocatorias\/convocatoria\/convocatoria-de-premios-de-innovacion-y-transferencia-educativa-2024\/\" target=\"_blank\" rel=\"noopener\" target=\"_blank\" rel=\"noopener\"><span lang=\"ES-TRAD\">XIII Premio a la Innovaci\u00f3n y Transferencia <span lang=\"PT\">Educativa<\/span><\/span><\/a><\/li>\n<li><a href=\"https:\/\/www.ull.es\/portal\/convocatorias\/convocatoria\/convocatoria-de-la-xiii-edicion-de-los-premios-a-la-investigacion-y-la-ii-edicion-del-premio-a-la-investigacion-categoria-junior-de-la-universidad-de-la-laguna\/\" target=\"_blank\" rel=\"noopener\" target=\"_blank\" rel=\"noopener\">XIII Premio a la Investigaci\u00f3n y II Premio a la investigaci\u00f3n categor\u00eda Junior<\/a><\/li>\n<li><a href=\"https:\/\/www.ull.es\/portal\/convocatorias\/convocatoria\/novena-edicion-de-los-premios-a-la-internacionalizacion-de-la-universidad-de-la-laguna-convocatoria-2024\/\" target=\"_blank\" rel=\"noopener\" target=\"_blank\" rel=\"noopener\"><span lang=\"ES-TRAD\">IX Premio a la Internacionalizaci\u00f3n<\/span><\/a><\/li>\n<li><a href=\"https:\/\/www.ull.es\/portal\/convocatorias\/convocatoria\/convocatoria-de-la-xiii-edicion-de-los-premios-a-las-mejores-practicas-en-administracion-y-servicios-2024\/\" target=\"_blank\" rel=\"noopener\" target=\"_blank\" rel=\"noopener\"><span lang=\"ES-TRAD\">XIII Premio a las Mejores Pr\u00e1cticas en Administraci\u00f3n y Servicios<\/span><\/a><\/li>\n<li>I Premio al M\u00e9rito Acad\u00e9mico<\/li>\n<li><a href=\"https:\/\/www.ull.es\/portal\/convocatorias\/convocatoria\/primera-edicion-de-los-premios-a-la-excelencia-educativa-de-la-universidad-de-la-laguna\/\" target=\"_blank\" rel=\"noopener\" target=\"_blank\" rel=\"noopener\">I Premio a la Excelencia Educativa<\/a><\/li>\n<li>Premio al Mecenazgo<\/li>\n<\/ul>\n<\/li>\n<li>Palabras del Sr. Rector<\/li>\n<li>Gaudeamus<\/li>\n<li>Cierre de la Sesi\u00f3n<\/li>\n<\/ul>\n<p>[\/vc_column_text][\/vc_column][\/vc_row]<\/p>","excerpt":"","slug":"dia-institucional-de-la-universidad-de-la-laguna-2024","image":{"url":"https:\/\/www.ull.es\/portal\/agenda\/wp-content\/uploads\/sites\/12\/2024\/01\/Dia-Institucional_Banner.png","id":34434,"extension":"png","width":750,"height":370,"filesize":169643,"sizes":{"medium":{"width":300,"height":148,"mime-type":"image\/png","filesize":36954,"url":"https:\/\/www.ull.es\/portal\/agenda\/wp-content\/uploads\/sites\/12\/2024\/01\/Dia-Institucional_Banner-300x148.png"},"thumbnail":{"width":150,"height":150,"mime-type":"image\/png","filesize":12553,"url":"https:\/\/www.ull.es\/portal\/agenda\/wp-content\/uploads\/sites\/12\/2024\/01\/Dia-Institucional_Banner-150x150.png"},"mug-shot":{"width":150,"height":250,"mime-type":"image\/png","filesize":14157,"url":"https:\/\/www.ull.es\/portal\/agenda\/wp-content\/uploads\/sites\/12\/2024\/01\/Dia-Institucional_Banner-150x250.png"},"sidebar":{"width":375,"height":185,"mime-type":"image\/png","filesize":53033,"url":"https:\/\/www.ull.es\/portal\/agenda\/wp-content\/uploads\/sites\/12\/2024\/01\/Dia-Institucional_Banner-375x185.png"},"half":{"width":375,"height":185,"mime-type":"image\/png","filesize":53033,"url":"https:\/\/www.ull.es\/portal\/agenda\/wp-content\/uploads\/sites\/12\/2024\/01\/Dia-Institucional_Banner-375x185.png"},"thimble":{"width":50,"height":50,"mime-type":"image\/png","filesize":2367,"url":"https:\/\/www.ull.es\/portal\/agenda\/wp-content\/uploads\/sites\/12\/2024\/01\/Dia-Institucional_Banner-50x50.png"},"thumbnail-large":{"width":300,"height":300,"mime-type":"image\/png","filesize":33338,"url":"https:\/\/www.ull.es\/portal\/agenda\/wp-content\/uploads\/sites\/12\/2024\/01\/Dia-Institucional_Banner-300x300.png"},"rss":{"width":108,"height":81,"mime-type":"image\/png","filesize":7048,"url":"https:\/\/www.ull.es\/portal\/agenda\/wp-content\/uploads\/sites\/12\/2024\/01\/Dia-Institucional_Banner-108x81.png"}}},"all_day":false,"start_date":"2024-03-11 19:00:00","start_date_details":{"year":"2024","month":"03","day":"11","hour":"19","minutes":"00","seconds":"00"},"end_date":"2024-03-11 21:00:00","end_date_details":{"year":"2024","month":"03","day":"11","hour":"21","minutes":"00","seconds":"00"},"utc_start_date":"2024-03-11 19:00:00","utc_start_date_details":{"year":"2024","month":"03","day":"11","hour":"19","minutes":"00","seconds":"00"},"utc_end_date":"2024-03-11 21:00:00","utc_end_date_details":{"year":"2024","month":"03","day":"11","hour":"21","minutes":"00","seconds":"00"},"timezone":"UTC+0","timezone_abbr":"UTC+0","cost":"","cost_details":{"currency_symbol":"","currency_position":"prefix","values":[]},"website":"","show_map":false,"show_map_link":false,"hide_from_listings":false,"sticky":false,"featured":false,"categories":[{"name":"Destacado ULL","slug":"destacado-ull","term_group":0,"term_taxonomy_id":4,"taxonomy":"tribe_events_cat","description":"","parent":0,"count":4586,"filter":"raw","id":4,"urls":{"self":"https:\/\/www.ull.es\/portal\/agenda\/wp-json\/tribe\/events\/v1\/categories\/4","collection":"https:\/\/www.ull.es\/portal\/agenda\/wp-json\/tribe\/events\/v1\/categories"}},{"name":"Perfil Entidades y Organizaciones","slug":"perfil-entidades-y-organizaciones","term_group":0,"term_taxonomy_id":189,"taxonomy":"tribe_events_cat","description":"","parent":185,"count":10,"filter":"raw","id":189,"urls":{"self":"https:\/\/www.ull.es\/portal\/agenda\/wp-json\/tribe\/events\/v1\/categories\/189","collection":"https:\/\/www.ull.es\/portal\/agenda\/wp-json\/tribe\/events\/v1\/categories","up":"https:\/\/www.ull.es\/portal\/agenda\/wp-json\/tribe\/events\/v1\/categories\/185"}},{"name":"Perfil Estudiante","slug":"perfil-estudiante","term_group":0,"term_taxonomy_id":186,"taxonomy":"tribe_events_cat","description":"","parent":185,"count":2760,"filter":"raw","id":186,"urls":{"self":"https:\/\/www.ull.es\/portal\/agenda\/wp-json\/tribe\/events\/v1\/categories\/186","collection":"https:\/\/www.ull.es\/portal\/agenda\/wp-json\/tribe\/events\/v1\/categories","up":"https:\/\/www.ull.es\/portal\/agenda\/wp-json\/tribe\/events\/v1\/categories\/185"}},{"name":"Perfil PAS","slug":"perfil-pas","term_group":0,"term_taxonomy_id":188,"taxonomy":"tribe_events_cat","description":"","parent":185,"count":77,"filter":"raw","id":188,"urls":{"self":"https:\/\/www.ull.es\/portal\/agenda\/wp-json\/tribe\/events\/v1\/categories\/188","collection":"https:\/\/www.ull.es\/portal\/agenda\/wp-json\/tribe\/events\/v1\/categories","up":"https:\/\/www.ull.es\/portal\/agenda\/wp-json\/tribe\/events\/v1\/categories\/185"}},{"name":"Perfil PDI","slug":"perfil-pdi","term_group":0,"term_taxonomy_id":187,"taxonomy":"tribe_events_cat","description":"","parent":185,"count":194,"filter":"raw","id":187,"urls":{"self":"https:\/\/www.ull.es\/portal\/agenda\/wp-json\/tribe\/events\/v1\/categories\/187","collection":"https:\/\/www.ull.es\/portal\/agenda\/wp-json\/tribe\/events\/v1\/categories","up":"https:\/\/www.ull.es\/portal\/agenda\/wp-json\/tribe\/events\/v1\/categories\/185"}}],"tags":[],"venue":{"id":4360,"author":"21","status":"publish","date":"2017-12-01 08:50:55","date_utc":"2017-12-01 08:50:55","modified":"2026-01-29 08:50:08","modified_utc":"2026-01-29 08:50:08","url":"https:\/\/www.ull.es\/portal\/agenda\/local\/paraninfo-de-la-universidad-de-la-laguna\/","venue":"Paraninfo","slug":"paraninfo-de-la-universidad-de-la-laguna","address":"C\/ Pedro Zerolo, s\/n","city":"San Crist\u00f3bal de La Laguna","country":"Espa\u00f1a","province":"Santa Cruz de Tenerife","zip":"38200","phone":"922 31 96 08","website":"https:\/\/www.ull.es\/cultura\/paraninfo\/","stateprovince":"Santa Cruz de Tenerife","geo_lat":28.48162930000000159225237439386546611785888671875,"geo_lng":-16.317014000000000351064954884350299835205078125,"json_ld":{"@type":"Place","name":"Paraninfo","description":"","url":"https:\/\/www.ull.es\/portal\/agenda\/local\/paraninfo-de-la-universidad-de-la-laguna\/","address":{"@type":"PostalAddress","streetAddress":"C\/ Pedro Zerolo, s\/n","addressLocality":"San Crist\u00f3bal de La Laguna","addressRegion":"Santa Cruz de Tenerife","postalCode":"38200","addressCountry":"Espa\u00f1a"},"geo":{"@type":"GeoCoordinates","latitude":28.48162930000000159225237439386546611785888671875,"longitude":-16.317014000000000351064954884350299835205078125},"telephone":"922 31 96 08","sameAs":"https:\/\/www.ull.es\/cultura\/paraninfo\/"},"show_map":false,"show_map_link":true,"global_id":"www.ull.es\/portal\/agenda?id=4360","global_id_lineage":["www.ull.es\/portal\/agenda?id=4360"]},"organizer":[{"id":7952,"author":"51","status":"publish","date":"2018-07-16 07:27:13","date_utc":"2018-07-16 07:27:13","modified":"2022-09-19 14:18:44","modified_utc":"2022-09-19 14:18:44","url":"https:\/\/www.ull.es\/portal\/agenda\/organizador\/universidad-de-la-laguna-10\/","organizer":"Universidad de La Laguna","slug":"universidad-de-la-laguna-10","phone":"900 43 25 26","website":"www.ull.es","json_ld":{"@type":"Person","name":"Universidad de La Laguna","description":"","url":"https:\/\/www.ull.es\/portal\/agenda\/organizador\/universidad-de-la-laguna-10\/","telephone":"900 43 25 26","email":"","sameAs":"http:\/\/www.ull.es"},"global_id":"www.ull.es\/portal\/agenda?id=7952","global_id_lineage":["www.ull.es\/portal\/agenda?id=7952"]}],"json_ld":{"@context":"http:\/\/schema.org","@type":"Event","name":"D\u00eda Institucional de la Universidad de La Laguna 2024","description":"&lt;p&gt;Como cada a\u00f1o la Universidad de La Laguna celebra, en colaboraci\u00f3n con Alumni ULL, su D\u00eda Institucional para conmemorar la fecha de su nacimiento como instituci\u00f3n. En esta ceremonia se reconoce el talento y la creatividad en la docencia, la investigaci\u00f3n, la internacionalizaci\u00f3n, la gesti\u00f3n y el mecenazgo. En el mismo acto interviene la asociaci\u00f3n...&lt;\/p&gt;\\n","image":"https:\/\/www.ull.es\/portal\/agenda\/wp-content\/uploads\/sites\/12\/2024\/01\/Dia-Institucional_Banner.png","url":"https:\/\/www.ull.es\/portal\/agenda\/evento\/dia-institucional-de-la-universidad-de-la-laguna-2024\/","startDate":"2024-03-11T19:00:00+00:00","endDate":"2024-03-11T21:00:00+00:00","location":{"@type":"Place","name":"Paraninfo","description":"","url":"https:\/\/www.ull.es\/portal\/agenda\/local\/paraninfo-de-la-universidad-de-la-laguna\/","address":{"@type":"PostalAddress","streetAddress":"C\/ Pedro Zerolo, s\/n","addressLocality":"San Crist\u00f3bal de La Laguna","addressRegion":"Santa Cruz de Tenerife","postalCode":"38200","addressCountry":"Espa\u00f1a"},"geo":{"@type":"GeoCoordinates","latitude":28.48162930000000159225237439386546611785888671875,"longitude":-16.317014000000000351064954884350299835205078125},"telephone":"922 31 96 08","sameAs":"https:\/\/www.ull.es\/cultura\/paraninfo\/"},"organizer":{"@type":"Person","name":"Universidad de La Laguna","description":"","url":"https:\/\/www.ull.es\/portal\/agenda\/organizador\/universidad-de-la-laguna-10\/","telephone":"900 43 25 26","email":"","sameAs":"http:\/\/www.ull.es"}}}