{"id":34217,"global_id":"www.ull.es\/portal\/agenda?id=34217","global_id_lineage":["www.ull.es\/portal\/agenda?id=34217"],"author":"43","status":"publish","date":"2024-02-19 14:05:22","date_utc":"2024-02-19 14:05:22","modified":"2024-03-11 09:22:01","modified_utc":"2024-03-11 09:22:01","url":"https:\/\/www.ull.es\/portal\/agenda\/evento\/iv-jornadas-la-mujer-y-la-economia-ellas-investigan\/","rest_url":"https:\/\/www.ull.es\/portal\/agenda\/wp-json\/tribe\/events\/v1\/events\/34217","title":"IV Jornadas \u00abLa Mujer y la Econom\u00eda: Ellas investigan\u201d","description":"<p>La Comisi\u00f3n de Igualdad de la Facultad de Econom\u00eda, Empresa y Turismo organiza\u00a0 esta jornada que se celebrar\u00e1 en la citada Facultad el 15 de marzo de 2024, en horario de 9:00 a 14:00 horas.<\/p>\n<p>El objetivo principal de la jornada es visibilizar el papel de la mujer en el \u00e1mbito cient\u00edfico y aportar referentes femeninos a nuestro alumnado a partir de la experiencia de investigadoras de las Universidades Canarias. Objetivo alineado con el ODS5 (igualdad de g\u00e9nero).<\/p>\n<p>Dirigido a la comunidad universitaria, t\u00e9cnicos y directivos de empresas.<\/p>\n<p>Direcci\u00f3n acad\u00e9mica: Pilar P\u00e9rez G\u00f3mez y Rosa Mar\u00eda Lorenzo Alegr\u00eda, Profesoras Titulares del Departamento de Econom\u00eda Financiera y Contabilidad de la Universidad de La Laguna.<\/p>\n<p>Coordina: Diana Mart\u00edn Azami. Profesora Contratada Doctora del Departamento de Direcci\u00f3n de Empresas e Historia Econ\u00f3mica de la Universidad de La Laguna.<\/p>\n<p>CERTIFICADO DE ASISTENCIA: La Universidad de La Laguna, a trav\u00e9s del Vicerrectorado de Cultura y Extensi\u00f3n Universitaria, emitir\u00e1 un certificado de asistencia a todas aquellas personas que participen, previa inscripci\u00f3n en la actividad.<\/p>\n<p><a href=\"https:\/\/sede.fg.ull.es\/es\/curso\/detalle?code=a24020045&amp;name=iv-jornadas-la-mujer-y-la-economia-ellas-investigan&amp;query=%3Fcode%3DA24020045\" target=\"_blank\" rel=\"noopener\" target=\"_blank\" rel=\"noopener\"><strong>M\u00e1s informaci\u00f3n e inscripci\u00f3n gratuita\u00a0aqu\u00ed.<\/strong><\/a><\/p>\n<p><strong>Contacto: 922 319 616 \/ 922 319 626 \u2013\u00a0<\/strong><a href=\"mailto:extuni@ull.edu.es\" target=\"_blank\" rel=\"noopener\" target=\"_blank\" rel=\"noopener\"><strong>extuni@ull.es<\/strong><\/a><\/p>\n<p>Colaboran: Instituto Universitario de la Empresa (IUDE), Biblioteca de la Universidad de La Laguna y C\u00e1tedra Fundaci\u00f3n DISA de J\u00f3venes Emprendedores.<\/p>","excerpt":"","slug":"iv-jornadas-la-mujer-y-la-economia-ellas-investigan","image":{"url":"https:\/\/www.ull.es\/portal\/agenda\/wp-content\/uploads\/sites\/12\/2024\/02\/BannerMujer.png","id":34218,"extension":"png","width":700,"height":350,"filesize":214598,"sizes":{"medium":{"width":300,"height":150,"mime-type":"image\/png","filesize":45617,"url":"https:\/\/www.ull.es\/portal\/agenda\/wp-content\/uploads\/sites\/12\/2024\/02\/BannerMujer-300x150.png"},"thumbnail":{"width":150,"height":150,"mime-type":"image\/png","filesize":27976,"url":"https:\/\/www.ull.es\/portal\/agenda\/wp-content\/uploads\/sites\/12\/2024\/02\/BannerMujer-150x150.png"},"mug-shot":{"width":150,"height":250,"mime-type":"image\/png","filesize":38721,"url":"https:\/\/www.ull.es\/portal\/agenda\/wp-content\/uploads\/sites\/12\/2024\/02\/BannerMujer-150x250.png"},"sidebar":{"width":375,"height":188,"mime-type":"image\/png","filesize":64608,"url":"https:\/\/www.ull.es\/portal\/agenda\/wp-content\/uploads\/sites\/12\/2024\/02\/BannerMujer-375x188.png"},"half":{"width":375,"height":188,"mime-type":"image\/png","filesize":64608,"url":"https:\/\/www.ull.es\/portal\/agenda\/wp-content\/uploads\/sites\/12\/2024\/02\/BannerMujer-375x188.png"},"thimble":{"width":50,"height":50,"mime-type":"image\/png","filesize":4613,"url":"https:\/\/www.ull.es\/portal\/agenda\/wp-content\/uploads\/sites\/12\/2024\/02\/BannerMujer-50x50.png"},"thumbnail-large":{"width":300,"height":300,"mime-type":"image\/png","filesize":86311,"url":"https:\/\/www.ull.es\/portal\/agenda\/wp-content\/uploads\/sites\/12\/2024\/02\/BannerMujer-300x300.png"},"rss":{"width":108,"height":81,"mime-type":"image\/png","filesize":12970,"url":"https:\/\/www.ull.es\/portal\/agenda\/wp-content\/uploads\/sites\/12\/2024\/02\/BannerMujer-108x81.png"}}},"all_day":false,"start_date":"2024-03-15 09:00:00","start_date_details":{"year":"2024","month":"03","day":"15","hour":"09","minutes":"00","seconds":"00"},"end_date":"2024-03-15 14:00:00","end_date_details":{"year":"2024","month":"03","day":"15","hour":"14","minutes":"00","seconds":"00"},"utc_start_date":"2024-03-15 09:00:00","utc_start_date_details":{"year":"2024","month":"03","day":"15","hour":"09","minutes":"00","seconds":"00"},"utc_end_date":"2024-03-15 14:00:00","utc_end_date_details":{"year":"2024","month":"03","day":"15","hour":"14","minutes":"00","seconds":"00"},"timezone":"UTC+0","timezone_abbr":"UTC+0","cost":"","cost_details":{"currency_symbol":"","currency_position":"prefix","values":[]},"website":"https:\/\/www.ull.es\/cultura\/cursos-extension-universitaria\/","show_map":false,"show_map_link":true,"hide_from_listings":false,"sticky":false,"featured":false,"categories":[{"name":"Actividades de Extensi\u00f3n","slug":"actividades-de-extension","term_group":0,"term_taxonomy_id":472,"taxonomy":"tribe_events_cat","description":"","parent":468,"count":1637,"filter":"raw","id":472,"urls":{"self":"https:\/\/www.ull.es\/portal\/agenda\/wp-json\/tribe\/events\/v1\/categories\/472","collection":"https:\/\/www.ull.es\/portal\/agenda\/wp-json\/tribe\/events\/v1\/categories","up":"https:\/\/www.ull.es\/portal\/agenda\/wp-json\/tribe\/events\/v1\/categories\/468"}},{"name":"Biblioteca Universitaria","slug":"biblioteca-universitaria","term_group":0,"term_taxonomy_id":1669,"taxonomy":"tribe_events_cat","description":"","parent":855,"count":91,"filter":"raw","id":1669,"urls":{"self":"https:\/\/www.ull.es\/portal\/agenda\/wp-json\/tribe\/events\/v1\/categories\/1669","collection":"https:\/\/www.ull.es\/portal\/agenda\/wp-json\/tribe\/events\/v1\/categories","up":"https:\/\/www.ull.es\/portal\/agenda\/wp-json\/tribe\/events\/v1\/categories\/855"}},{"name":"C\u00e1tedra Fundaci\u00f3n Disa de J\u00f3venes Emprendedores","slug":"catedra-fundacion-disa-de-jovenes-emprendedores","term_group":0,"term_taxonomy_id":2654,"taxonomy":"tribe_events_cat","description":"","parent":2118,"count":78,"filter":"raw","id":2654,"urls":{"self":"https:\/\/www.ull.es\/portal\/agenda\/wp-json\/tribe\/events\/v1\/categories\/2654","collection":"https:\/\/www.ull.es\/portal\/agenda\/wp-json\/tribe\/events\/v1\/categories","up":"https:\/\/www.ull.es\/portal\/agenda\/wp-json\/tribe\/events\/v1\/categories\/2118"}},{"name":"Destacado ULL","slug":"destacado-ull","term_group":0,"term_taxonomy_id":4,"taxonomy":"tribe_events_cat","description":"","parent":0,"count":4577,"filter":"raw","id":4,"urls":{"self":"https:\/\/www.ull.es\/portal\/agenda\/wp-json\/tribe\/events\/v1\/categories\/4","collection":"https:\/\/www.ull.es\/portal\/agenda\/wp-json\/tribe\/events\/v1\/categories"}},{"name":"Facultad de Econom\u00eda, Empresa y Turismo","slug":"facultad-de-economia-empresa-y-turismo","term_group":0,"term_taxonomy_id":937,"taxonomy":"tribe_events_cat","description":"","parent":788,"count":242,"filter":"raw","id":937,"urls":{"self":"https:\/\/www.ull.es\/portal\/agenda\/wp-json\/tribe\/events\/v1\/categories\/937","collection":"https:\/\/www.ull.es\/portal\/agenda\/wp-json\/tribe\/events\/v1\/categories","up":"https:\/\/www.ull.es\/portal\/agenda\/wp-json\/tribe\/events\/v1\/categories\/788"}},{"name":"Instituto Universitario de la Empresa","slug":"instituto-universitario-de-la-empresa","term_group":0,"term_taxonomy_id":1682,"taxonomy":"tribe_events_cat","description":"","parent":1188,"count":10,"filter":"raw","id":1682,"urls":{"self":"https:\/\/www.ull.es\/portal\/agenda\/wp-json\/tribe\/events\/v1\/categories\/1682","collection":"https:\/\/www.ull.es\/portal\/agenda\/wp-json\/tribe\/events\/v1\/categories","up":"https:\/\/www.ull.es\/portal\/agenda\/wp-json\/tribe\/events\/v1\/categories\/1188"}},{"name":"Perfil Estudiante","slug":"perfil-estudiante","term_group":0,"term_taxonomy_id":186,"taxonomy":"tribe_events_cat","description":"","parent":185,"count":2753,"filter":"raw","id":186,"urls":{"self":"https:\/\/www.ull.es\/portal\/agenda\/wp-json\/tribe\/events\/v1\/categories\/186","collection":"https:\/\/www.ull.es\/portal\/agenda\/wp-json\/tribe\/events\/v1\/categories","up":"https:\/\/www.ull.es\/portal\/agenda\/wp-json\/tribe\/events\/v1\/categories\/185"}}],"tags":[{"name":"alumnado ULL","slug":"alumnado-ull","term_group":0,"term_taxonomy_id":4259,"taxonomy":"post_tag","description":"","parent":0,"count":1171,"filter":"raw","id":4259,"urls":{"self":"https:\/\/www.ull.es\/portal\/agenda\/wp-json\/tribe\/events\/v1\/tags\/4259","collection":"https:\/\/www.ull.es\/portal\/agenda\/wp-json\/tribe\/events\/v1\/tags"}},{"name":"Cursos ULL","slug":"cursos-ull","term_group":0,"term_taxonomy_id":977,"taxonomy":"post_tag","description":"","parent":0,"count":1429,"filter":"raw","id":977,"urls":{"self":"https:\/\/www.ull.es\/portal\/agenda\/wp-json\/tribe\/events\/v1\/tags\/977","collection":"https:\/\/www.ull.es\/portal\/agenda\/wp-json\/tribe\/events\/v1\/tags"}},{"name":"Extensi\u00f3n Universitaria ULL","slug":"extension-universitaria-ull","term_group":0,"term_taxonomy_id":3812,"taxonomy":"post_tag","description":"","parent":0,"count":1381,"filter":"raw","id":3812,"urls":{"self":"https:\/\/www.ull.es\/portal\/agenda\/wp-json\/tribe\/events\/v1\/tags\/3812","collection":"https:\/\/www.ull.es\/portal\/agenda\/wp-json\/tribe\/events\/v1\/tags"}},{"name":"jornadas ULL","slug":"jornadas-ull","term_group":0,"term_taxonomy_id":4770,"taxonomy":"post_tag","description":"","parent":0,"count":10,"filter":"raw","id":4770,"urls":{"self":"https:\/\/www.ull.es\/portal\/agenda\/wp-json\/tribe\/events\/v1\/tags\/4770","collection":"https:\/\/www.ull.es\/portal\/agenda\/wp-json\/tribe\/events\/v1\/tags"}},{"name":"Seminarios ULL","slug":"seminarios-ull","term_group":0,"term_taxonomy_id":3751,"taxonomy":"post_tag","description":"","parent":0,"count":1167,"filter":"raw","id":3751,"urls":{"self":"https:\/\/www.ull.es\/portal\/agenda\/wp-json\/tribe\/events\/v1\/tags\/3751","collection":"https:\/\/www.ull.es\/portal\/agenda\/wp-json\/tribe\/events\/v1\/tags"}},{"name":"talleres ULL","slug":"talleres-ull","term_group":0,"term_taxonomy_id":4165,"taxonomy":"post_tag","description":"","parent":0,"count":224,"filter":"raw","id":4165,"urls":{"self":"https:\/\/www.ull.es\/portal\/agenda\/wp-json\/tribe\/events\/v1\/tags\/4165","collection":"https:\/\/www.ull.es\/portal\/agenda\/wp-json\/tribe\/events\/v1\/tags"}}],"venue":{"id":1034,"author":"20","status":"publish","date":"2017-03-17 14:04:52","date_utc":"2017-03-17 14:04:52","modified":"2017-03-17 14:04:52","modified_utc":"2017-03-17 14:04:52","url":"https:\/\/www.ull.es\/portal\/agenda\/local\/aula-magna-de-la-facultad-de-economia-empresa-y-turismo\/","venue":"Aula Magna de la Facultad de Econom\u00eda, Empresa y Turismo","slug":"aula-magna-de-la-facultad-de-economia-empresa-y-turismo","address":"Campus de Guajara. Universidad de La Laguna","geo_lat":28.469754699999999303372533177025616168975830078125,"geo_lng":-16.304417799999999516558091272599995136260986328125,"json_ld":{"@type":"Place","name":"Aula Magna de la Facultad de Econom\u00eda, Empresa y Turismo","description":"","url":"https:\/\/www.ull.es\/portal\/agenda\/local\/aula-magna-de-la-facultad-de-economia-empresa-y-turismo\/","address":{"@type":"PostalAddress","streetAddress":"Campus de Guajara. Universidad de La Laguna"},"geo":{"@type":"GeoCoordinates","latitude":28.469754699999999303372533177025616168975830078125,"longitude":-16.304417799999999516558091272599995136260986328125},"telephone":"","sameAs":""},"show_map":true,"show_map_link":true,"global_id":"www.ull.es\/portal\/agenda?id=1034","global_id_lineage":["www.ull.es\/portal\/agenda?id=1034"]},"organizer":[{"id":1132,"author":"21","status":"publish","date":"2017-03-27 12:15:57","date_utc":"2017-03-27 12:15:57","modified":"2023-05-02 10:28:59","modified_utc":"2023-05-02 10:28:59","url":"https:\/\/www.ull.es\/portal\/agenda\/organizador\/vicerrectorado-de-relaciones-con-la-sociedad-2\/","organizer":"Vicerrectorado de Cultura y Extensi\u00f3n Universitaria","slug":"vicerrectorado-de-relaciones-con-la-sociedad-2","json_ld":{"@type":"Person","name":"Vicerrectorado de Cultura y Extensi\u00f3n Universitaria","description":"","url":"https:\/\/www.ull.es\/portal\/agenda\/organizador\/vicerrectorado-de-relaciones-con-la-sociedad-2\/","telephone":"","email":"","sameAs":""},"global_id":"www.ull.es\/portal\/agenda?id=1132","global_id_lineage":["www.ull.es\/portal\/agenda?id=1132"]},{"id":315,"author":"22","status":"publish","date":"2017-02-15 12:18:47","date_utc":"2017-02-15 12:18:47","modified":"2019-04-11 11:53:42","modified_utc":"2019-04-11 11:53:42","url":"https:\/\/www.ull.es\/portal\/agenda\/organizador\/facultad-de-economia-empresa-y-turismo-campus-de-guajara\/","organizer":"Facultad de Econom\u00eda, Empresa y Turismo","slug":"facultad-de-economia-empresa-y-turismo-campus-de-guajara","phone":"922 31 71 63","website":"https:\/\/www.ull.es\/centros\/facultad-de-economia-empresa-y-turismo\/","email":"seceet@ull.es","json_ld":{"@type":"Person","name":"Facultad de Econom\u00eda, Empresa y Turismo","description":"","url":"https:\/\/www.ull.es\/portal\/agenda\/organizador\/facultad-de-economia-empresa-y-turismo-campus-de-guajara\/","telephone":"922 31 71 63","email":"&#115;&#101;&#99;&#101;et&#64;&#117;&#108;&#108;&#46;&#101;&#115;","sameAs":"https:\/\/www.ull.es\/centros\/facultad-de-economia-empresa-y-turismo\/"},"global_id":"www.ull.es\/portal\/agenda?id=315","global_id_lineage":["www.ull.es\/portal\/agenda?id=315"]}],"json_ld":{"@context":"http:\/\/schema.org","@type":"Event","name":"IV Jornadas \u00abLa Mujer y la Econom\u00eda: Ellas investigan\u201d","description":"&lt;p&gt;La Comisi\u00f3n de Igualdad de la Facultad de Econom\u00eda, Empresa y Turismo organiza\u00a0 esta jornada que se celebrar\u00e1 en la citada Facultad el 15 de marzo de 2024, en horario de 9:00 a 14:00 horas. El objetivo principal de la jornada es visibilizar el papel de la mujer en el \u00e1mbito cient\u00edfico y aportar referentes...&lt;\/p&gt;\\n","image":"https:\/\/www.ull.es\/portal\/agenda\/wp-content\/uploads\/sites\/12\/2024\/02\/BannerMujer.png","url":"https:\/\/www.ull.es\/portal\/agenda\/evento\/iv-jornadas-la-mujer-y-la-economia-ellas-investigan\/","startDate":"2024-03-15T09:00:00+00:00","endDate":"2024-03-15T14:00:00+00:00","location":{"@type":"Place","name":"Aula Magna de la Facultad de Econom\u00eda, Empresa y Turismo","description":"","url":"https:\/\/www.ull.es\/portal\/agenda\/local\/aula-magna-de-la-facultad-de-economia-empresa-y-turismo\/","address":{"@type":"PostalAddress","streetAddress":"Campus de Guajara. Universidad de La Laguna"},"geo":{"@type":"GeoCoordinates","latitude":28.469754699999999303372533177025616168975830078125,"longitude":-16.304417799999999516558091272599995136260986328125},"telephone":"","sameAs":""},"organizer":{"@type":"Person","name":"Vicerrectorado de Cultura y Extensi\u00f3n Universitaria","description":"","url":"https:\/\/www.ull.es\/portal\/agenda\/organizador\/vicerrectorado-de-relaciones-con-la-sociedad-2\/","telephone":"","email":"","sameAs":""}}}