{"id":34607,"global_id":"www.ull.es\/portal\/agenda?id=34607","global_id_lineage":["www.ull.es\/portal\/agenda?id=34607"],"author":"65","status":"publish","date":"2024-03-04 11:09:07","date_utc":"2024-03-04 11:09:07","modified":"2024-03-04 14:00:44","modified_utc":"2024-03-04 14:00:44","url":"https:\/\/www.ull.es\/portal\/agenda\/evento\/xi-olimpiada-filosofica-de-canarias\/","rest_url":"https:\/\/www.ull.es\/portal\/agenda\/wp-json\/tribe\/events\/v1\/events\/34607","title":"XI Olimpiada Filos\u00f3fica de Canarias","description":"<div>El\u00a0 viernes 15 de marzo se celebrar\u00e1 en la Universidad de La Laguna\u00a0 la final auton\u00f3mica de la XI Olimpiada Filos\u00f3fica de Canarias.\u00a0 El alumnado que resulte ganador en esta final auton\u00f3mica participar\u00e1 en la Olimpiada Filos\u00f3fica de Espa\u00f1a, que este curso ser\u00e1 en Bilbao en abril.<\/div>\n<div>\n<p>Toda la informaci\u00f3n sobre la final auton\u00f3mica puede consultarse en esta <a href=\"https:\/\/finalautonomicaolimpiadacanarias.blogspot.com\/\" target=\"_blank\" rel=\"noopener\" target=\"_blank\" rel=\"noopener\">p\u00e1gina<\/a>.La XI Olimpiada Filos\u00f3fica de Canarias est\u00e1 organizada por la Asociaci\u00f3n Olimpiada Filos\u00f3fica de Canarias en colaboraci\u00f3n con la Universidad de La Laguna y el Gobierno de Canarias. La Olimpiada Filos\u00f3fica est\u00e1 dirigida al alumnado de bachillerato y 3\u00ba y 4\u00ba de ESO, teniendo como objetivo potenciar la reflexi\u00f3n y el pensamiento cr\u00edtico en el alumnado de Ense\u00f1anza Secundaria. Este a\u00f1o el tema de la Olimpiada es \u201c\u00bfQu\u00e9 es el ocio?\u201d.<\/p>\n<\/div>","excerpt":"","slug":"xi-olimpiada-filosofica-de-canarias","image":{"url":"https:\/\/www.ull.es\/portal\/agenda\/wp-content\/uploads\/sites\/12\/2024\/03\/XI-Olimpiada-Filosofica-de-Canarias_Banner-eventos.png","id":34628,"extension":"png","width":750,"height":370,"filesize":139084,"sizes":{"medium":{"width":300,"height":148,"mime-type":"image\/png","filesize":33479,"url":"https:\/\/www.ull.es\/portal\/agenda\/wp-content\/uploads\/sites\/12\/2024\/03\/XI-Olimpiada-Filosofica-de-Canarias_Banner-eventos-300x148.png"},"thumbnail":{"width":150,"height":150,"mime-type":"image\/png","filesize":16988,"url":"https:\/\/www.ull.es\/portal\/agenda\/wp-content\/uploads\/sites\/12\/2024\/03\/XI-Olimpiada-Filosofica-de-Canarias_Banner-eventos-150x150.png"},"mug-shot":{"width":150,"height":250,"mime-type":"image\/png","filesize":17127,"url":"https:\/\/www.ull.es\/portal\/agenda\/wp-content\/uploads\/sites\/12\/2024\/03\/XI-Olimpiada-Filosofica-de-Canarias_Banner-eventos-150x250.png"},"sidebar":{"width":375,"height":185,"mime-type":"image\/png","filesize":46996,"url":"https:\/\/www.ull.es\/portal\/agenda\/wp-content\/uploads\/sites\/12\/2024\/03\/XI-Olimpiada-Filosofica-de-Canarias_Banner-eventos-375x185.png"},"half":{"width":375,"height":185,"mime-type":"image\/png","filesize":46996,"url":"https:\/\/www.ull.es\/portal\/agenda\/wp-content\/uploads\/sites\/12\/2024\/03\/XI-Olimpiada-Filosofica-de-Canarias_Banner-eventos-375x185.png"},"thimble":{"width":50,"height":50,"mime-type":"image\/png","filesize":3364,"url":"https:\/\/www.ull.es\/portal\/agenda\/wp-content\/uploads\/sites\/12\/2024\/03\/XI-Olimpiada-Filosofica-de-Canarias_Banner-eventos-50x50.png"},"thumbnail-large":{"width":300,"height":300,"mime-type":"image\/png","filesize":49109,"url":"https:\/\/www.ull.es\/portal\/agenda\/wp-content\/uploads\/sites\/12\/2024\/03\/XI-Olimpiada-Filosofica-de-Canarias_Banner-eventos-300x300.png"},"rss":{"width":108,"height":81,"mime-type":"image\/png","filesize":9204,"url":"https:\/\/www.ull.es\/portal\/agenda\/wp-content\/uploads\/sites\/12\/2024\/03\/XI-Olimpiada-Filosofica-de-Canarias_Banner-eventos-108x81.png"}}},"all_day":false,"start_date":"2024-03-15 10:00:00","start_date_details":{"year":"2024","month":"03","day":"15","hour":"10","minutes":"00","seconds":"00"},"end_date":"2024-03-15 18:00:00","end_date_details":{"year":"2024","month":"03","day":"15","hour":"18","minutes":"00","seconds":"00"},"utc_start_date":"2024-03-15 10:00:00","utc_start_date_details":{"year":"2024","month":"03","day":"15","hour":"10","minutes":"00","seconds":"00"},"utc_end_date":"2024-03-15 18:00:00","utc_end_date_details":{"year":"2024","month":"03","day":"15","hour":"18","minutes":"00","seconds":"00"},"timezone":"UTC+0","timezone_abbr":"UTC+0","cost":"","cost_details":{"currency_symbol":"","currency_position":"prefix","values":[]},"website":"","show_map":false,"show_map_link":false,"hide_from_listings":false,"sticky":false,"featured":false,"categories":[{"name":"Destacado ULL","slug":"destacado-ull","term_group":0,"term_taxonomy_id":4,"taxonomy":"tribe_events_cat","description":"","parent":0,"count":4572,"filter":"raw","id":4,"urls":{"self":"https:\/\/www.ull.es\/portal\/agenda\/wp-json\/tribe\/events\/v1\/categories\/4","collection":"https:\/\/www.ull.es\/portal\/agenda\/wp-json\/tribe\/events\/v1\/categories"}},{"name":"Facultad de Humanidades","slug":"facultad-humanidades","term_group":0,"term_taxonomy_id":985,"taxonomy":"tribe_events_cat","description":"","parent":788,"count":354,"filter":"raw","id":985,"urls":{"self":"https:\/\/www.ull.es\/portal\/agenda\/wp-json\/tribe\/events\/v1\/categories\/985","collection":"https:\/\/www.ull.es\/portal\/agenda\/wp-json\/tribe\/events\/v1\/categories","up":"https:\/\/www.ull.es\/portal\/agenda\/wp-json\/tribe\/events\/v1\/categories\/788"}},{"name":"Perfil Estudiante","slug":"perfil-estudiante","term_group":0,"term_taxonomy_id":186,"taxonomy":"tribe_events_cat","description":"","parent":185,"count":2750,"filter":"raw","id":186,"urls":{"self":"https:\/\/www.ull.es\/portal\/agenda\/wp-json\/tribe\/events\/v1\/categories\/186","collection":"https:\/\/www.ull.es\/portal\/agenda\/wp-json\/tribe\/events\/v1\/categories","up":"https:\/\/www.ull.es\/portal\/agenda\/wp-json\/tribe\/events\/v1\/categories\/185"}},{"name":"Portada ULL","slug":"portada-ull","term_group":0,"term_taxonomy_id":191,"taxonomy":"tribe_events_cat","description":"","parent":0,"count":2104,"filter":"raw","id":191,"urls":{"self":"https:\/\/www.ull.es\/portal\/agenda\/wp-json\/tribe\/events\/v1\/categories\/191","collection":"https:\/\/www.ull.es\/portal\/agenda\/wp-json\/tribe\/events\/v1\/categories"}}],"tags":[],"venue":{"id":1312,"author":"21","status":"publish","date":"2017-04-19 09:05:34","date_utc":"2017-04-19 09:05:34","modified":"2017-04-19 09:05:34","modified_utc":"2017-04-19 09:05:34","url":"https:\/\/www.ull.es\/portal\/agenda\/local\/universidad-de-la-laguna\/","venue":"Universidad de La Laguna","slug":"universidad-de-la-laguna","json_ld":{"@type":"Place","name":"Universidad de La Laguna","description":"","url":"https:\/\/www.ull.es\/portal\/agenda\/local\/universidad-de-la-laguna\/","address":{"@type":"PostalAddress"},"telephone":"","sameAs":""},"show_map":true,"show_map_link":true,"global_id":"www.ull.es\/portal\/agenda?id=1312","global_id_lineage":["www.ull.es\/portal\/agenda?id=1312"]},"organizer":[{"id":2641,"author":"21","status":"publish","date":"2017-09-22 10:56:55","date_utc":"2017-09-22 10:56:55","modified":"2017-09-22 10:56:55","modified_utc":"2017-09-22 10:56:55","url":"https:\/\/www.ull.es\/portal\/agenda\/organizador\/gobierno-de-canarias\/","organizer":"Gobierno de Canarias","slug":"gobierno-de-canarias","json_ld":{"@type":"Person","name":"Gobierno de Canarias","description":"","url":"https:\/\/www.ull.es\/portal\/agenda\/organizador\/gobierno-de-canarias\/","telephone":"","email":"","sameAs":""},"global_id":"www.ull.es\/portal\/agenda?id=2641","global_id_lineage":["www.ull.es\/portal\/agenda?id=2641"]},{"id":32494,"author":"43","status":"publish","date":"2024-10-14 10:26:43","date_utc":"2024-10-14 10:26:43","modified":"2024-10-14 10:26:43","modified_utc":"2024-10-14 10:26:43","url":"https:\/\/www.ull.es\/portal\/agenda\/organizador\/seccion-de-filosofia-de-la-facultad-de-humanidades\/","organizer":"Secci\u00f3n de Filosof\u00eda de la Facultad de Humanidades","slug":"seccion-de-filosofia-de-la-facultad-de-humanidades","json_ld":{"@type":"Person","name":"Secci\u00f3n de Filosof\u00eda de la Facultad de Humanidades","description":"","url":"https:\/\/www.ull.es\/portal\/agenda\/organizador\/seccion-de-filosofia-de-la-facultad-de-humanidades\/","telephone":"","email":"","sameAs":""},"global_id":"www.ull.es\/portal\/agenda?id=32494","global_id_lineage":["www.ull.es\/portal\/agenda?id=32494"]},{"id":34609,"author":"65","status":"publish","date":"2024-03-04 11:09:08","date_utc":"2024-03-04 11:09:08","modified":"2024-03-04 11:09:08","modified_utc":"2024-03-04 11:09:08","url":"https:\/\/www.ull.es\/portal\/agenda\/organizador\/asociacion-olimpiada-filosofica-de-canarias-2\/","organizer":"Asociaci\u00f3n Olimpiada Filos\u00f3fica de Canarias","slug":"asociacion-olimpiada-filosofica-de-canarias-2","json_ld":{"@type":"Person","name":"Asociaci\u00f3n Olimpiada Filos\u00f3fica de Canarias","description":"","url":"https:\/\/www.ull.es\/portal\/agenda\/organizador\/asociacion-olimpiada-filosofica-de-canarias-2\/","telephone":"","email":"","sameAs":""},"global_id":"www.ull.es\/portal\/agenda?id=34609","global_id_lineage":["www.ull.es\/portal\/agenda?id=34609"]}],"json_ld":{"@context":"http:\/\/schema.org","@type":"Event","name":"XI Olimpiada Filos\u00f3fica de Canarias","description":"&lt;p&gt;El\u00a0 viernes 15 de marzo se celebrar\u00e1 en la Universidad de La Laguna\u00a0 la final auton\u00f3mica de la XI Olimpiada Filos\u00f3fica de Canarias.\u00a0 El alumnado que resulte ganador en esta final auton\u00f3mica participar\u00e1 en la Olimpiada Filos\u00f3fica de Espa\u00f1a, que este curso ser\u00e1 en Bilbao en abril. Toda la informaci\u00f3n sobre la final auton\u00f3mica puede...&lt;\/p&gt;\\n","image":"https:\/\/www.ull.es\/portal\/agenda\/wp-content\/uploads\/sites\/12\/2024\/03\/XI-Olimpiada-Filosofica-de-Canarias_Banner-eventos.png","url":"https:\/\/www.ull.es\/portal\/agenda\/evento\/xi-olimpiada-filosofica-de-canarias\/","startDate":"2024-03-15T10:00:00+00:00","endDate":"2024-03-15T18:00:00+00:00","location":{"@type":"Place","name":"Universidad de La Laguna","description":"","url":"https:\/\/www.ull.es\/portal\/agenda\/local\/universidad-de-la-laguna\/","address":{"@type":"PostalAddress"},"telephone":"","sameAs":""},"organizer":{"@type":"Person","name":"Asociaci\u00f3n Olimpiada Filos\u00f3fica de Canarias","description":"","url":"https:\/\/www.ull.es\/portal\/agenda\/organizador\/asociacion-olimpiada-filosofica-de-canarias-2\/","telephone":"","email":"","sameAs":""}}}