{"id":35327,"global_id":"www.ull.es\/portal\/agenda?id=35327","global_id_lineage":["www.ull.es\/portal\/agenda?id=35327"],"author":"65","status":"publish","date":"2024-04-11 11:06:59","date_utc":"2024-04-11 11:06:59","modified":"2024-04-18 08:40:00","modified_utc":"2024-04-18 08:40:00","url":"https:\/\/www.ull.es\/portal\/agenda\/evento\/conferencia-emergencia-climatica-realidad-o-fake\/","rest_url":"https:\/\/www.ull.es\/portal\/agenda\/wp-json\/tribe\/events\/v1\/events\/35327","title":"Conferencia: Emergencia clim\u00e1tica \u00bfrealidad o fake?","description":"<p dir=\"ltr\">El 22 de abril, D\u00eda de la Tierra, a las 10:30 h. en la planta 0 de la Biblioteca General y de Humanidades, el profesor\u00a0 Pedro Dorta Antequera, director de la C\u00e1tedra de Reducci\u00f3n del Riesgo de Desastres y Ciudades Resilientes de la ULL, impartir\u00e1 una conferencia en la que contestar\u00e1 a algunas preguntas: \u00bfEs el cambio clim\u00e1tico un problema grave o hay demasiada incertidumbre al respecto? \u00bfQu\u00e9 est\u00e1 pasando en realidad en Canarias?.<\/p>\n<p dir=\"ltr\">La Biblioteca, desde la Comisi\u00f3n de Responsabilidad Social, trabaja los ODS (Objetivos de Desarrollo Sostenible) y apoya iniciativas vinculadas a dichos objetivos.<\/p>\n<p><a href=\"https:\/\/urldefense.com\/v3\/__https:\/\/drive.google.com\/drive\/folders\/1V5QHpiUi27xk-Ka8AbmThl2t1Ay2HZct__;!!D9dNQwwGXtA!QJdeBe3kAXH1fRkY806dj9CkaJ8a7_Jc7TSCilVlzzsyUQgYtGt8zlzb5wD913kfOEa0al-ASkdaIQw$\" target=\"_blank\" rel=\"noopener\" data-saferedirecturl=\"https:\/\/www.google.com\/url?q=https:\/\/urldefense.com\/v3\/__https:\/\/drive.google.com\/drive\/folders\/1V5QHpiUi27xk-Ka8AbmThl2t1Ay2HZct__;!!D9dNQwwGXtA!QJdeBe3kAXH1fRkY806dj9CkaJ8a7_Jc7TSCilVlzzsyUQgYtGt8zlzb5wD913kfOEa0al-ASkdaIQw$&amp;source=gmail&amp;ust=1712919351073000&amp;usg=AOvVaw0d2UkHJqUaZ3yMQi_-liTb\" target=\"_blank\" rel=\"noopener\">Cartel<\/a><\/p>","excerpt":"","slug":"conferencia-emergencia-climatica-realidad-o-fake","image":{"url":"https:\/\/www.ull.es\/portal\/agenda\/wp-content\/uploads\/sites\/12\/2024\/04\/Conferencia-Emergencia-Climatica-ai_Banner-eventos.png","id":35390,"extension":"png","width":750,"height":370,"filesize":50162,"sizes":{"medium":{"width":300,"height":148,"mime-type":"image\/png","filesize":27850,"url":"https:\/\/www.ull.es\/portal\/agenda\/wp-content\/uploads\/sites\/12\/2024\/04\/Conferencia-Emergencia-Climatica-ai_Banner-eventos-300x148.png"},"thumbnail":{"width":150,"height":150,"mime-type":"image\/png","filesize":23967,"url":"https:\/\/www.ull.es\/portal\/agenda\/wp-content\/uploads\/sites\/12\/2024\/04\/Conferencia-Emergencia-Climatica-ai_Banner-eventos-150x150.png"},"mug-shot":{"width":150,"height":250,"mime-type":"image\/png","filesize":29334,"url":"https:\/\/www.ull.es\/portal\/agenda\/wp-content\/uploads\/sites\/12\/2024\/04\/Conferencia-Emergencia-Climatica-ai_Banner-eventos-150x250.png"},"sidebar":{"width":375,"height":185,"mime-type":"image\/png","filesize":37158,"url":"https:\/\/www.ull.es\/portal\/agenda\/wp-content\/uploads\/sites\/12\/2024\/04\/Conferencia-Emergencia-Climatica-ai_Banner-eventos-375x185.png"},"half":{"width":375,"height":185,"mime-type":"image\/png","filesize":37158,"url":"https:\/\/www.ull.es\/portal\/agenda\/wp-content\/uploads\/sites\/12\/2024\/04\/Conferencia-Emergencia-Climatica-ai_Banner-eventos-375x185.png"},"thimble":{"width":50,"height":50,"mime-type":"image\/png","filesize":5092,"url":"https:\/\/www.ull.es\/portal\/agenda\/wp-content\/uploads\/sites\/12\/2024\/04\/Conferencia-Emergencia-Climatica-ai_Banner-eventos-50x50.png"},"thumbnail-large":{"width":300,"height":300,"mime-type":"image\/png","filesize":57026,"url":"https:\/\/www.ull.es\/portal\/agenda\/wp-content\/uploads\/sites\/12\/2024\/04\/Conferencia-Emergencia-Climatica-ai_Banner-eventos-300x300.png"},"rss":{"width":108,"height":81,"mime-type":"image\/png","filesize":11987,"url":"https:\/\/www.ull.es\/portal\/agenda\/wp-content\/uploads\/sites\/12\/2024\/04\/Conferencia-Emergencia-Climatica-ai_Banner-eventos-108x81.png"}}},"all_day":false,"start_date":"2024-04-22 10:30:00","start_date_details":{"year":"2024","month":"04","day":"22","hour":"10","minutes":"30","seconds":"00"},"end_date":"2024-04-22 12:00:00","end_date_details":{"year":"2024","month":"04","day":"22","hour":"12","minutes":"00","seconds":"00"},"utc_start_date":"2024-04-22 10:30:00","utc_start_date_details":{"year":"2024","month":"04","day":"22","hour":"10","minutes":"30","seconds":"00"},"utc_end_date":"2024-04-22 12:00:00","utc_end_date_details":{"year":"2024","month":"04","day":"22","hour":"12","minutes":"00","seconds":"00"},"timezone":"UTC+0","timezone_abbr":"UTC+0","cost":"","cost_details":{"currency_symbol":"","currency_position":"prefix","values":[]},"website":"","show_map":false,"show_map_link":false,"hide_from_listings":false,"sticky":false,"featured":false,"categories":[{"name":"Aulas y C\u00e1tedras culturales","slug":"aulas-culturales","term_group":0,"term_taxonomy_id":344,"taxonomy":"tribe_events_cat","description":"","parent":0,"count":291,"filter":"raw","id":344,"urls":{"self":"https:\/\/www.ull.es\/portal\/agenda\/wp-json\/tribe\/events\/v1\/categories\/344","collection":"https:\/\/www.ull.es\/portal\/agenda\/wp-json\/tribe\/events\/v1\/categories"}},{"name":"Biblioteca Universitaria","slug":"biblioteca-universitaria","term_group":0,"term_taxonomy_id":1669,"taxonomy":"tribe_events_cat","description":"","parent":855,"count":91,"filter":"raw","id":1669,"urls":{"self":"https:\/\/www.ull.es\/portal\/agenda\/wp-json\/tribe\/events\/v1\/categories\/1669","collection":"https:\/\/www.ull.es\/portal\/agenda\/wp-json\/tribe\/events\/v1\/categories","up":"https:\/\/www.ull.es\/portal\/agenda\/wp-json\/tribe\/events\/v1\/categories\/855"}},{"name":"cultura","slug":"cultura","term_group":0,"term_taxonomy_id":3987,"taxonomy":"tribe_events_cat","description":"","parent":0,"count":821,"filter":"raw","id":3987,"urls":{"self":"https:\/\/www.ull.es\/portal\/agenda\/wp-json\/tribe\/events\/v1\/categories\/3987","collection":"https:\/\/www.ull.es\/portal\/agenda\/wp-json\/tribe\/events\/v1\/categories"}},{"name":"Destacado ULL","slug":"destacado-ull","term_group":0,"term_taxonomy_id":4,"taxonomy":"tribe_events_cat","description":"","parent":0,"count":4578,"filter":"raw","id":4,"urls":{"self":"https:\/\/www.ull.es\/portal\/agenda\/wp-json\/tribe\/events\/v1\/categories\/4","collection":"https:\/\/www.ull.es\/portal\/agenda\/wp-json\/tribe\/events\/v1\/categories"}},{"name":"Portada ULL","slug":"portada-ull","term_group":0,"term_taxonomy_id":191,"taxonomy":"tribe_events_cat","description":"","parent":0,"count":2106,"filter":"raw","id":191,"urls":{"self":"https:\/\/www.ull.es\/portal\/agenda\/wp-json\/tribe\/events\/v1\/categories\/191","collection":"https:\/\/www.ull.es\/portal\/agenda\/wp-json\/tribe\/events\/v1\/categories"}}],"tags":[],"venue":{"id":3530,"author":"21","status":"publish","date":"2017-10-17 22:32:43","date_utc":"2017-10-17 22:32:43","modified":"2019-11-21 14:18:53","modified_utc":"2019-11-21 14:18:53","url":"https:\/\/www.ull.es\/portal\/agenda\/local\/biblioteca-general-y-de-humanidades\/","venue":"Biblioteca General y de Humanidades","slug":"biblioteca-general-y-de-humanidades","address":"Camino de la Hornera s\/n","city":"San Crist\u00f3bal de La Laguna","province":"Santa Cruz de Tenerife","zip":"38025","phone":"922317830","website":"https:\/\/www.ull.es\/servicios\/biblioteca\/","stateprovince":"Santa Cruz de Tenerife","json_ld":{"@type":"Place","name":"Biblioteca General y de Humanidades","description":"","url":"https:\/\/www.ull.es\/portal\/agenda\/local\/biblioteca-general-y-de-humanidades\/","address":{"@type":"PostalAddress","streetAddress":"Camino de la Hornera s\/n","addressLocality":"San Crist\u00f3bal de La Laguna","addressRegion":"Santa Cruz de Tenerife","postalCode":"38025"},"telephone":"922317830","sameAs":"https:\/\/www.ull.es\/servicios\/biblioteca\/"},"show_map":false,"show_map_link":true,"global_id":"www.ull.es\/portal\/agenda?id=3530","global_id_lineage":["www.ull.es\/portal\/agenda?id=3530"]},"organizer":[{"id":3557,"author":"21","status":"publish","date":"2017-10-19 11:28:42","date_utc":"2017-10-19 11:28:42","modified":"2023-03-06 12:14:35","modified_utc":"2023-03-06 12:14:35","url":"https:\/\/www.ull.es\/portal\/agenda\/organizador\/biblioteca-de-humanidades\/","organizer":"Biblioteca Universitaria","slug":"biblioteca-de-humanidades","json_ld":{"@type":"Person","name":"Biblioteca Universitaria","description":"","url":"https:\/\/www.ull.es\/portal\/agenda\/organizador\/biblioteca-de-humanidades\/","telephone":"","email":"","sameAs":""},"global_id":"www.ull.es\/portal\/agenda?id=3557","global_id_lineage":["www.ull.es\/portal\/agenda?id=3557"]},{"id":6426,"author":"43","status":"publish","date":"2018-04-09 12:43:32","date_utc":"2018-04-09 12:43:32","modified":"2023-02-08 13:31:42","modified_utc":"2023-02-08 13:31:42","url":"https:\/\/www.ull.es\/portal\/agenda\/organizador\/catedra-cultural-reduccion-del-riesgo-de-desastres-ciudades-resilientes\/","organizer":"C\u00e1tedra Cultural Reducci\u00f3n del Riesgo de Desastres y Ciudades Resilientes","slug":"catedra-cultural-reduccion-del-riesgo-de-desastres-ciudades-resilientes","website":"https:\/\/www.ull.es\/portal\/aulasycatedrasculturales\/catedra-cultural-reduccion-de-riesgos-de-desastres-ciudades-resilientes\/","json_ld":{"@type":"Person","name":"C\u00e1tedra Cultural Reducci\u00f3n del Riesgo de Desastres y Ciudades Resilientes","description":"","url":"https:\/\/www.ull.es\/portal\/agenda\/organizador\/catedra-cultural-reduccion-del-riesgo-de-desastres-ciudades-resilientes\/","telephone":"","email":"","sameAs":"https:\/\/www.ull.es\/portal\/aulasycatedrasculturales\/catedra-cultural-reduccion-de-riesgos-de-desastres-ciudades-resilientes\/"},"global_id":"www.ull.es\/portal\/agenda?id=6426","global_id_lineage":["www.ull.es\/portal\/agenda?id=6426"]}],"json_ld":{"@context":"http:\/\/schema.org","@type":"Event","name":"Conferencia: Emergencia clim\u00e1tica \u00bfrealidad o fake?","description":"&lt;p&gt;El 22 de abril, D\u00eda de la Tierra, a las 10:30 h. en la planta 0 de la Biblioteca General y de Humanidades, el profesor\u00a0 Pedro Dorta Antequera, director de la C\u00e1tedra de Reducci\u00f3n del Riesgo de Desastres y Ciudades Resilientes de la ULL, impartir\u00e1 una conferencia en la que contestar\u00e1 a algunas preguntas: \u00bfEs...&lt;\/p&gt;\\n","image":"https:\/\/www.ull.es\/portal\/agenda\/wp-content\/uploads\/sites\/12\/2024\/04\/Conferencia-Emergencia-Climatica-ai_Banner-eventos.png","url":"https:\/\/www.ull.es\/portal\/agenda\/evento\/conferencia-emergencia-climatica-realidad-o-fake\/","startDate":"2024-04-22T10:30:00+00:00","endDate":"2024-04-22T12:00:00+00:00","location":{"@type":"Place","name":"Biblioteca General y de Humanidades","description":"","url":"https:\/\/www.ull.es\/portal\/agenda\/local\/biblioteca-general-y-de-humanidades\/","address":{"@type":"PostalAddress","streetAddress":"Camino de la Hornera s\/n","addressLocality":"San Crist\u00f3bal de La Laguna","addressRegion":"Santa Cruz de Tenerife","postalCode":"38025"},"telephone":"922317830","sameAs":"https:\/\/www.ull.es\/servicios\/biblioteca\/"},"organizer":{"@type":"Person","name":"Biblioteca Universitaria","description":"","url":"https:\/\/www.ull.es\/portal\/agenda\/organizador\/biblioteca-de-humanidades\/","telephone":"","email":"","sameAs":""}}}