{"id":35518,"global_id":"www.ull.es\/portal\/agenda?id=35518","global_id_lineage":["www.ull.es\/portal\/agenda?id=35518"],"author":"65","status":"publish","date":"2024-04-19 11:10:44","date_utc":"2024-04-19 11:10:44","modified":"2024-04-19 11:11:25","modified_utc":"2024-04-19 11:11:25","url":"https:\/\/www.ull.es\/portal\/agenda\/evento\/presentacion-de-la-obra-farmacologia-en-enfermeria\/","rest_url":"https:\/\/www.ull.es\/portal\/agenda\/wp-json\/tribe\/events\/v1\/events\/35518","title":"Presentaci\u00f3n de la obra &#8216;Castells Hern\u00e1ndez. Farmacolog\u00eda en enfermer\u00eda&#8217;","description":"<p>El jueves 9 de mayo\u00a0 se llevar\u00e1 a cabo la presentaci\u00f3n de una nueva edici\u00f3n de la obra \u00abFarmacolog\u00eda en Enfermer\u00eda\u00bb fruto del trabajo llevado a cabo por un gran n\u00famero de colaboradores (nacionales e internacionales) con dilatada experiencia en los \u00e1mbitos docente y\/o cl\u00ednico de la enfermer\u00eda.<\/p>\n<p>Este libro es un referente para la formaci\u00f3n universitaria enfermera, pero tambi\u00e9n resulta \u00fatil para aquellos profesionales ya titulados que deseen actualizar sus conocimientos en esta materia.<\/p>","excerpt":"","slug":"presentacion-de-la-obra-farmacologia-en-enfermeria","image":{"url":"https:\/\/www.ull.es\/portal\/agenda\/wp-content\/uploads\/sites\/12\/2024\/04\/Invitacion-Presentacion-Hdez-Perez-220x110mm-1_page-0001.jpg","id":35520,"extension":"jpg","width":1300,"height":650,"filesize":317953,"sizes":{"medium":{"width":300,"height":150,"mime-type":"image\/jpeg","filesize":7258,"url":"https:\/\/www.ull.es\/portal\/agenda\/wp-content\/uploads\/sites\/12\/2024\/04\/Invitacion-Presentacion-Hdez-Perez-220x110mm-1_page-0001-300x150.jpg"},"large":{"width":1024,"height":512,"mime-type":"image\/jpeg","filesize":54039,"url":"https:\/\/www.ull.es\/portal\/agenda\/wp-content\/uploads\/sites\/12\/2024\/04\/Invitacion-Presentacion-Hdez-Perez-220x110mm-1_page-0001-1024x512.jpg"},"thumbnail":{"width":150,"height":150,"mime-type":"image\/jpeg","filesize":3871,"url":"https:\/\/www.ull.es\/portal\/agenda\/wp-content\/uploads\/sites\/12\/2024\/04\/Invitacion-Presentacion-Hdez-Perez-220x110mm-1_page-0001-150x150.jpg"},"medium_large":{"width":768,"height":384,"mime-type":"image\/jpeg","filesize":34468,"url":"https:\/\/www.ull.es\/portal\/agenda\/wp-content\/uploads\/sites\/12\/2024\/04\/Invitacion-Presentacion-Hdez-Perez-220x110mm-1_page-0001-768x384.jpg"},"mug-shot":{"width":150,"height":250,"mime-type":"image\/jpeg","filesize":4621,"url":"https:\/\/www.ull.es\/portal\/agenda\/wp-content\/uploads\/sites\/12\/2024\/04\/Invitacion-Presentacion-Hdez-Perez-220x110mm-1_page-0001-150x250.jpg"},"sidebar":{"width":375,"height":188,"mime-type":"image\/jpeg","filesize":10300,"url":"https:\/\/www.ull.es\/portal\/agenda\/wp-content\/uploads\/sites\/12\/2024\/04\/Invitacion-Presentacion-Hdez-Perez-220x110mm-1_page-0001-375x188.jpg"},"half":{"width":375,"height":188,"mime-type":"image\/jpeg","filesize":10300,"url":"https:\/\/www.ull.es\/portal\/agenda\/wp-content\/uploads\/sites\/12\/2024\/04\/Invitacion-Presentacion-Hdez-Perez-220x110mm-1_page-0001-375x188.jpg"},"full-content":{"width":750,"height":375,"mime-type":"image\/jpeg","filesize":32750,"url":"https:\/\/www.ull.es\/portal\/agenda\/wp-content\/uploads\/sites\/12\/2024\/04\/Invitacion-Presentacion-Hdez-Perez-220x110mm-1_page-0001-750x375.jpg"},"page":{"width":1140,"height":570,"mime-type":"image\/jpeg","filesize":62529,"url":"https:\/\/www.ull.es\/portal\/agenda\/wp-content\/uploads\/sites\/12\/2024\/04\/Invitacion-Presentacion-Hdez-Perez-220x110mm-1_page-0001-1140x570.jpg"},"thimble":{"width":50,"height":50,"mime-type":"image\/jpeg","filesize":949,"url":"https:\/\/www.ull.es\/portal\/agenda\/wp-content\/uploads\/sites\/12\/2024\/04\/Invitacion-Presentacion-Hdez-Perez-220x110mm-1_page-0001-50x50.jpg"},"thumbnail-large":{"width":300,"height":300,"mime-type":"image\/jpeg","filesize":11804,"url":"https:\/\/www.ull.es\/portal\/agenda\/wp-content\/uploads\/sites\/12\/2024\/04\/Invitacion-Presentacion-Hdez-Perez-220x110mm-1_page-0001-300x300.jpg"},"rss":{"width":108,"height":81,"mime-type":"image\/jpeg","filesize":1939,"url":"https:\/\/www.ull.es\/portal\/agenda\/wp-content\/uploads\/sites\/12\/2024\/04\/Invitacion-Presentacion-Hdez-Perez-220x110mm-1_page-0001-108x81.jpg"}}},"all_day":false,"start_date":"2024-05-09 17:30:00","start_date_details":{"year":"2024","month":"05","day":"09","hour":"17","minutes":"30","seconds":"00"},"end_date":"2024-05-09 18:30:00","end_date_details":{"year":"2024","month":"05","day":"09","hour":"18","minutes":"30","seconds":"00"},"utc_start_date":"2024-05-09 17:30:00","utc_start_date_details":{"year":"2024","month":"05","day":"09","hour":"17","minutes":"30","seconds":"00"},"utc_end_date":"2024-05-09 18:30:00","utc_end_date_details":{"year":"2024","month":"05","day":"09","hour":"18","minutes":"30","seconds":"00"},"timezone":"UTC+0","timezone_abbr":"UTC+0","cost":"","cost_details":{"currency_symbol":"","currency_position":"prefix","values":[]},"website":"","show_map":false,"show_map_link":false,"hide_from_listings":false,"sticky":false,"featured":false,"categories":[{"name":"Destacado ULL","slug":"destacado-ull","term_group":0,"term_taxonomy_id":4,"taxonomy":"tribe_events_cat","description":"","parent":0,"count":4572,"filter":"raw","id":4,"urls":{"self":"https:\/\/www.ull.es\/portal\/agenda\/wp-json\/tribe\/events\/v1\/categories\/4","collection":"https:\/\/www.ull.es\/portal\/agenda\/wp-json\/tribe\/events\/v1\/categories"}},{"name":"Facultad de Ciencias de la Salud","slug":"facultad-de-ciencias-de-la-salud","term_group":0,"term_taxonomy_id":1090,"taxonomy":"tribe_events_cat","description":"","parent":788,"count":167,"filter":"raw","id":1090,"urls":{"self":"https:\/\/www.ull.es\/portal\/agenda\/wp-json\/tribe\/events\/v1\/categories\/1090","collection":"https:\/\/www.ull.es\/portal\/agenda\/wp-json\/tribe\/events\/v1\/categories","up":"https:\/\/www.ull.es\/portal\/agenda\/wp-json\/tribe\/events\/v1\/categories\/788"}},{"name":"Portada ULL","slug":"portada-ull","term_group":0,"term_taxonomy_id":191,"taxonomy":"tribe_events_cat","description":"","parent":0,"count":2104,"filter":"raw","id":191,"urls":{"self":"https:\/\/www.ull.es\/portal\/agenda\/wp-json\/tribe\/events\/v1\/categories\/191","collection":"https:\/\/www.ull.es\/portal\/agenda\/wp-json\/tribe\/events\/v1\/categories"}}],"tags":[],"venue":{"id":2099,"author":"35","status":"publish","date":"2017-08-31 09:11:04","date_utc":"2017-08-31 09:11:04","modified":"2017-08-31 09:11:04","modified_utc":"2017-08-31 09:11:04","url":"https:\/\/www.ull.es\/portal\/agenda\/local\/salon-de-actos-de-la-facultad-de-ciencias-de-la-salud\/","venue":"Sal\u00f3n de actos de la Facultad de Ciencias de la Salud","slug":"salon-de-actos-de-la-facultad-de-ciencias-de-la-salud","address":"Calle Sta. Mar\u00eda Soledad, s\/n","city":"San Crist\u00f3bal de La Laguna","country":"Espa\u00f1a","province":"Santa Cruz de Tenerife","zip":"38200","website":"http:\/\/www.ull.es\/view\/centros\/cienciassalud\/Inicio\/es","stateprovince":"Santa Cruz de Tenerife","geo_lat":28.481798000000001280795913771726191043853759765625,"geo_lng":-16.316094199999998437533577089197933673858642578125,"json_ld":{"@type":"Place","name":"Sal\u00f3n de actos de la Facultad de Ciencias de la Salud","description":"","url":"https:\/\/www.ull.es\/portal\/agenda\/local\/salon-de-actos-de-la-facultad-de-ciencias-de-la-salud\/","address":{"@type":"PostalAddress","streetAddress":"Calle Sta. Mar\u00eda Soledad, s\/n","addressLocality":"San Crist\u00f3bal de La Laguna","addressRegion":"Santa Cruz de Tenerife","postalCode":"38200","addressCountry":"Espa\u00f1a"},"geo":{"@type":"GeoCoordinates","latitude":28.481798000000001280795913771726191043853759765625,"longitude":-16.316094199999998437533577089197933673858642578125},"telephone":"","sameAs":"http:\/\/www.ull.es\/view\/centros\/cienciassalud\/Inicio\/es"},"show_map":true,"show_map_link":true,"global_id":"www.ull.es\/portal\/agenda?id=2099","global_id_lineage":["www.ull.es\/portal\/agenda?id=2099"]},"organizer":[{"id":5848,"author":"51","status":"publish","date":"2018-03-20 10:14:11","date_utc":"2018-03-20 10:14:11","modified":"2018-03-20 10:14:11","modified_utc":"2018-03-20 10:14:11","url":"https:\/\/www.ull.es\/portal\/agenda\/organizador\/facultad-de-ciencias-de-la-salud\/","organizer":"Facultad de Ciencias de la Salud","slug":"facultad-de-ciencias-de-la-salud","json_ld":{"@type":"Person","name":"Facultad de Ciencias de la Salud","description":"","url":"https:\/\/www.ull.es\/portal\/agenda\/organizador\/facultad-de-ciencias-de-la-salud\/","telephone":"","email":"","sameAs":""},"global_id":"www.ull.es\/portal\/agenda?id=5848","global_id_lineage":["www.ull.es\/portal\/agenda?id=5848"]}],"json_ld":{"@context":"http:\/\/schema.org","@type":"Event","name":"Presentaci\u00f3n de la obra &#8216;Castells Hern\u00e1ndez. Farmacolog\u00eda en enfermer\u00eda&#8217;","description":"&lt;p&gt;El jueves 9 de mayo\u00a0 se llevar\u00e1 a cabo la presentaci\u00f3n de una nueva edici\u00f3n de la obra &quot;Farmacolog\u00eda en Enfermer\u00eda&quot; fruto del trabajo llevado a cabo por un gran n\u00famero de colaboradores (nacionales e internacionales) con dilatada experiencia en los \u00e1mbitos docente y\/o cl\u00ednico de la enfermer\u00eda. Este libro es un referente para la...&lt;\/p&gt;\\n","image":"https:\/\/www.ull.es\/portal\/agenda\/wp-content\/uploads\/sites\/12\/2024\/04\/Invitacion-Presentacion-Hdez-Perez-220x110mm-1_page-0001.jpg","url":"https:\/\/www.ull.es\/portal\/agenda\/evento\/presentacion-de-la-obra-farmacologia-en-enfermeria\/","startDate":"2024-05-09T17:30:00+00:00","endDate":"2024-05-09T18:30:00+00:00","location":{"@type":"Place","name":"Sal\u00f3n de actos de la Facultad de Ciencias de la Salud","description":"","url":"https:\/\/www.ull.es\/portal\/agenda\/local\/salon-de-actos-de-la-facultad-de-ciencias-de-la-salud\/","address":{"@type":"PostalAddress","streetAddress":"Calle Sta. Mar\u00eda Soledad, s\/n","addressLocality":"San Crist\u00f3bal de La Laguna","addressRegion":"Santa Cruz de Tenerife","postalCode":"38200","addressCountry":"Espa\u00f1a"},"geo":{"@type":"GeoCoordinates","latitude":28.481798000000001280795913771726191043853759765625,"longitude":-16.316094199999998437533577089197933673858642578125},"telephone":"","sameAs":"http:\/\/www.ull.es\/view\/centros\/cienciassalud\/Inicio\/es"},"organizer":{"@type":"Person","name":"Facultad de Ciencias de la Salud","description":"","url":"https:\/\/www.ull.es\/portal\/agenda\/organizador\/facultad-de-ciencias-de-la-salud\/","telephone":"","email":"","sameAs":""}}}