{"id":38520,"global_id":"www.ull.es\/portal\/agenda?id=38520","global_id_lineage":["www.ull.es\/portal\/agenda?id=38520"],"author":"65","status":"publish","date":"2024-10-03 07:30:51","date_utc":"2024-10-03 07:30:51","modified":"2025-03-05 09:57:18","modified_utc":"2025-03-05 09:57:18","url":"https:\/\/www.ull.es\/portal\/agenda\/evento\/ix-seminario-internacional-tenerife-noir-de-investigacion-en-el-genero-negro\/","rest_url":"https:\/\/www.ull.es\/portal\/agenda\/wp-json\/tribe\/events\/v1\/events\/38520","title":"IX Seminario Internacional Tenerife Noir de Investigaci\u00f3n en el G\u00e9nero Negro","description":"<p><span style=\"font-weight: 400\">La C\u00e1tedra Cultural Antonio Lozano de G\u00e9nero Criminal y el Departamento de Filolog\u00eda Espa\u00f1ola de la Universidad de La Laguna, con la coordinaci\u00f3n de Tenerife Noir y el Festival Atl\u00e1ntico del G\u00e9nero Negro, organizan el <em>IX Seminario Internacional Tenerife Noir de Investigaci\u00f3n en el G\u00e9nero Negro<\/em> para servir de punto de encuentro entre investigadores sobre el g\u00e9nero criminal. Dado su car\u00e1cter abierto e interdisciplinar, el Seminario pretende ser una cita \u00fatil y provechosa para expertos y j\u00f3venes investigadores en novela y cine negro, que interactuar\u00e1n con lectores y escritores.<\/span><\/p>\n<p><span style=\"font-weight: 400\">Este evento se celebrar\u00e1 de forma presencial en el Campus Guajara de la Universidad de La Laguna entre el 26 y el 28 de marzo de 2025. El objetivo de este encuentro consiste en ofrecer nuevas perspectivas de estudio en distintas manifestaciones del g\u00e9nero negro, en especial las literarias y las audiovisuales, y en desarrollar reflexiones que contribuyan al an\u00e1lisis de estas producciones creativas.<\/span><\/p>\n<p>Direcci\u00f3n acad\u00e9mica: Javier Rivero Grandoso y Ferm\u00edn Dom\u00ednguez Santana. Profesores del\u00a0Departamento de Filolog\u00eda Espa\u00f1ola de la Universidad de La Laguna.<\/p>\n<p>Coordinaci\u00f3n: Alejandro Mart\u00edn Perera, C23CULTURE Consulting&amp;Services.<\/p>\n<p><strong>CERTIFICADO DE ASISTENCIA, APTITUD Y RECONOCIMIENTO POR CR\u00c9DITO ECTS<\/strong><\/p>\n<p>La Universidad de La Laguna, a trav\u00e9s del Vicerrectorado de Cultura y Extensi\u00f3n Universitaria, emitir\u00e1 un certificado de asistencia a todas aquellas personas que asistan a un m\u00ednimo del 80% de las horas lectivas presenciales. Asimismo, aquellas personas que superen el trabajo aut\u00f3nomo del alumnado, recibir\u00e1n un certificado de asistencia y aprovechamiento, reconocible a su vez por un cr\u00e9dito ECTS.<\/p>\n<p>Asistencia gratuita previa inscripci\u00f3n.\u00a0<a href=\"https:\/\/sede.fg.ull.es\/es\/curso\/detalle?code=a25020061&amp;name=ix-seminario-internacional-tenerife-noir-de-investigacion-en-el-genero-negro&amp;query=%3Fcode%3DA25020061\" target=\"_blank\" rel=\"noopener noreferrer\" target=\"_blank\" rel=\"noopener\"><strong><u>Inscr\u00edbete aqu\u00ed.<\/u><\/strong><\/a><\/p>\n<p><strong>Contacto: <\/strong><a href=\"mailto:extuni@ull.edu.es\" target=\"_blank\" rel=\"noopener\" target=\"_blank\" rel=\"noopener\"><strong>extuni@ull.es<\/strong><\/a><\/p>","excerpt":"","slug":"ix-seminario-internacional-tenerife-noir-de-investigacion-en-el-genero-negro","image":{"url":"https:\/\/www.ull.es\/portal\/agenda\/wp-content\/uploads\/sites\/12\/2024\/10\/BannerTenerifeNoir.png","id":40920,"extension":"png","width":750,"height":370,"filesize":79655,"sizes":{"medium":{"width":300,"height":148,"mime-type":"image\/png","filesize":29528,"url":"https:\/\/www.ull.es\/portal\/agenda\/wp-content\/uploads\/sites\/12\/2024\/10\/BannerTenerifeNoir-300x148.png"},"thumbnail":{"width":150,"height":150,"mime-type":"image\/png","filesize":15305,"url":"https:\/\/www.ull.es\/portal\/agenda\/wp-content\/uploads\/sites\/12\/2024\/10\/BannerTenerifeNoir-150x150.png"},"mug-shot":{"width":150,"height":250,"mime-type":"image\/png","filesize":15217,"url":"https:\/\/www.ull.es\/portal\/agenda\/wp-content\/uploads\/sites\/12\/2024\/10\/BannerTenerifeNoir-150x250.png"},"sidebar":{"width":375,"height":185,"mime-type":"image\/png","filesize":40786,"url":"https:\/\/www.ull.es\/portal\/agenda\/wp-content\/uploads\/sites\/12\/2024\/10\/BannerTenerifeNoir-375x185.png"},"half":{"width":375,"height":185,"mime-type":"image\/png","filesize":40786,"url":"https:\/\/www.ull.es\/portal\/agenda\/wp-content\/uploads\/sites\/12\/2024\/10\/BannerTenerifeNoir-375x185.png"},"thimble":{"width":50,"height":50,"mime-type":"image\/png","filesize":2779,"url":"https:\/\/www.ull.es\/portal\/agenda\/wp-content\/uploads\/sites\/12\/2024\/10\/BannerTenerifeNoir-50x50.png"},"thumbnail-large":{"width":300,"height":300,"mime-type":"image\/png","filesize":49471,"url":"https:\/\/www.ull.es\/portal\/agenda\/wp-content\/uploads\/sites\/12\/2024\/10\/BannerTenerifeNoir-300x300.png"},"rss":{"width":108,"height":81,"mime-type":"image\/png","filesize":8139,"url":"https:\/\/www.ull.es\/portal\/agenda\/wp-content\/uploads\/sites\/12\/2024\/10\/BannerTenerifeNoir-108x81.png"}}},"all_day":true,"start_date":"2025-03-26 00:00:00","start_date_details":{"year":"2025","month":"03","day":"26","hour":"00","minutes":"00","seconds":"00"},"end_date":"2025-03-26 23:59:59","end_date_details":{"year":"2025","month":"03","day":"26","hour":"23","minutes":"59","seconds":"59"},"utc_start_date":"2025-03-26 00:00:00","utc_start_date_details":{"year":"2025","month":"03","day":"26","hour":"00","minutes":"00","seconds":"00"},"utc_end_date":"2025-03-26 23:59:59","utc_end_date_details":{"year":"2025","month":"03","day":"26","hour":"23","minutes":"59","seconds":"59"},"timezone":"UTC+0","timezone_abbr":"UTC+0","cost":"","cost_details":{"currency_symbol":"","currency_position":"prefix","values":[]},"website":"https:\/\/www.ull.es\/cultura\/cursos-extension-universitaria\/","show_map":false,"show_map_link":true,"hide_from_listings":false,"sticky":false,"featured":false,"categories":[{"name":"Actividades de Extensi\u00f3n","slug":"actividades-de-extension","term_group":0,"term_taxonomy_id":472,"taxonomy":"tribe_events_cat","description":"","parent":468,"count":1637,"filter":"raw","id":472,"urls":{"self":"https:\/\/www.ull.es\/portal\/agenda\/wp-json\/tribe\/events\/v1\/categories\/472","collection":"https:\/\/www.ull.es\/portal\/agenda\/wp-json\/tribe\/events\/v1\/categories","up":"https:\/\/www.ull.es\/portal\/agenda\/wp-json\/tribe\/events\/v1\/categories\/468"}},{"name":"Aulas y C\u00e1tedras culturales","slug":"aulas-culturales","term_group":0,"term_taxonomy_id":344,"taxonomy":"tribe_events_cat","description":"","parent":0,"count":289,"filter":"raw","id":344,"urls":{"self":"https:\/\/www.ull.es\/portal\/agenda\/wp-json\/tribe\/events\/v1\/categories\/344","collection":"https:\/\/www.ull.es\/portal\/agenda\/wp-json\/tribe\/events\/v1\/categories"}},{"name":"cultura","slug":"cultura","term_group":0,"term_taxonomy_id":3987,"taxonomy":"tribe_events_cat","description":"","parent":0,"count":819,"filter":"raw","id":3987,"urls":{"self":"https:\/\/www.ull.es\/portal\/agenda\/wp-json\/tribe\/events\/v1\/categories\/3987","collection":"https:\/\/www.ull.es\/portal\/agenda\/wp-json\/tribe\/events\/v1\/categories"}},{"name":"Cursos de Aulas y C\u00e1tedras Culturales","slug":"cursos-de-aulas-y-catedras-culturales","term_group":0,"term_taxonomy_id":471,"taxonomy":"tribe_events_cat","description":"","parent":468,"count":620,"filter":"raw","id":471,"urls":{"self":"https:\/\/www.ull.es\/portal\/agenda\/wp-json\/tribe\/events\/v1\/categories\/471","collection":"https:\/\/www.ull.es\/portal\/agenda\/wp-json\/tribe\/events\/v1\/categories","up":"https:\/\/www.ull.es\/portal\/agenda\/wp-json\/tribe\/events\/v1\/categories\/468"}},{"name":"Destacado ULL","slug":"destacado-ull","term_group":0,"term_taxonomy_id":4,"taxonomy":"tribe_events_cat","description":"","parent":0,"count":4572,"filter":"raw","id":4,"urls":{"self":"https:\/\/www.ull.es\/portal\/agenda\/wp-json\/tribe\/events\/v1\/categories\/4","collection":"https:\/\/www.ull.es\/portal\/agenda\/wp-json\/tribe\/events\/v1\/categories"}},{"name":"Filolog\u00eda Espa\u00f1ola","slug":"filologia-espanola","term_group":0,"term_taxonomy_id":473,"taxonomy":"tribe_events_cat","description":"","parent":346,"count":67,"filter":"raw","id":473,"urls":{"self":"https:\/\/www.ull.es\/portal\/agenda\/wp-json\/tribe\/events\/v1\/categories\/473","collection":"https:\/\/www.ull.es\/portal\/agenda\/wp-json\/tribe\/events\/v1\/categories","up":"https:\/\/www.ull.es\/portal\/agenda\/wp-json\/tribe\/events\/v1\/categories\/346"}},{"name":"Perfil Estudiante","slug":"perfil-estudiante","term_group":0,"term_taxonomy_id":186,"taxonomy":"tribe_events_cat","description":"","parent":185,"count":2750,"filter":"raw","id":186,"urls":{"self":"https:\/\/www.ull.es\/portal\/agenda\/wp-json\/tribe\/events\/v1\/categories\/186","collection":"https:\/\/www.ull.es\/portal\/agenda\/wp-json\/tribe\/events\/v1\/categories","up":"https:\/\/www.ull.es\/portal\/agenda\/wp-json\/tribe\/events\/v1\/categories\/185"}},{"name":"Portada ULL","slug":"portada-ull","term_group":0,"term_taxonomy_id":191,"taxonomy":"tribe_events_cat","description":"","parent":0,"count":2104,"filter":"raw","id":191,"urls":{"self":"https:\/\/www.ull.es\/portal\/agenda\/wp-json\/tribe\/events\/v1\/categories\/191","collection":"https:\/\/www.ull.es\/portal\/agenda\/wp-json\/tribe\/events\/v1\/categories"}}],"tags":[{"name":"alumnado ULL","slug":"alumnado-ull","term_group":0,"term_taxonomy_id":4259,"taxonomy":"post_tag","description":"","parent":0,"count":1171,"filter":"raw","id":4259,"urls":{"self":"https:\/\/www.ull.es\/portal\/agenda\/wp-json\/tribe\/events\/v1\/tags\/4259","collection":"https:\/\/www.ull.es\/portal\/agenda\/wp-json\/tribe\/events\/v1\/tags"}},{"name":"Cursos ULL","slug":"cursos-ull","term_group":0,"term_taxonomy_id":977,"taxonomy":"post_tag","description":"","parent":0,"count":1429,"filter":"raw","id":977,"urls":{"self":"https:\/\/www.ull.es\/portal\/agenda\/wp-json\/tribe\/events\/v1\/tags\/977","collection":"https:\/\/www.ull.es\/portal\/agenda\/wp-json\/tribe\/events\/v1\/tags"}},{"name":"Extensi\u00f3n Universitaria ULL","slug":"extension-universitaria-ull","term_group":0,"term_taxonomy_id":3812,"taxonomy":"post_tag","description":"","parent":0,"count":1381,"filter":"raw","id":3812,"urls":{"self":"https:\/\/www.ull.es\/portal\/agenda\/wp-json\/tribe\/events\/v1\/tags\/3812","collection":"https:\/\/www.ull.es\/portal\/agenda\/wp-json\/tribe\/events\/v1\/tags"}},{"name":"Seminarios ULL","slug":"seminarios-ull","term_group":0,"term_taxonomy_id":3751,"taxonomy":"post_tag","description":"","parent":0,"count":1167,"filter":"raw","id":3751,"urls":{"self":"https:\/\/www.ull.es\/portal\/agenda\/wp-json\/tribe\/events\/v1\/tags\/3751","collection":"https:\/\/www.ull.es\/portal\/agenda\/wp-json\/tribe\/events\/v1\/tags"}}],"venue":{"id":173,"author":"1","status":"publish","date":"2017-01-19 11:58:51","date_utc":"2017-01-19 11:58:51","modified":"2017-01-19 11:58:51","modified_utc":"2017-01-19 11:58:51","url":"https:\/\/www.ull.es\/portal\/agenda\/local\/campus-de-guajara\/","venue":"Campus de Guajara","slug":"campus-de-guajara","address":"Campus de Guajara","city":"San Crist\u00f3bal de la Laguna","country":"Espa\u00f1a","province":"Santa Cruz de Tenerife","zip":"38071","stateprovince":"Santa Cruz de Tenerife","json_ld":{"@type":"Place","name":"Campus de Guajara","description":"","url":"https:\/\/www.ull.es\/portal\/agenda\/local\/campus-de-guajara\/","address":{"@type":"PostalAddress","streetAddress":"Campus de Guajara","addressLocality":"San Crist\u00f3bal de la Laguna","addressRegion":"Santa Cruz de Tenerife","postalCode":"38071","addressCountry":"Espa\u00f1a"},"telephone":"","sameAs":""},"show_map":true,"show_map_link":true,"global_id":"www.ull.es\/portal\/agenda?id=173","global_id_lineage":["www.ull.es\/portal\/agenda?id=173"]},"organizer":[{"id":1132,"author":"21","status":"publish","date":"2017-03-27 12:15:57","date_utc":"2017-03-27 12:15:57","modified":"2023-05-02 10:28:59","modified_utc":"2023-05-02 10:28:59","url":"https:\/\/www.ull.es\/portal\/agenda\/organizador\/vicerrectorado-de-relaciones-con-la-sociedad-2\/","organizer":"Vicerrectorado de Cultura y Extensi\u00f3n Universitaria","slug":"vicerrectorado-de-relaciones-con-la-sociedad-2","json_ld":{"@type":"Person","name":"Vicerrectorado de Cultura y Extensi\u00f3n Universitaria","description":"","url":"https:\/\/www.ull.es\/portal\/agenda\/organizador\/vicerrectorado-de-relaciones-con-la-sociedad-2\/","telephone":"","email":"","sameAs":""},"global_id":"www.ull.es\/portal\/agenda?id=1132","global_id_lineage":["www.ull.es\/portal\/agenda?id=1132"]},{"id":20650,"author":"67","status":"publish","date":"2021-11-17 11:19:51","date_utc":"2021-11-17 11:19:51","modified":"2021-11-17 11:19:51","modified_utc":"2021-11-17 11:19:51","url":"https:\/\/www.ull.es\/portal\/agenda\/organizador\/catedra-cultural-antonio-lozano-de-genero-criminal-4\/","organizer":"C\u00e1tedra Cultural Antonio Lozano de G\u00e9nero Criminal","slug":"catedra-cultural-antonio-lozano-de-genero-criminal-4","json_ld":{"@type":"Person","name":"C\u00e1tedra Cultural Antonio Lozano de G\u00e9nero Criminal","description":"","url":"https:\/\/www.ull.es\/portal\/agenda\/organizador\/catedra-cultural-antonio-lozano-de-genero-criminal-4\/","telephone":"","email":"","sameAs":""},"global_id":"www.ull.es\/portal\/agenda?id=20650","global_id_lineage":["www.ull.es\/portal\/agenda?id=20650"]},{"id":1691,"author":"21","status":"publish","date":"2017-06-02 08:53:29","date_utc":"2017-06-02 08:53:29","modified":"2017-06-02 08:53:29","modified_utc":"2017-06-02 08:53:29","url":"https:\/\/www.ull.es\/portal\/agenda\/organizador\/departamento-de-filologia-espanola\/","organizer":"Departamento de Filolog\u00eda Espa\u00f1ola","slug":"departamento-de-filologia-espanola","json_ld":{"@type":"Person","name":"Departamento de Filolog\u00eda Espa\u00f1ola","description":"","url":"https:\/\/www.ull.es\/portal\/agenda\/organizador\/departamento-de-filologia-espanola\/","telephone":"","email":"","sameAs":""},"global_id":"www.ull.es\/portal\/agenda?id=1691","global_id_lineage":["www.ull.es\/portal\/agenda?id=1691"]}],"json_ld":{"@context":"http:\/\/schema.org","@type":"Event","name":"IX Seminario Internacional Tenerife Noir de Investigaci\u00f3n en el G\u00e9nero Negro","description":"&lt;p&gt;La C\u00e1tedra Cultural Antonio Lozano de G\u00e9nero Criminal y el Departamento de Filolog\u00eda Espa\u00f1ola de la Universidad de La Laguna, con la coordinaci\u00f3n de Tenerife Noir y el Festival Atl\u00e1ntico del G\u00e9nero Negro, organizan el IX Seminario Internacional Tenerife Noir de Investigaci\u00f3n en el G\u00e9nero Negro para servir de punto de encuentro entre investigadores sobre...&lt;\/p&gt;\\n","image":"https:\/\/www.ull.es\/portal\/agenda\/wp-content\/uploads\/sites\/12\/2024\/10\/BannerTenerifeNoir.png","url":"https:\/\/www.ull.es\/portal\/agenda\/evento\/ix-seminario-internacional-tenerife-noir-de-investigacion-en-el-genero-negro\/","startDate":"2025-03-26T00:00:00+00:00","endDate":"2025-03-26T23:59:59+00:00","location":{"@type":"Place","name":"Campus de Guajara","description":"","url":"https:\/\/www.ull.es\/portal\/agenda\/local\/campus-de-guajara\/","address":{"@type":"PostalAddress","streetAddress":"Campus de Guajara","addressLocality":"San Crist\u00f3bal de la Laguna","addressRegion":"Santa Cruz de Tenerife","postalCode":"38071","addressCountry":"Espa\u00f1a"},"telephone":"","sameAs":""},"organizer":{"@type":"Person","name":"C\u00e1tedra Cultural Antonio Lozano de G\u00e9nero Criminal","description":"","url":"https:\/\/www.ull.es\/portal\/agenda\/organizador\/catedra-cultural-antonio-lozano-de-genero-criminal-4\/","telephone":"","email":"","sameAs":""}}}