{"id":38813,"global_id":"www.ull.es\/portal\/agenda?id=38813","global_id_lineage":["www.ull.es\/portal\/agenda?id=38813"],"author":"65","status":"publish","date":"2024-10-15 08:45:16","date_utc":"2024-10-15 08:45:16","modified":"2024-10-25 07:32:40","modified_utc":"2024-10-25 07:32:40","url":"https:\/\/www.ull.es\/portal\/agenda\/evento\/campana-de-donacion-de-sangre-en-la-universidad-de-la-laguna-2024-2025\/","rest_url":"https:\/\/www.ull.es\/portal\/agenda\/wp-json\/tribe\/events\/v1\/events\/38813","title":"Campa\u00f1a de Donaci\u00f3n de Sangre en la Universidad de La Laguna 2024-2025","description":"<p>El Instituto Canario de Hemodonaci\u00f3n y Hemoterapia lleva a cabo, como todos los a\u00f1os, la campa\u00f1a de donaci\u00f3n de sangre entre la comunidad universitaria. En esta ocasi\u00f3n, la campa\u00f1a estar\u00e1 activa del\u00a0<strong>14 de octubre al 7 de noviembre de 2024<\/strong>. Las colectas se llevar\u00e1n a cabo en salas ubicadas en las facultades o espacios de la Universidad de La Laguna.<\/p>\n<div class=\"vc_row wpb_row vc_row-fluid\">\n<div class=\"wpb_column vc_column_container vc_col-sm-12\">\n<div class=\"vc_column-inner\">\n<div class=\"wpb_wrapper\">\n<div class=\"wpb_text_column wpb_content_element \">\n<div class=\"wpb_wrapper\">\n<p>A continuaci\u00f3n se muestra la ruta por los diferentes Campus de la Universidad de La Laguna:<\/p>\n<\/div>\n<\/div>\n<\/div>\n<\/div>\n<\/div>\n<\/div>\n<div class=\"vc_row wpb_row vc_row-fluid\">\n<div class=\"wpb_column vc_column_container vc_col-sm-6\">\n<div class=\"vc_column-inner\">\n<div class=\"wpb_wrapper\">\n<div class=\"wpb_text_column wpb_content_element \">\n<div class=\"wpb_wrapper\">\n<ul>\n<li><strong>Del 14 al 17 de octubre en el Campus de Anchieta, en la Facultad de Ciencias<\/strong>\n<ul>\n<li><strong>Secci\u00f3n de Qu\u00edmica (unidad m\u00f3vil)<\/strong><br \/>\nLunes 14: 9:00 h a 19:00 h<\/li>\n<li><strong>Secci\u00f3n de Biolog\u00eda (unidad m\u00f3vil)<\/strong><br \/>\nMartes 15: 9:00 h a 19:00 h<\/li>\n<li><strong>Secci\u00f3n de F\u00edsica y Matem\u00e1ticas (unidad m\u00f3vil)<\/strong><br \/>\nMi\u00e9rcoles 17: 9:00 h a 19:45 h<br \/>\nJueves 18: 9:00 h a 19:00 h<\/li>\n<\/ul>\n<\/li>\n<\/ul>\n<ul>\n<li><strong>Del 21 al 24 de octubre en el Campus de Guajara<\/strong>\n<ul>\n<li><strong>Facultad de Derecho (unidad m\u00f3vil)<br \/>\n<\/strong>Lunes 21: 8:45 h a 19:45 h<\/li>\n<li><strong>Aulario de Guajara (cafeter\u00eda)<\/strong><br \/>\nMartes 22: 8:45 h a 20:00 h<br \/>\nMi\u00e9rcoles 23: 8:45 h a 20:00 h<br \/>\nJueves 24: 8:45 h a 19:45 h<\/li>\n<\/ul>\n<\/li>\n<\/ul>\n<ul>\n<li><strong>Del 4 al 6 de noviembre en el Campus Central<\/strong>\n<ul>\n<li><strong>Parking del Edificio Central (unidad m\u00f3vil)<\/strong><br \/>\nLunes 4: 9:00 h a 19:15 h<br \/>\nMartes5: 9:00 h a 19:15 h<br \/>\nMi\u00e9rcoles 6: 9:00 h a 19:00 h<\/li>\n<\/ul>\n<\/li>\n<\/ul>\n<ul>\n<li><strong>El 7 de noviembre en la Facultad de Educaci\u00f3n (M\u00f3dulo A)<\/strong>\n<ul>\n<li><strong>Calle Heraclio S\u00e1nchez<\/strong><br \/>\nJueves 7: 9:00 h a 19:00 h<\/li>\n<\/ul>\n<\/li>\n<\/ul>\n<ul>\n<li><strong>Desde el 14 de octubre al 7 de noviembre en el Campus de Ofra, en la Facultad de Ciencias de la Salud<\/strong>\n<ul>\n<li><strong>HUC<\/strong><br \/>\nDe domingo a viernes y festivos de 8:30 h a 21:30 h<br \/>\nS\u00e1bado de 8:30 h a 14:30 h y de 15:30 h a 20:00 h<\/li>\n<li><strong>Escuela de Enfermer\u00eda Nuestra Se\u00f1ora de Candelaria. HUNSC<\/strong><br \/>\nDe lunes a viernes de 8:00 h a 20:00 h<br \/>\nS\u00e1bados de 9:00 h a 13:00 h<\/li>\n<\/ul>\n<\/li>\n<\/ul>\n<\/div>\n<\/div>\n<\/div>\n<\/div>\n<\/div>\n<\/div>\n<p>Aqu\u00ed puede consultar la\u00a0<a href=\"https:\/\/drive.google.com\/file\/d\/1d_zLWG8piJyOpLMw5PP-vIHXZeKdJVIL\/view?usp=sharing\" target=\"_blank\" rel=\"noopener\" target=\"_blank\" rel=\"noopener\">ruta y localizacione<\/a>s\u00a0espec\u00edficas en los que se llevar\u00e1 a cabo.<\/p>\n<p>Para mayor informaci\u00f3n pueden visitar la\u00a0<a href=\"http:\/\/efectodonacion.com\/unidades-moviles\/\" target=\"_blank\" rel=\"noopener\" target=\"_blank\" rel=\"noopener\">p\u00e1gina web<\/a>\u00a0 en el apartado de colecta itinerante donde podr\u00e1n consultar toda su programaci\u00f3n.<\/p>","excerpt":"","slug":"campana-de-donacion-de-sangre-en-la-universidad-de-la-laguna-2024-2025","image":{"url":"https:\/\/www.ull.es\/portal\/agenda\/wp-content\/uploads\/sites\/12\/2024\/10\/Esto-no-es-un-corte-de-manga-donacion-de-sangre_Banner-eventos.png","id":38814,"extension":"png","width":750,"height":370,"filesize":133644,"sizes":{"medium":{"width":300,"height":148,"mime-type":"image\/png","filesize":38907,"url":"https:\/\/www.ull.es\/portal\/agenda\/wp-content\/uploads\/sites\/12\/2024\/10\/Esto-no-es-un-corte-de-manga-donacion-de-sangre_Banner-eventos-300x148.png"},"thumbnail":{"width":150,"height":150,"mime-type":"image\/png","filesize":19030,"url":"https:\/\/www.ull.es\/portal\/agenda\/wp-content\/uploads\/sites\/12\/2024\/10\/Esto-no-es-un-corte-de-manga-donacion-de-sangre_Banner-eventos-150x150.png"},"mug-shot":{"width":150,"height":250,"mime-type":"image\/png","filesize":13588,"url":"https:\/\/www.ull.es\/portal\/agenda\/wp-content\/uploads\/sites\/12\/2024\/10\/Esto-no-es-un-corte-de-manga-donacion-de-sangre_Banner-eventos-150x250.png"},"sidebar":{"width":375,"height":185,"mime-type":"image\/png","filesize":53653,"url":"https:\/\/www.ull.es\/portal\/agenda\/wp-content\/uploads\/sites\/12\/2024\/10\/Esto-no-es-un-corte-de-manga-donacion-de-sangre_Banner-eventos-375x185.png"},"half":{"width":375,"height":185,"mime-type":"image\/png","filesize":53653,"url":"https:\/\/www.ull.es\/portal\/agenda\/wp-content\/uploads\/sites\/12\/2024\/10\/Esto-no-es-un-corte-de-manga-donacion-de-sangre_Banner-eventos-375x185.png"},"thimble":{"width":50,"height":50,"mime-type":"image\/png","filesize":3277,"url":"https:\/\/www.ull.es\/portal\/agenda\/wp-content\/uploads\/sites\/12\/2024\/10\/Esto-no-es-un-corte-de-manga-donacion-de-sangre_Banner-eventos-50x50.png"},"thumbnail-large":{"width":300,"height":300,"mime-type":"image\/png","filesize":55376,"url":"https:\/\/www.ull.es\/portal\/agenda\/wp-content\/uploads\/sites\/12\/2024\/10\/Esto-no-es-un-corte-de-manga-donacion-de-sangre_Banner-eventos-300x300.png"},"rss":{"width":108,"height":81,"mime-type":"image\/png","filesize":10995,"url":"https:\/\/www.ull.es\/portal\/agenda\/wp-content\/uploads\/sites\/12\/2024\/10\/Esto-no-es-un-corte-de-manga-donacion-de-sangre_Banner-eventos-108x81.png"}}},"all_day":true,"start_date":"2024-10-14 00:00:00","start_date_details":{"year":"2024","month":"10","day":"14","hour":"00","minutes":"00","seconds":"00"},"end_date":"2024-11-07 23:59:59","end_date_details":{"year":"2024","month":"11","day":"07","hour":"23","minutes":"59","seconds":"59"},"utc_start_date":"2024-10-14 00:00:00","utc_start_date_details":{"year":"2024","month":"10","day":"14","hour":"00","minutes":"00","seconds":"00"},"utc_end_date":"2024-11-07 23:59:59","utc_end_date_details":{"year":"2024","month":"11","day":"07","hour":"23","minutes":"59","seconds":"59"},"timezone":"UTC+0","timezone_abbr":"UTC+0","cost":"","cost_details":{"currency_symbol":"","currency_position":"prefix","values":[]},"website":"","show_map":false,"show_map_link":false,"hide_from_listings":false,"sticky":false,"featured":false,"categories":[{"name":"Centro de Formaci\u00f3n Permanente","slug":"centro-de-formacion-permanente","term_group":0,"term_taxonomy_id":4942,"taxonomy":"tribe_events_cat","description":"","parent":788,"count":8,"filter":"raw","id":4942,"urls":{"self":"https:\/\/www.ull.es\/portal\/agenda\/wp-json\/tribe\/events\/v1\/categories\/4942","collection":"https:\/\/www.ull.es\/portal\/agenda\/wp-json\/tribe\/events\/v1\/categories","up":"https:\/\/www.ull.es\/portal\/agenda\/wp-json\/tribe\/events\/v1\/categories\/788"}},{"name":"Destacado ULL","slug":"destacado-ull","term_group":0,"term_taxonomy_id":4,"taxonomy":"tribe_events_cat","description":"","parent":0,"count":4572,"filter":"raw","id":4,"urls":{"self":"https:\/\/www.ull.es\/portal\/agenda\/wp-json\/tribe\/events\/v1\/categories\/4","collection":"https:\/\/www.ull.es\/portal\/agenda\/wp-json\/tribe\/events\/v1\/categories"}},{"name":"Escuela de Doctorado y Estudios de Posgrado","slug":"escuela-de-doctorado-y-estudios-de-posgrado","term_group":0,"term_taxonomy_id":1103,"taxonomy":"tribe_events_cat","description":"","parent":788,"count":222,"filter":"raw","id":1103,"urls":{"self":"https:\/\/www.ull.es\/portal\/agenda\/wp-json\/tribe\/events\/v1\/categories\/1103","collection":"https:\/\/www.ull.es\/portal\/agenda\/wp-json\/tribe\/events\/v1\/categories","up":"https:\/\/www.ull.es\/portal\/agenda\/wp-json\/tribe\/events\/v1\/categories\/788"}},{"name":"Escuela Polit\u00e9cnica Superior de Ingenier\u00eda","slug":"escuela-politecnica-superior-de-ingenieria","term_group":0,"term_taxonomy_id":915,"taxonomy":"tribe_events_cat","description":"","parent":788,"count":124,"filter":"raw","id":915,"urls":{"self":"https:\/\/www.ull.es\/portal\/agenda\/wp-json\/tribe\/events\/v1\/categories\/915","collection":"https:\/\/www.ull.es\/portal\/agenda\/wp-json\/tribe\/events\/v1\/categories","up":"https:\/\/www.ull.es\/portal\/agenda\/wp-json\/tribe\/events\/v1\/categories\/788"}},{"name":"Escuela Superior de Ingenier\u00eda y Tecnolog\u00eda","slug":"escuela-superior-de-ingenieria-y-tecnologia","term_group":0,"term_taxonomy_id":789,"taxonomy":"tribe_events_cat","description":"","parent":788,"count":158,"filter":"raw","id":789,"urls":{"self":"https:\/\/www.ull.es\/portal\/agenda\/wp-json\/tribe\/events\/v1\/categories\/789","collection":"https:\/\/www.ull.es\/portal\/agenda\/wp-json\/tribe\/events\/v1\/categories","up":"https:\/\/www.ull.es\/portal\/agenda\/wp-json\/tribe\/events\/v1\/categories\/788"}},{"name":"Facultad de Bellas Artes","slug":"facultad-de-bellas-artes","term_group":0,"term_taxonomy_id":3096,"taxonomy":"tribe_events_cat","description":"","parent":788,"count":108,"filter":"raw","id":3096,"urls":{"self":"https:\/\/www.ull.es\/portal\/agenda\/wp-json\/tribe\/events\/v1\/categories\/3096","collection":"https:\/\/www.ull.es\/portal\/agenda\/wp-json\/tribe\/events\/v1\/categories","up":"https:\/\/www.ull.es\/portal\/agenda\/wp-json\/tribe\/events\/v1\/categories\/788"}},{"name":"Facultad de Ciencias","slug":"facultad-de-ciencias","term_group":0,"term_taxonomy_id":972,"taxonomy":"tribe_events_cat","description":"","parent":788,"count":396,"filter":"raw","id":972,"urls":{"self":"https:\/\/www.ull.es\/portal\/agenda\/wp-json\/tribe\/events\/v1\/categories\/972","collection":"https:\/\/www.ull.es\/portal\/agenda\/wp-json\/tribe\/events\/v1\/categories","up":"https:\/\/www.ull.es\/portal\/agenda\/wp-json\/tribe\/events\/v1\/categories\/788"}},{"name":"Facultad de Ciencias de la Salud","slug":"facultad-de-ciencias-de-la-salud","term_group":0,"term_taxonomy_id":1090,"taxonomy":"tribe_events_cat","description":"","parent":788,"count":167,"filter":"raw","id":1090,"urls":{"self":"https:\/\/www.ull.es\/portal\/agenda\/wp-json\/tribe\/events\/v1\/categories\/1090","collection":"https:\/\/www.ull.es\/portal\/agenda\/wp-json\/tribe\/events\/v1\/categories","up":"https:\/\/www.ull.es\/portal\/agenda\/wp-json\/tribe\/events\/v1\/categories\/788"}},{"name":"Facultad de Ciencias Sociales y de la Comunicaci\u00f3n","slug":"facultad-de-ciencias-politicas-sociales-y-de-la-comunicacion","term_group":0,"term_taxonomy_id":848,"taxonomy":"tribe_events_cat","description":"","parent":788,"count":195,"filter":"raw","id":848,"urls":{"self":"https:\/\/www.ull.es\/portal\/agenda\/wp-json\/tribe\/events\/v1\/categories\/848","collection":"https:\/\/www.ull.es\/portal\/agenda\/wp-json\/tribe\/events\/v1\/categories","up":"https:\/\/www.ull.es\/portal\/agenda\/wp-json\/tribe\/events\/v1\/categories\/788"}},{"name":"Facultad de Derecho","slug":"facultad-de-derecho","term_group":0,"term_taxonomy_id":865,"taxonomy":"tribe_events_cat","description":"","parent":788,"count":326,"filter":"raw","id":865,"urls":{"self":"https:\/\/www.ull.es\/portal\/agenda\/wp-json\/tribe\/events\/v1\/categories\/865","collection":"https:\/\/www.ull.es\/portal\/agenda\/wp-json\/tribe\/events\/v1\/categories","up":"https:\/\/www.ull.es\/portal\/agenda\/wp-json\/tribe\/events\/v1\/categories\/788"}},{"name":"Facultad de Econom\u00eda, Empresa y Turismo","slug":"facultad-de-economia-empresa-y-turismo","term_group":0,"term_taxonomy_id":937,"taxonomy":"tribe_events_cat","description":"","parent":788,"count":241,"filter":"raw","id":937,"urls":{"self":"https:\/\/www.ull.es\/portal\/agenda\/wp-json\/tribe\/events\/v1\/categories\/937","collection":"https:\/\/www.ull.es\/portal\/agenda\/wp-json\/tribe\/events\/v1\/categories","up":"https:\/\/www.ull.es\/portal\/agenda\/wp-json\/tribe\/events\/v1\/categories\/788"}},{"name":"Facultad de Educaci\u00f3n","slug":"facultad-educacion","term_group":0,"term_taxonomy_id":815,"taxonomy":"tribe_events_cat","description":"","parent":788,"count":187,"filter":"raw","id":815,"urls":{"self":"https:\/\/www.ull.es\/portal\/agenda\/wp-json\/tribe\/events\/v1\/categories\/815","collection":"https:\/\/www.ull.es\/portal\/agenda\/wp-json\/tribe\/events\/v1\/categories","up":"https:\/\/www.ull.es\/portal\/agenda\/wp-json\/tribe\/events\/v1\/categories\/788"}},{"name":"Facultad de Farmacia","slug":"facultad-de-farmacia","term_group":0,"term_taxonomy_id":2580,"taxonomy":"tribe_events_cat","description":"","parent":788,"count":99,"filter":"raw","id":2580,"urls":{"self":"https:\/\/www.ull.es\/portal\/agenda\/wp-json\/tribe\/events\/v1\/categories\/2580","collection":"https:\/\/www.ull.es\/portal\/agenda\/wp-json\/tribe\/events\/v1\/categories","up":"https:\/\/www.ull.es\/portal\/agenda\/wp-json\/tribe\/events\/v1\/categories\/788"}},{"name":"Facultad de Humanidades","slug":"facultad-humanidades","term_group":0,"term_taxonomy_id":985,"taxonomy":"tribe_events_cat","description":"","parent":788,"count":354,"filter":"raw","id":985,"urls":{"self":"https:\/\/www.ull.es\/portal\/agenda\/wp-json\/tribe\/events\/v1\/categories\/985","collection":"https:\/\/www.ull.es\/portal\/agenda\/wp-json\/tribe\/events\/v1\/categories","up":"https:\/\/www.ull.es\/portal\/agenda\/wp-json\/tribe\/events\/v1\/categories\/788"}},{"name":"Facultad de Psicolog\u00eda y Logopedia","slug":"facultad-de-psicologia-y-logopedia","term_group":0,"term_taxonomy_id":1831,"taxonomy":"tribe_events_cat","description":"","parent":788,"count":166,"filter":"raw","id":1831,"urls":{"self":"https:\/\/www.ull.es\/portal\/agenda\/wp-json\/tribe\/events\/v1\/categories\/1831","collection":"https:\/\/www.ull.es\/portal\/agenda\/wp-json\/tribe\/events\/v1\/categories","up":"https:\/\/www.ull.es\/portal\/agenda\/wp-json\/tribe\/events\/v1\/categories\/788"}},{"name":"Facultades y Escuelas","slug":"facultades-y-escuelas","term_group":0,"term_taxonomy_id":788,"taxonomy":"tribe_events_cat","description":"","parent":0,"count":16,"filter":"raw","id":788,"urls":{"self":"https:\/\/www.ull.es\/portal\/agenda\/wp-json\/tribe\/events\/v1\/categories\/788","collection":"https:\/\/www.ull.es\/portal\/agenda\/wp-json\/tribe\/events\/v1\/categories"}},{"name":"Perfil Estudiante","slug":"perfil-estudiante","term_group":0,"term_taxonomy_id":186,"taxonomy":"tribe_events_cat","description":"","parent":185,"count":2750,"filter":"raw","id":186,"urls":{"self":"https:\/\/www.ull.es\/portal\/agenda\/wp-json\/tribe\/events\/v1\/categories\/186","collection":"https:\/\/www.ull.es\/portal\/agenda\/wp-json\/tribe\/events\/v1\/categories","up":"https:\/\/www.ull.es\/portal\/agenda\/wp-json\/tribe\/events\/v1\/categories\/185"}},{"name":"Portada ULL","slug":"portada-ull","term_group":0,"term_taxonomy_id":191,"taxonomy":"tribe_events_cat","description":"","parent":0,"count":2104,"filter":"raw","id":191,"urls":{"self":"https:\/\/www.ull.es\/portal\/agenda\/wp-json\/tribe\/events\/v1\/categories\/191","collection":"https:\/\/www.ull.es\/portal\/agenda\/wp-json\/tribe\/events\/v1\/categories"}}],"tags":[],"venue":{"id":1312,"author":"21","status":"publish","date":"2017-04-19 09:05:34","date_utc":"2017-04-19 09:05:34","modified":"2017-04-19 09:05:34","modified_utc":"2017-04-19 09:05:34","url":"https:\/\/www.ull.es\/portal\/agenda\/local\/universidad-de-la-laguna\/","venue":"Universidad de La Laguna","slug":"universidad-de-la-laguna","json_ld":{"@type":"Place","name":"Universidad de La Laguna","description":"","url":"https:\/\/www.ull.es\/portal\/agenda\/local\/universidad-de-la-laguna\/","address":{"@type":"PostalAddress"},"telephone":"","sameAs":""},"show_map":true,"show_map_link":true,"global_id":"www.ull.es\/portal\/agenda?id=1312","global_id_lineage":["www.ull.es\/portal\/agenda?id=1312"]},"organizer":[{"id":7952,"author":"51","status":"publish","date":"2018-07-16 07:27:13","date_utc":"2018-07-16 07:27:13","modified":"2022-09-19 14:18:44","modified_utc":"2022-09-19 14:18:44","url":"https:\/\/www.ull.es\/portal\/agenda\/organizador\/universidad-de-la-laguna-10\/","organizer":"Universidad de La Laguna","slug":"universidad-de-la-laguna-10","phone":"900 43 25 26","website":"www.ull.es","json_ld":{"@type":"Person","name":"Universidad de La Laguna","description":"","url":"https:\/\/www.ull.es\/portal\/agenda\/organizador\/universidad-de-la-laguna-10\/","telephone":"900 43 25 26","email":"","sameAs":"http:\/\/www.ull.es"},"global_id":"www.ull.es\/portal\/agenda?id=7952","global_id_lineage":["www.ull.es\/portal\/agenda?id=7952"]},{"id":2511,"author":"21","status":"publish","date":"2017-09-19 11:59:05","date_utc":"2017-09-19 11:59:05","modified":"2026-03-02 12:05:30","modified_utc":"2026-03-02 12:05:30","url":"https:\/\/www.ull.es\/portal\/agenda\/organizador\/instituto-canario-de-hemodonacion-y-hemoterapia\/","organizer":"Direcci\u00f3n General de Hemodonaci\u00f3n y Hemoterapia del Servicio Canario de la Salud","slug":"instituto-canario-de-hemodonacion-y-hemoterapia","json_ld":{"@type":"Person","name":"Direcci\u00f3n General de Hemodonaci\u00f3n y Hemoterapia del Servicio Canario de la Salud","description":"","url":"https:\/\/www.ull.es\/portal\/agenda\/organizador\/instituto-canario-de-hemodonacion-y-hemoterapia\/","telephone":"","email":"","sameAs":""},"global_id":"www.ull.es\/portal\/agenda?id=2511","global_id_lineage":["www.ull.es\/portal\/agenda?id=2511"]}],"json_ld":{"@context":"http:\/\/schema.org","@type":"Event","name":"Campa\u00f1a de Donaci\u00f3n de Sangre en la Universidad de La Laguna 2024-2025","description":"&lt;p&gt;El Instituto Canario de Hemodonaci\u00f3n y Hemoterapia lleva a cabo, como todos los a\u00f1os, la campa\u00f1a de donaci\u00f3n de sangre entre la comunidad universitaria. En esta ocasi\u00f3n, la campa\u00f1a estar\u00e1 activa del\u00a014 de octubre al 7 de noviembre de 2024. Las colectas se llevar\u00e1n a cabo en salas ubicadas en las facultades o espacios de...&lt;\/p&gt;\\n","image":"https:\/\/www.ull.es\/portal\/agenda\/wp-content\/uploads\/sites\/12\/2024\/10\/Esto-no-es-un-corte-de-manga-donacion-de-sangre_Banner-eventos.png","url":"https:\/\/www.ull.es\/portal\/agenda\/evento\/campana-de-donacion-de-sangre-en-la-universidad-de-la-laguna-2024-2025\/","startDate":"2024-10-14T00:00:00+00:00","endDate":"2024-11-07T23:59:59+00:00","location":{"@type":"Place","name":"Universidad de La Laguna","description":"","url":"https:\/\/www.ull.es\/portal\/agenda\/local\/universidad-de-la-laguna\/","address":{"@type":"PostalAddress"},"telephone":"","sameAs":""},"organizer":{"@type":"Person","name":"Universidad de La Laguna","description":"","url":"https:\/\/www.ull.es\/portal\/agenda\/organizador\/universidad-de-la-laguna-10\/","telephone":"900 43 25 26","email":"","sameAs":"http:\/\/www.ull.es"}}}