{"id":39222,"global_id":"www.ull.es\/portal\/agenda?id=39222","global_id_lineage":["www.ull.es\/portal\/agenda?id=39222"],"author":"65","status":"publish","date":"2024-11-06 09:22:45","date_utc":"2024-11-06 09:22:45","modified":"2024-11-06 14:33:08","modified_utc":"2024-11-06 14:33:08","url":"https:\/\/www.ull.es\/portal\/agenda\/evento\/presentacion-de-la-antologia-poetica-de-ventura-doreste\/","rest_url":"https:\/\/www.ull.es\/portal\/agenda\/wp-json\/tribe\/events\/v1\/events\/39222","title":"Presentaci\u00f3n de la antolog\u00eda po\u00e9tica de Ventura Doreste","description":"<p>La C\u00e1tedra Cultural Pedro Garc\u00eda Cabrera de la Universidad de La Laguna organiza la presentaci\u00f3n de la antolog\u00eda po\u00e9tica de Ventura Doreste, &#8216;Poemas de andar y ver&#8217;, con un estudio y notas de Felipe Garc\u00eda Land\u00edn. Ser\u00e1 el 28 de noviembre de 2024 a las 19:00 horas en la Biblioteca General y de Humanidades en el campus de Guajara.<\/p>\n<p>Intervendr\u00e1n:<\/p>\n<ul>\n<li>Felipe Garc\u00eda Land\u00edn, ant\u00f3logo.<\/li>\n<li>Juan Manuel Garc\u00eda Ramos, Catedr\u00e1tico Em\u00e9rito de Filolog\u00eda Espa\u00f1ola de la ULL y escritor.<\/li>\n<li>Andr\u00e9s Doreste Zamora.<\/li>\n<\/ul>","excerpt":"","slug":"presentacion-de-la-antologia-poetica-de-ventura-doreste","image":{"url":"https:\/\/www.ull.es\/portal\/agenda\/wp-content\/uploads\/sites\/12\/2024\/11\/Presentacion-de-la-antologia-poetica-de-Ventura-Doreste_Banner-eventos.png","id":39258,"extension":"png","width":1563,"height":771,"filesize":77290,"sizes":{"medium":{"width":300,"height":148,"mime-type":"image\/png","filesize":25844,"url":"https:\/\/www.ull.es\/portal\/agenda\/wp-content\/uploads\/sites\/12\/2024\/11\/Presentacion-de-la-antologia-poetica-de-Ventura-Doreste_Banner-eventos-300x148.png"},"large":{"width":1024,"height":505,"mime-type":"image\/png","filesize":119663,"url":"https:\/\/www.ull.es\/portal\/agenda\/wp-content\/uploads\/sites\/12\/2024\/11\/Presentacion-de-la-antologia-poetica-de-Ventura-Doreste_Banner-eventos-1024x505.png"},"thumbnail":{"width":150,"height":150,"mime-type":"image\/png","filesize":12599,"url":"https:\/\/www.ull.es\/portal\/agenda\/wp-content\/uploads\/sites\/12\/2024\/11\/Presentacion-de-la-antologia-poetica-de-Ventura-Doreste_Banner-eventos-150x150.png"},"medium_large":{"width":768,"height":379,"mime-type":"image\/png","filesize":86399,"url":"https:\/\/www.ull.es\/portal\/agenda\/wp-content\/uploads\/sites\/12\/2024\/11\/Presentacion-de-la-antologia-poetica-de-Ventura-Doreste_Banner-eventos-768x379.png"},"1536x1536":{"width":1536,"height":758,"mime-type":"image\/png","filesize":188251,"url":"https:\/\/www.ull.es\/portal\/agenda\/wp-content\/uploads\/sites\/12\/2024\/11\/Presentacion-de-la-antologia-poetica-de-Ventura-Doreste_Banner-eventos-1536x758.png"},"mug-shot":{"width":150,"height":250,"mime-type":"image\/png","filesize":10919,"url":"https:\/\/www.ull.es\/portal\/agenda\/wp-content\/uploads\/sites\/12\/2024\/11\/Presentacion-de-la-antologia-poetica-de-Ventura-Doreste_Banner-eventos-150x250.png"},"sidebar":{"width":375,"height":185,"mime-type":"image\/png","filesize":35373,"url":"https:\/\/www.ull.es\/portal\/agenda\/wp-content\/uploads\/sites\/12\/2024\/11\/Presentacion-de-la-antologia-poetica-de-Ventura-Doreste_Banner-eventos-375x185.png"},"half":{"width":375,"height":185,"mime-type":"image\/png","filesize":35373,"url":"https:\/\/www.ull.es\/portal\/agenda\/wp-content\/uploads\/sites\/12\/2024\/11\/Presentacion-de-la-antologia-poetica-de-Ventura-Doreste_Banner-eventos-375x185.png"},"full-content":{"width":750,"height":370,"mime-type":"image\/png","filesize":84331,"url":"https:\/\/www.ull.es\/portal\/agenda\/wp-content\/uploads\/sites\/12\/2024\/11\/Presentacion-de-la-antologia-poetica-de-Ventura-Doreste_Banner-eventos-750x370.png"},"page":{"width":1140,"height":562,"mime-type":"image\/png","filesize":134657,"url":"https:\/\/www.ull.es\/portal\/agenda\/wp-content\/uploads\/sites\/12\/2024\/11\/Presentacion-de-la-antologia-poetica-de-Ventura-Doreste_Banner-eventos-1140x562.png"},"thimble":{"width":50,"height":50,"mime-type":"image\/png","filesize":2703,"url":"https:\/\/www.ull.es\/portal\/agenda\/wp-content\/uploads\/sites\/12\/2024\/11\/Presentacion-de-la-antologia-poetica-de-Ventura-Doreste_Banner-eventos-50x50.png"},"thumbnail-large":{"width":300,"height":300,"mime-type":"image\/png","filesize":30373,"url":"https:\/\/www.ull.es\/portal\/agenda\/wp-content\/uploads\/sites\/12\/2024\/11\/Presentacion-de-la-antologia-poetica-de-Ventura-Doreste_Banner-eventos-300x300.png"},"rss":{"width":108,"height":81,"mime-type":"image\/png","filesize":7876,"url":"https:\/\/www.ull.es\/portal\/agenda\/wp-content\/uploads\/sites\/12\/2024\/11\/Presentacion-de-la-antologia-poetica-de-Ventura-Doreste_Banner-eventos-108x81.png"}}},"all_day":false,"start_date":"2024-11-28 19:00:00","start_date_details":{"year":"2024","month":"11","day":"28","hour":"19","minutes":"00","seconds":"00"},"end_date":"2024-11-28 20:30:00","end_date_details":{"year":"2024","month":"11","day":"28","hour":"20","minutes":"30","seconds":"00"},"utc_start_date":"2024-11-28 19:00:00","utc_start_date_details":{"year":"2024","month":"11","day":"28","hour":"19","minutes":"00","seconds":"00"},"utc_end_date":"2024-11-28 20:30:00","utc_end_date_details":{"year":"2024","month":"11","day":"28","hour":"20","minutes":"30","seconds":"00"},"timezone":"UTC+0","timezone_abbr":"UTC+0","cost":"","cost_details":{"currency_symbol":"","currency_position":"prefix","values":[]},"website":"","show_map":false,"show_map_link":false,"hide_from_listings":false,"sticky":false,"featured":false,"categories":[{"name":"Aulas y C\u00e1tedras culturales","slug":"aulas-culturales","term_group":0,"term_taxonomy_id":344,"taxonomy":"tribe_events_cat","description":"","parent":0,"count":289,"filter":"raw","id":344,"urls":{"self":"https:\/\/www.ull.es\/portal\/agenda\/wp-json\/tribe\/events\/v1\/categories\/344","collection":"https:\/\/www.ull.es\/portal\/agenda\/wp-json\/tribe\/events\/v1\/categories"}},{"name":"Biblioteca Universitaria","slug":"biblioteca-universitaria","term_group":0,"term_taxonomy_id":1669,"taxonomy":"tribe_events_cat","description":"","parent":855,"count":90,"filter":"raw","id":1669,"urls":{"self":"https:\/\/www.ull.es\/portal\/agenda\/wp-json\/tribe\/events\/v1\/categories\/1669","collection":"https:\/\/www.ull.es\/portal\/agenda\/wp-json\/tribe\/events\/v1\/categories","up":"https:\/\/www.ull.es\/portal\/agenda\/wp-json\/tribe\/events\/v1\/categories\/855"}},{"name":"cultura","slug":"cultura","term_group":0,"term_taxonomy_id":3987,"taxonomy":"tribe_events_cat","description":"","parent":0,"count":819,"filter":"raw","id":3987,"urls":{"self":"https:\/\/www.ull.es\/portal\/agenda\/wp-json\/tribe\/events\/v1\/categories\/3987","collection":"https:\/\/www.ull.es\/portal\/agenda\/wp-json\/tribe\/events\/v1\/categories"}}],"tags":[],"venue":{"id":3530,"author":"21","status":"publish","date":"2017-10-17 22:32:43","date_utc":"2017-10-17 22:32:43","modified":"2019-11-21 14:18:53","modified_utc":"2019-11-21 14:18:53","url":"https:\/\/www.ull.es\/portal\/agenda\/local\/biblioteca-general-y-de-humanidades\/","venue":"Biblioteca General y de Humanidades","slug":"biblioteca-general-y-de-humanidades","address":"Camino de la Hornera s\/n","city":"San Crist\u00f3bal de La Laguna","province":"Santa Cruz de Tenerife","zip":"38025","phone":"922317830","website":"https:\/\/www.ull.es\/servicios\/biblioteca\/","stateprovince":"Santa Cruz de Tenerife","json_ld":{"@type":"Place","name":"Biblioteca General y de Humanidades","description":"","url":"https:\/\/www.ull.es\/portal\/agenda\/local\/biblioteca-general-y-de-humanidades\/","address":{"@type":"PostalAddress","streetAddress":"Camino de la Hornera s\/n","addressLocality":"San Crist\u00f3bal de La Laguna","addressRegion":"Santa Cruz de Tenerife","postalCode":"38025"},"telephone":"922317830","sameAs":"https:\/\/www.ull.es\/servicios\/biblioteca\/"},"show_map":false,"show_map_link":true,"global_id":"www.ull.es\/portal\/agenda?id=3530","global_id_lineage":["www.ull.es\/portal\/agenda?id=3530"]},"organizer":[{"id":3479,"author":"30","status":"publish","date":"2017-10-16 08:56:01","date_utc":"2017-10-16 08:56:01","modified":"2017-10-16 08:56:01","modified_utc":"2017-10-16 08:56:01","url":"https:\/\/www.ull.es\/portal\/agenda\/organizador\/catedra-cultural-pedro-garcia-cabrera\/","organizer":"C\u00e1tedra Cultural Pedro Garc\u00eda Cabrera","slug":"catedra-cultural-pedro-garcia-cabrera","json_ld":{"@type":"Person","name":"C\u00e1tedra Cultural Pedro Garc\u00eda Cabrera","description":"","url":"https:\/\/www.ull.es\/portal\/agenda\/organizador\/catedra-cultural-pedro-garcia-cabrera\/","telephone":"","email":"","sameAs":""},"global_id":"www.ull.es\/portal\/agenda?id=3479","global_id_lineage":["www.ull.es\/portal\/agenda?id=3479"]}],"json_ld":{"@context":"http:\/\/schema.org","@type":"Event","name":"Presentaci\u00f3n de la antolog\u00eda po\u00e9tica de Ventura Doreste","description":"&lt;p&gt;La C\u00e1tedra Cultural Pedro Garc\u00eda Cabrera de la Universidad de La Laguna organiza la presentaci\u00f3n de la antolog\u00eda po\u00e9tica de Ventura Doreste, \\'Poemas de andar y ver\\', con un estudio y notas de Felipe Garc\u00eda Land\u00edn. Ser\u00e1 el 28 de noviembre de 2024 a las 19:00 horas en la Biblioteca General y de Humanidades en...&lt;\/p&gt;\\n","image":"https:\/\/www.ull.es\/portal\/agenda\/wp-content\/uploads\/sites\/12\/2024\/11\/Presentacion-de-la-antologia-poetica-de-Ventura-Doreste_Banner-eventos.png","url":"https:\/\/www.ull.es\/portal\/agenda\/evento\/presentacion-de-la-antologia-poetica-de-ventura-doreste\/","startDate":"2024-11-28T19:00:00+00:00","endDate":"2024-11-28T20:30:00+00:00","location":{"@type":"Place","name":"Biblioteca General y de Humanidades","description":"","url":"https:\/\/www.ull.es\/portal\/agenda\/local\/biblioteca-general-y-de-humanidades\/","address":{"@type":"PostalAddress","streetAddress":"Camino de la Hornera s\/n","addressLocality":"San Crist\u00f3bal de La Laguna","addressRegion":"Santa Cruz de Tenerife","postalCode":"38025"},"telephone":"922317830","sameAs":"https:\/\/www.ull.es\/servicios\/biblioteca\/"},"organizer":{"@type":"Person","name":"C\u00e1tedra Cultural Pedro Garc\u00eda Cabrera","description":"","url":"https:\/\/www.ull.es\/portal\/agenda\/organizador\/catedra-cultural-pedro-garcia-cabrera\/","telephone":"","email":"","sameAs":""}}}