{"id":40404,"global_id":"www.ull.es\/portal\/agenda?id=40404","global_id_lineage":["www.ull.es\/portal\/agenda?id=40404"],"author":"65","status":"publish","date":"2025-01-30 10:35:58","date_utc":"2025-01-30 10:35:58","modified":"2025-02-25 13:12:49","modified_utc":"2025-02-25 13:12:49","url":"https:\/\/www.ull.es\/portal\/agenda\/evento\/dia-institucional-de-la-universidad-de-la-laguna-2025\/","rest_url":"https:\/\/www.ull.es\/portal\/agenda\/wp-json\/tribe\/events\/v1\/events\/40404","title":"D\u00eda Institucional de la Universidad de La Laguna 2025","description":"<p>Como cada a\u00f1o la Universidad de La Laguna celebra, en colaboraci\u00f3n con Alumni ULL, su D\u00eda Institucional para conmemorar la fecha de su nacimiento como instituci\u00f3n. En esta ceremonia se reconoce el talento y la creatividad en la docencia, la investigaci\u00f3n, la internacionalizaci\u00f3n, la gesti\u00f3n y el mecenazgo. En el mismo acto interviene la asociaci\u00f3n Alumni ULL, que hace entrega de sus propios galardones. El acto se celebrar\u00e1 el 11 de marzo en el Paraninfo a las 19:00 horas.<\/p>\n<p><strong>Programa<\/strong><\/p>\n<ul>\n<li>Proyecci\u00f3n del v\u00eddeo: \u201cLo que fue noticia en 2024\u201d.<\/li>\n<li>Bienvenida a cargo de las personas responsables de la presentaci\u00f3n del acto.<\/li>\n<li>Entrega de Premios de Alumni ULL.\n<ul>\n<li>XV Premio Alonso de Nava Grim\u00f3n Universidad de La Laguna.<\/li>\n<li>XXII Premio a los Valores Humanos en la Universidad de La Laguna Jos\u00e9 Luis Garc\u00eda P\u00e9rez Alumni ULL-Consejo Social de la ULL.<\/li>\n<li>VII Premio a los Mejores Trabajos Fin de M\u00e1ster en la Universidad de La Laguna Curso 2023-2024 Alumni ULL \u2013 Consejo Social de la ULL.<\/li>\n<li>XIII Premio al Mejor Expediente Acad\u00e9mico de la Universidad de La Laguna Curso 2023-2024.<\/li>\n<\/ul>\n<\/li>\n<li>Palabras de Sr. presidente de Alumni ULL.<\/li>\n<li>Actuaci\u00f3n Musical de Candelaria Gonz\u00e1lez.<\/li>\n<li>Entrega de los Premios Institucionales de la Universidad de La Laguna.\n<ul>\n<li>XIV Premio a la Innovaci\u00f3n y Transferencia Educativa<\/li>\n<li>XIV Premio a la Investigaci\u00f3n y III Premio a la investigaci\u00f3n categor\u00eda Junior<\/li>\n<li>X Premio a la Internacionalizaci\u00f3n<\/li>\n<li>XIV Premio a las Mejores Pr\u00e1cticas en Administraci\u00f3n y Servicios<\/li>\n<li>II Premio al M\u00e9rito Acad\u00e9mico<\/li>\n<li>II Premio a la Excelencia Docente<\/li>\n<li>Premio al Mecenazgo<\/li>\n<\/ul>\n<\/li>\n<li>\u00a0In Memoriam<\/li>\n<li>Palabras del Sr. Rector.<\/li>\n<li>Gaudeamus.<\/li>\n<li>Cierre de la Sesi\u00f3n.<\/li>\n<\/ul>","excerpt":"","slug":"dia-institucional-de-la-universidad-de-la-laguna-2025","image":{"url":"https:\/\/www.ull.es\/portal\/agenda\/wp-content\/uploads\/sites\/12\/2025\/01\/Dia-Institucional-de-la-ULL-2025_Banner-eventos.png","id":40686,"extension":"png","width":750,"height":370,"filesize":192317,"sizes":{"medium":{"width":300,"height":148,"mime-type":"image\/png","filesize":42225,"url":"https:\/\/www.ull.es\/portal\/agenda\/wp-content\/uploads\/sites\/12\/2025\/01\/Dia-Institucional-de-la-ULL-2025_Banner-eventos-300x148.png"},"thumbnail":{"width":150,"height":150,"mime-type":"image\/png","filesize":25392,"url":"https:\/\/www.ull.es\/portal\/agenda\/wp-content\/uploads\/sites\/12\/2025\/01\/Dia-Institucional-de-la-ULL-2025_Banner-eventos-150x150.png"},"mug-shot":{"width":150,"height":250,"mime-type":"image\/png","filesize":32678,"url":"https:\/\/www.ull.es\/portal\/agenda\/wp-content\/uploads\/sites\/12\/2025\/01\/Dia-Institucional-de-la-ULL-2025_Banner-eventos-150x250.png"},"sidebar":{"width":375,"height":185,"mime-type":"image\/png","filesize":58838,"url":"https:\/\/www.ull.es\/portal\/agenda\/wp-content\/uploads\/sites\/12\/2025\/01\/Dia-Institucional-de-la-ULL-2025_Banner-eventos-375x185.png"},"half":{"width":375,"height":185,"mime-type":"image\/png","filesize":58838,"url":"https:\/\/www.ull.es\/portal\/agenda\/wp-content\/uploads\/sites\/12\/2025\/01\/Dia-Institucional-de-la-ULL-2025_Banner-eventos-375x185.png"},"thimble":{"width":50,"height":50,"mime-type":"image\/png","filesize":4650,"url":"https:\/\/www.ull.es\/portal\/agenda\/wp-content\/uploads\/sites\/12\/2025\/01\/Dia-Institucional-de-la-ULL-2025_Banner-eventos-50x50.png"},"thumbnail-large":{"width":300,"height":300,"mime-type":"image\/png","filesize":69474,"url":"https:\/\/www.ull.es\/portal\/agenda\/wp-content\/uploads\/sites\/12\/2025\/01\/Dia-Institucional-de-la-ULL-2025_Banner-eventos-300x300.png"},"rss":{"width":108,"height":81,"mime-type":"image\/png","filesize":12302,"url":"https:\/\/www.ull.es\/portal\/agenda\/wp-content\/uploads\/sites\/12\/2025\/01\/Dia-Institucional-de-la-ULL-2025_Banner-eventos-108x81.png"}}},"all_day":false,"start_date":"2025-03-11 19:00:00","start_date_details":{"year":"2025","month":"03","day":"11","hour":"19","minutes":"00","seconds":"00"},"end_date":"2025-03-11 21:00:00","end_date_details":{"year":"2025","month":"03","day":"11","hour":"21","minutes":"00","seconds":"00"},"utc_start_date":"2025-03-11 19:00:00","utc_start_date_details":{"year":"2025","month":"03","day":"11","hour":"19","minutes":"00","seconds":"00"},"utc_end_date":"2025-03-11 21:00:00","utc_end_date_details":{"year":"2025","month":"03","day":"11","hour":"21","minutes":"00","seconds":"00"},"timezone":"UTC+0","timezone_abbr":"UTC+0","cost":"","cost_details":{"currency_symbol":"","currency_position":"prefix","values":[]},"website":"","show_map":false,"show_map_link":false,"hide_from_listings":false,"sticky":false,"featured":false,"categories":[{"name":"Destacado ULL","slug":"destacado-ull","term_group":0,"term_taxonomy_id":4,"taxonomy":"tribe_events_cat","description":"","parent":0,"count":4572,"filter":"raw","id":4,"urls":{"self":"https:\/\/www.ull.es\/portal\/agenda\/wp-json\/tribe\/events\/v1\/categories\/4","collection":"https:\/\/www.ull.es\/portal\/agenda\/wp-json\/tribe\/events\/v1\/categories"}},{"name":"Paraninfo","slug":"paraninfo","term_group":0,"term_taxonomy_id":343,"taxonomy":"tribe_events_cat","description":"","parent":0,"count":580,"filter":"raw","id":343,"urls":{"self":"https:\/\/www.ull.es\/portal\/agenda\/wp-json\/tribe\/events\/v1\/categories\/343","collection":"https:\/\/www.ull.es\/portal\/agenda\/wp-json\/tribe\/events\/v1\/categories"}},{"name":"Perfil Entidades y Organizaciones","slug":"perfil-entidades-y-organizaciones","term_group":0,"term_taxonomy_id":189,"taxonomy":"tribe_events_cat","description":"","parent":185,"count":10,"filter":"raw","id":189,"urls":{"self":"https:\/\/www.ull.es\/portal\/agenda\/wp-json\/tribe\/events\/v1\/categories\/189","collection":"https:\/\/www.ull.es\/portal\/agenda\/wp-json\/tribe\/events\/v1\/categories","up":"https:\/\/www.ull.es\/portal\/agenda\/wp-json\/tribe\/events\/v1\/categories\/185"}},{"name":"Perfil Estudiante","slug":"perfil-estudiante","term_group":0,"term_taxonomy_id":186,"taxonomy":"tribe_events_cat","description":"","parent":185,"count":2750,"filter":"raw","id":186,"urls":{"self":"https:\/\/www.ull.es\/portal\/agenda\/wp-json\/tribe\/events\/v1\/categories\/186","collection":"https:\/\/www.ull.es\/portal\/agenda\/wp-json\/tribe\/events\/v1\/categories","up":"https:\/\/www.ull.es\/portal\/agenda\/wp-json\/tribe\/events\/v1\/categories\/185"}},{"name":"Perfil PAS","slug":"perfil-pas","term_group":0,"term_taxonomy_id":188,"taxonomy":"tribe_events_cat","description":"","parent":185,"count":77,"filter":"raw","id":188,"urls":{"self":"https:\/\/www.ull.es\/portal\/agenda\/wp-json\/tribe\/events\/v1\/categories\/188","collection":"https:\/\/www.ull.es\/portal\/agenda\/wp-json\/tribe\/events\/v1\/categories","up":"https:\/\/www.ull.es\/portal\/agenda\/wp-json\/tribe\/events\/v1\/categories\/185"}},{"name":"Perfil PDI","slug":"perfil-pdi","term_group":0,"term_taxonomy_id":187,"taxonomy":"tribe_events_cat","description":"","parent":185,"count":194,"filter":"raw","id":187,"urls":{"self":"https:\/\/www.ull.es\/portal\/agenda\/wp-json\/tribe\/events\/v1\/categories\/187","collection":"https:\/\/www.ull.es\/portal\/agenda\/wp-json\/tribe\/events\/v1\/categories","up":"https:\/\/www.ull.es\/portal\/agenda\/wp-json\/tribe\/events\/v1\/categories\/185"}},{"name":"Portada ULL","slug":"portada-ull","term_group":0,"term_taxonomy_id":191,"taxonomy":"tribe_events_cat","description":"","parent":0,"count":2104,"filter":"raw","id":191,"urls":{"self":"https:\/\/www.ull.es\/portal\/agenda\/wp-json\/tribe\/events\/v1\/categories\/191","collection":"https:\/\/www.ull.es\/portal\/agenda\/wp-json\/tribe\/events\/v1\/categories"}}],"tags":[],"venue":{"id":4360,"author":"21","status":"publish","date":"2017-12-01 08:50:55","date_utc":"2017-12-01 08:50:55","modified":"2026-01-29 08:50:08","modified_utc":"2026-01-29 08:50:08","url":"https:\/\/www.ull.es\/portal\/agenda\/local\/paraninfo-de-la-universidad-de-la-laguna\/","venue":"Paraninfo","slug":"paraninfo-de-la-universidad-de-la-laguna","address":"C\/ Pedro Zerolo, s\/n","city":"San Crist\u00f3bal de La Laguna","country":"Espa\u00f1a","province":"Santa Cruz de Tenerife","zip":"38200","phone":"922 31 96 08","website":"https:\/\/www.ull.es\/cultura\/paraninfo\/","stateprovince":"Santa Cruz de Tenerife","geo_lat":28.48162930000000159225237439386546611785888671875,"geo_lng":-16.317014000000000351064954884350299835205078125,"json_ld":{"@type":"Place","name":"Paraninfo","description":"","url":"https:\/\/www.ull.es\/portal\/agenda\/local\/paraninfo-de-la-universidad-de-la-laguna\/","address":{"@type":"PostalAddress","streetAddress":"C\/ Pedro Zerolo, s\/n","addressLocality":"San Crist\u00f3bal de La Laguna","addressRegion":"Santa Cruz de Tenerife","postalCode":"38200","addressCountry":"Espa\u00f1a"},"geo":{"@type":"GeoCoordinates","latitude":28.48162930000000159225237439386546611785888671875,"longitude":-16.317014000000000351064954884350299835205078125},"telephone":"922 31 96 08","sameAs":"https:\/\/www.ull.es\/cultura\/paraninfo\/"},"show_map":false,"show_map_link":true,"global_id":"www.ull.es\/portal\/agenda?id=4360","global_id_lineage":["www.ull.es\/portal\/agenda?id=4360"]},"organizer":[{"id":7952,"author":"51","status":"publish","date":"2018-07-16 07:27:13","date_utc":"2018-07-16 07:27:13","modified":"2022-09-19 14:18:44","modified_utc":"2022-09-19 14:18:44","url":"https:\/\/www.ull.es\/portal\/agenda\/organizador\/universidad-de-la-laguna-10\/","organizer":"Universidad de La Laguna","slug":"universidad-de-la-laguna-10","phone":"900 43 25 26","website":"www.ull.es","json_ld":{"@type":"Person","name":"Universidad de La Laguna","description":"","url":"https:\/\/www.ull.es\/portal\/agenda\/organizador\/universidad-de-la-laguna-10\/","telephone":"900 43 25 26","email":"","sameAs":"http:\/\/www.ull.es"},"global_id":"www.ull.es\/portal\/agenda?id=7952","global_id_lineage":["www.ull.es\/portal\/agenda?id=7952"]}],"json_ld":{"@context":"http:\/\/schema.org","@type":"Event","name":"D\u00eda Institucional de la Universidad de La Laguna 2025","description":"&lt;p&gt;Como cada a\u00f1o la Universidad de La Laguna celebra, en colaboraci\u00f3n con Alumni ULL, su D\u00eda Institucional para conmemorar la fecha de su nacimiento como instituci\u00f3n. En esta ceremonia se reconoce el talento y la creatividad en la docencia, la investigaci\u00f3n, la internacionalizaci\u00f3n, la gesti\u00f3n y el mecenazgo. En el mismo acto interviene la asociaci\u00f3n...&lt;\/p&gt;\\n","image":"https:\/\/www.ull.es\/portal\/agenda\/wp-content\/uploads\/sites\/12\/2025\/01\/Dia-Institucional-de-la-ULL-2025_Banner-eventos.png","url":"https:\/\/www.ull.es\/portal\/agenda\/evento\/dia-institucional-de-la-universidad-de-la-laguna-2025\/","startDate":"2025-03-11T19:00:00+00:00","endDate":"2025-03-11T21:00:00+00:00","location":{"@type":"Place","name":"Paraninfo","description":"","url":"https:\/\/www.ull.es\/portal\/agenda\/local\/paraninfo-de-la-universidad-de-la-laguna\/","address":{"@type":"PostalAddress","streetAddress":"C\/ Pedro Zerolo, s\/n","addressLocality":"San Crist\u00f3bal de La Laguna","addressRegion":"Santa Cruz de Tenerife","postalCode":"38200","addressCountry":"Espa\u00f1a"},"geo":{"@type":"GeoCoordinates","latitude":28.48162930000000159225237439386546611785888671875,"longitude":-16.317014000000000351064954884350299835205078125},"telephone":"922 31 96 08","sameAs":"https:\/\/www.ull.es\/cultura\/paraninfo\/"},"organizer":{"@type":"Person","name":"Universidad de La Laguna","description":"","url":"https:\/\/www.ull.es\/portal\/agenda\/organizador\/universidad-de-la-laguna-10\/","telephone":"900 43 25 26","email":"","sameAs":"http:\/\/www.ull.es"}}}