{"id":41028,"global_id":"www.ull.es\/portal\/agenda?id=41028","global_id_lineage":["www.ull.es\/portal\/agenda?id=41028"],"author":"65","status":"publish","date":"2025-02-25 14:14:54","date_utc":"2025-02-25 14:14:54","modified":"2025-02-25 14:14:54","modified_utc":"2025-02-25 14:14:54","url":"https:\/\/www.ull.es\/portal\/agenda\/evento\/tenerife-noir-del-papel-a-la-pantalla-crimen-en-streaming\/","rest_url":"https:\/\/www.ull.es\/portal\/agenda\/wp-json\/tribe\/events\/v1\/events\/41028","title":"Tenerife Noir. \u201cDel papel a la pantalla\u201d: Crimen en streaming","description":"<p>La d\u00e9cima edici\u00f3n de Tenerife Noir comprende una amplia red de conexiones multidisciplinares entre la literatura, el audiovisual, la m\u00fasica o el teatro. Todas ellas confluyen en un \u00fanico discurso sobre un g\u00e9nero que dentro de cada una de ellas nos ha ofrecido a nombres que se han erigido en verdaderos iconos.<\/p>\n<p>La proyecci\u00f3n de la literatura a trav\u00e9s de sus adaptaciones audiovisuales en el cine o la televisi\u00f3n se han convertido en una inmensa ventana de promoci\u00f3n de obras y autores y un dinamizador de ventas de estas ideas originalmente concebidas como palabras en papel impreso.<\/p>\n<p>Tenerife Noir plantea dentro de su secci\u00f3n &#8216;Del papel a la pantalla&#8217; un territorio com\u00fan entre creadores de diferentes medios a la hora de continuar insuflando vida a planteamientos literarios a trav\u00e9s de la peque\u00f1a pantalla. Autores literarios de primer\u00edsima relevancia como Mikel Santiago, Jon Arretxe y Mike Santiago se dar\u00e1n cita en esta jornada especial de Tenerife Noir sobre el escenario del Paraninfo, para atestiguar de forma directa la forma en que su obra se ha prodigado en las corrientes audiovisuales, dando pie a nuevas generaciones de fans en el entorno trans-media.<\/p>\n<p><strong>&#8216;\u00daltima noche en Tremor&#8217;\u00a0 con Mikel Santiago<\/strong><\/p>\n<p>Mikel Santiago inicia su andadura en el mundo literario publicando relatos y cuentos en internet. Lleg\u00f3 a autoeditar cuatro libros, Historia de un crimen perfecto (2010), La isla de los cien ojos (2010), El perro negro (2012) y Noche de Almas y otros relatos de terror (2013), mediante una plataforma para escritores independientes que permite distribuir en librer\u00edas como Barnes &amp; Noble e iBooks. Tres de sus libros estuvieron en la lista de los 10 m\u00e1s vendidos en Estados Unidos.<\/p>\n<p>En 2014 public\u00f3 su primera novela editada por Ediciones B, La \u00faltima noche en Tremore Beach, de la que ya se han vendido m\u00e1s de 40.000 copias y que ha sido traducida a casi una veintena de idiomas. En 2023, Netflix anunci\u00f3 la producci\u00f3n de una serie basada en la novela, a cargo del director y guionista Oriol Paulo. Con El mentiroso (2020) comenz\u00f3 una serie de novelas ambientadas en Illumbe, un pueblo imaginario de El Pa\u00eds Vasco, en el que tambi\u00e9n transcurren En plena noche (2021) y Entre los muertos (2022) y de la que ya se han vendido m\u00e1s de 300.000 ejemplares.<\/p>\n<p><strong>&#8216;Detective Tour\u00e9&#8217; con Jon Arretxe<\/strong><\/p>\n<p>Es doctor en Filolog\u00eda Vasca, licenciado en Educaci\u00f3n F\u00edsica y ha completado, en los conservatorios de Bilbao y Vitoria, sus estudios de piano y canto. Desde el a\u00f1o 2004 reside en Arbizu (Navarra). Este polifac\u00e9tico y exitoso autor tiene la creaci\u00f3n literaria por oficio, ofrece conferencias sobre sus libros o viajes y, adem\u00e1s, canta \u00f3pera.<\/p>\n<p>Su incursi\u00f3n en la escritura fue a trav\u00e9s de la literatura de viajes: 7 Colores, Tubabu, El sur de la memoria&#8230; aunque durante los \u00faltimos a\u00f1os se ha centrado m\u00e1s en el g\u00e9nero negro. Ha publicado t\u00edtulos como Shahmar\u00e1n, Sue\u00f1os de T\u00e1nger, La banda de Arruti\u2026y, fundamentalmente, la saga de su detective-vidente Tour\u00e9. Un personaje a trav\u00e9s de cuyas andanzas el autor nos hace part\u00edcipes de las vivencias y penalidades de los \u00absin papeles\u00bb. Autor inagotable, tambi\u00e9n ha escrito literatura dirigida al p\u00fablico infantil y juvenil, con t\u00edtulos como Hacia la Gran Muralla o Los latidos de la Tierra.<\/p>\n<p><strong>&#8216;Reina Roja&#8217; con Juan G\u00f3mez-Jurado<\/strong><\/p>\n<p>Juan G\u00f3mez-Jurado (Madrid, 1977) es periodista y autor de varias novelas de gran \u00e9xito, traducidas a cuarenta lenguas. Las obras sobre el universo de Antonia Scott (El paciente, Cicatriz, Reina Roja, Loba Negra y Rey Blanco, todas ellas publicadas en Ediciones B) se han convertido en el mayor fen\u00f3meno de ventas del thriller espa\u00f1ol y han consagrado a su autor como uno de los m\u00e1ximos exponentes del g\u00e9nero a nivel internacional. Amazon Prime ha adaptado a serie Reina Roja, en uno de los proyectos audiovisuales m\u00e1s esperados a nivel internacional, y se encuentra en proceso de rodaje Loba Negra. En 2022 arranc\u00f3 una nueva trilog\u00eda dentro del Universo Reina Roja compuesto por Todo Arde, Todo Vuelve y finalizada por Todo Muere, que se public\u00f3 a finales de 2024.<\/p>\n<p>Actualmente colabora con varios medios y es cocreador de los podcast Todopoderosos y Aqu\u00ed hay dragones junto a Javier Cansado, Rodrigo Cort\u00e9s y Arturo Gonz\u00e1lez-Campos.<\/p>\n<p><span lang=\"es\"><a href=\"https:\/\/www.ecoentradas.com\/elegirsesion\/2557\" target=\"_blank\" rel=\"noopener\" target=\"_blank\" rel=\"noopener\">Entradas<\/a>: 5 <\/span>\u20ac\u00a0p\u00fablico general<\/p>","excerpt":"","slug":"tenerife-noir-del-papel-a-la-pantalla-crimen-en-streaming","image":{"url":"https:\/\/www.ull.es\/portal\/agenda\/wp-content\/uploads\/sites\/12\/2025\/02\/Del-Papel-a-la-Pantalla-TF-Noir-2025-Agenda-web-y-pagina-de-Cultura.jpg","id":41029,"extension":"jpg","width":750,"height":370,"filesize":141693,"sizes":{"medium":{"width":300,"height":148,"mime-type":"image\/jpeg","filesize":11154,"url":"https:\/\/www.ull.es\/portal\/agenda\/wp-content\/uploads\/sites\/12\/2025\/02\/Del-Papel-a-la-Pantalla-TF-Noir-2025-Agenda-web-y-pagina-de-Cultura-300x148.jpg"},"thumbnail":{"width":150,"height":150,"mime-type":"image\/jpeg","filesize":6815,"url":"https:\/\/www.ull.es\/portal\/agenda\/wp-content\/uploads\/sites\/12\/2025\/02\/Del-Papel-a-la-Pantalla-TF-Noir-2025-Agenda-web-y-pagina-de-Cultura-150x150.jpg"},"mug-shot":{"width":150,"height":250,"mime-type":"image\/jpeg","filesize":9795,"url":"https:\/\/www.ull.es\/portal\/agenda\/wp-content\/uploads\/sites\/12\/2025\/02\/Del-Papel-a-la-Pantalla-TF-Noir-2025-Agenda-web-y-pagina-de-Cultura-150x250.jpg"},"sidebar":{"width":375,"height":185,"mime-type":"image\/jpeg","filesize":16338,"url":"https:\/\/www.ull.es\/portal\/agenda\/wp-content\/uploads\/sites\/12\/2025\/02\/Del-Papel-a-la-Pantalla-TF-Noir-2025-Agenda-web-y-pagina-de-Cultura-375x185.jpg"},"half":{"width":375,"height":185,"mime-type":"image\/jpeg","filesize":16338,"url":"https:\/\/www.ull.es\/portal\/agenda\/wp-content\/uploads\/sites\/12\/2025\/02\/Del-Papel-a-la-Pantalla-TF-Noir-2025-Agenda-web-y-pagina-de-Cultura-375x185.jpg"},"thimble":{"width":50,"height":50,"mime-type":"image\/jpeg","filesize":1566,"url":"https:\/\/www.ull.es\/portal\/agenda\/wp-content\/uploads\/sites\/12\/2025\/02\/Del-Papel-a-la-Pantalla-TF-Noir-2025-Agenda-web-y-pagina-de-Cultura-50x50.jpg"},"thumbnail-large":{"width":300,"height":300,"mime-type":"image\/jpeg","filesize":21680,"url":"https:\/\/www.ull.es\/portal\/agenda\/wp-content\/uploads\/sites\/12\/2025\/02\/Del-Papel-a-la-Pantalla-TF-Noir-2025-Agenda-web-y-pagina-de-Cultura-300x300.jpg"},"rss":{"width":108,"height":81,"mime-type":"image\/jpeg","filesize":3595,"url":"https:\/\/www.ull.es\/portal\/agenda\/wp-content\/uploads\/sites\/12\/2025\/02\/Del-Papel-a-la-Pantalla-TF-Noir-2025-Agenda-web-y-pagina-de-Cultura-108x81.jpg"}}},"all_day":false,"start_date":"2025-03-26 17:00:00","start_date_details":{"year":"2025","month":"03","day":"26","hour":"17","minutes":"00","seconds":"00"},"end_date":"2025-03-26 20:00:00","end_date_details":{"year":"2025","month":"03","day":"26","hour":"20","minutes":"00","seconds":"00"},"utc_start_date":"2025-03-26 17:00:00","utc_start_date_details":{"year":"2025","month":"03","day":"26","hour":"17","minutes":"00","seconds":"00"},"utc_end_date":"2025-03-26 20:00:00","utc_end_date_details":{"year":"2025","month":"03","day":"26","hour":"20","minutes":"00","seconds":"00"},"timezone":"UTC+0","timezone_abbr":"UTC+0","cost":"","cost_details":{"currency_symbol":"","currency_position":"prefix","values":[]},"website":"","show_map":false,"show_map_link":false,"hide_from_listings":false,"sticky":false,"featured":false,"categories":[{"name":"cultura","slug":"cultura","term_group":0,"term_taxonomy_id":3987,"taxonomy":"tribe_events_cat","description":"","parent":0,"count":821,"filter":"raw","id":3987,"urls":{"self":"https:\/\/www.ull.es\/portal\/agenda\/wp-json\/tribe\/events\/v1\/categories\/3987","collection":"https:\/\/www.ull.es\/portal\/agenda\/wp-json\/tribe\/events\/v1\/categories"}},{"name":"Destacado ULL","slug":"destacado-ull","term_group":0,"term_taxonomy_id":4,"taxonomy":"tribe_events_cat","description":"","parent":0,"count":4577,"filter":"raw","id":4,"urls":{"self":"https:\/\/www.ull.es\/portal\/agenda\/wp-json\/tribe\/events\/v1\/categories\/4","collection":"https:\/\/www.ull.es\/portal\/agenda\/wp-json\/tribe\/events\/v1\/categories"}},{"name":"Paraninfo","slug":"paraninfo","term_group":0,"term_taxonomy_id":343,"taxonomy":"tribe_events_cat","description":"","parent":0,"count":580,"filter":"raw","id":343,"urls":{"self":"https:\/\/www.ull.es\/portal\/agenda\/wp-json\/tribe\/events\/v1\/categories\/343","collection":"https:\/\/www.ull.es\/portal\/agenda\/wp-json\/tribe\/events\/v1\/categories"}},{"name":"Perfil Estudiante","slug":"perfil-estudiante","term_group":0,"term_taxonomy_id":186,"taxonomy":"tribe_events_cat","description":"","parent":185,"count":2752,"filter":"raw","id":186,"urls":{"self":"https:\/\/www.ull.es\/portal\/agenda\/wp-json\/tribe\/events\/v1\/categories\/186","collection":"https:\/\/www.ull.es\/portal\/agenda\/wp-json\/tribe\/events\/v1\/categories","up":"https:\/\/www.ull.es\/portal\/agenda\/wp-json\/tribe\/events\/v1\/categories\/185"}},{"name":"Portada ULL","slug":"portada-ull","term_group":0,"term_taxonomy_id":191,"taxonomy":"tribe_events_cat","description":"","parent":0,"count":2106,"filter":"raw","id":191,"urls":{"self":"https:\/\/www.ull.es\/portal\/agenda\/wp-json\/tribe\/events\/v1\/categories\/191","collection":"https:\/\/www.ull.es\/portal\/agenda\/wp-json\/tribe\/events\/v1\/categories"}}],"tags":[],"venue":{"id":4360,"author":"21","status":"publish","date":"2017-12-01 08:50:55","date_utc":"2017-12-01 08:50:55","modified":"2026-01-29 08:50:08","modified_utc":"2026-01-29 08:50:08","url":"https:\/\/www.ull.es\/portal\/agenda\/local\/paraninfo-de-la-universidad-de-la-laguna\/","venue":"Paraninfo","slug":"paraninfo-de-la-universidad-de-la-laguna","address":"C\/ Pedro Zerolo, s\/n","city":"San Crist\u00f3bal de La Laguna","country":"Espa\u00f1a","province":"Santa Cruz de Tenerife","zip":"38200","phone":"922 31 96 08","website":"https:\/\/www.ull.es\/cultura\/paraninfo\/","stateprovince":"Santa Cruz de Tenerife","geo_lat":28.48162930000000159225237439386546611785888671875,"geo_lng":-16.317014000000000351064954884350299835205078125,"json_ld":{"@type":"Place","name":"Paraninfo","description":"","url":"https:\/\/www.ull.es\/portal\/agenda\/local\/paraninfo-de-la-universidad-de-la-laguna\/","address":{"@type":"PostalAddress","streetAddress":"C\/ Pedro Zerolo, s\/n","addressLocality":"San Crist\u00f3bal de La Laguna","addressRegion":"Santa Cruz de Tenerife","postalCode":"38200","addressCountry":"Espa\u00f1a"},"geo":{"@type":"GeoCoordinates","latitude":28.48162930000000159225237439386546611785888671875,"longitude":-16.317014000000000351064954884350299835205078125},"telephone":"922 31 96 08","sameAs":"https:\/\/www.ull.es\/cultura\/paraninfo\/"},"show_map":false,"show_map_link":true,"global_id":"www.ull.es\/portal\/agenda?id=4360","global_id_lineage":["www.ull.es\/portal\/agenda?id=4360"]},"organizer":[{"id":1908,"author":"30","status":"publish","date":"2017-06-30 09:51:59","date_utc":"2017-06-30 09:51:59","modified":"2017-06-30 09:51:59","modified_utc":"2017-06-30 09:51:59","url":"https:\/\/www.ull.es\/portal\/agenda\/organizador\/paraninfo-universidad-de-la-laguna\/","organizer":"Paraninfo Universidad de La Laguna","slug":"paraninfo-universidad-de-la-laguna","json_ld":{"@type":"Person","name":"Paraninfo Universidad de La Laguna","description":"","url":"https:\/\/www.ull.es\/portal\/agenda\/organizador\/paraninfo-universidad-de-la-laguna\/","telephone":"","email":"","sameAs":""},"global_id":"www.ull.es\/portal\/agenda?id=1908","global_id_lineage":["www.ull.es\/portal\/agenda?id=1908"]}],"json_ld":{"@context":"http:\/\/schema.org","@type":"Event","name":"Tenerife Noir. \u201cDel papel a la pantalla\u201d: Crimen en streaming","description":"&lt;p&gt;La d\u00e9cima edici\u00f3n de Tenerife Noir comprende una amplia red de conexiones multidisciplinares entre la literatura, el audiovisual, la m\u00fasica o el teatro. Todas ellas confluyen en un \u00fanico discurso sobre un g\u00e9nero que dentro de cada una de ellas nos ha ofrecido a nombres que se han erigido en verdaderos iconos. La proyecci\u00f3n de...&lt;\/p&gt;\\n","image":"https:\/\/www.ull.es\/portal\/agenda\/wp-content\/uploads\/sites\/12\/2025\/02\/Del-Papel-a-la-Pantalla-TF-Noir-2025-Agenda-web-y-pagina-de-Cultura.jpg","url":"https:\/\/www.ull.es\/portal\/agenda\/evento\/tenerife-noir-del-papel-a-la-pantalla-crimen-en-streaming\/","startDate":"2025-03-26T17:00:00+00:00","endDate":"2025-03-26T20:00:00+00:00","location":{"@type":"Place","name":"Paraninfo","description":"","url":"https:\/\/www.ull.es\/portal\/agenda\/local\/paraninfo-de-la-universidad-de-la-laguna\/","address":{"@type":"PostalAddress","streetAddress":"C\/ Pedro Zerolo, s\/n","addressLocality":"San Crist\u00f3bal de La Laguna","addressRegion":"Santa Cruz de Tenerife","postalCode":"38200","addressCountry":"Espa\u00f1a"},"geo":{"@type":"GeoCoordinates","latitude":28.48162930000000159225237439386546611785888671875,"longitude":-16.317014000000000351064954884350299835205078125},"telephone":"922 31 96 08","sameAs":"https:\/\/www.ull.es\/cultura\/paraninfo\/"},"organizer":{"@type":"Person","name":"Paraninfo Universidad de La Laguna","description":"","url":"https:\/\/www.ull.es\/portal\/agenda\/organizador\/paraninfo-universidad-de-la-laguna\/","telephone":"","email":"","sameAs":""}}}