{"id":41945,"global_id":"www.ull.es\/portal\/agenda?id=41945","global_id_lineage":["www.ull.es\/portal\/agenda?id=41945"],"author":"65","status":"publish","date":"2025-04-01 09:28:37","date_utc":"2025-04-01 09:28:37","modified":"2025-04-07 08:46:43","modified_utc":"2025-04-07 08:46:43","url":"https:\/\/www.ull.es\/portal\/agenda\/evento\/debate-sobre-el-estado-de-la-universidad\/","rest_url":"https:\/\/www.ull.es\/portal\/agenda\/wp-json\/tribe\/events\/v1\/events\/41945","title":"Debate del alumnado sobre el Estado de la Universidad 2025","description":"<p>Con el objetivo de fortalecer la comunicaci\u00f3n entre el estudiantado de la Universidad de La Laguna y el Rectorado, as\u00ed como fomentar el debate constructivo y la participaci\u00f3n activa, la Directiva del Consejo de Estudiantes propone al Pleno la celebraci\u00f3n de una Sesi\u00f3n Plenaria bajo la tem\u00e1tica: Debate sobre el Estado de la Universidad.<\/p>\n<p>El prop\u00f3sito de este debate es permitir que el equipo rectoral escuche directamente, en el seno del Consejo, las necesidades y demandas de las distintas facultades, escuelas, secciones y centros de la universidad.<\/p>\n<p>Adem\u00e1s, se busca que el Rectorado tenga la oportunidad de responder a las cuestiones planteadas. Se plantea un formato de debate parlamentario, con tiempos de intervenci\u00f3n definidos tanto para la representaci\u00f3n estudiantil como para el Rector.<\/p>\n<p>Se establece la participaci\u00f3n de un representante por cada facultad, escuela, secci\u00f3n o centro representado en el Consejo de Estudiantes.<\/p>\n<p><a href=\"https:\/\/drive.google.com\/file\/d\/1brd9is5sOZqASoQvYGYVekrQ920mCyZb\/view?usp=sharing\" target=\"_blank\" rel=\"noopener\" target=\"_blank\" rel=\"noopener\">Programa<\/a><\/p>","excerpt":"","slug":"debate-sobre-el-estado-de-la-universidad","image":{"url":"https:\/\/www.ull.es\/portal\/agenda\/wp-content\/uploads\/sites\/12\/2025\/04\/Debate-del-alumnado-sobre-el-Estado-de-la-Universidad_Banner-eventos.jpg","id":41986,"extension":"jpg","width":1563,"height":771,"filesize":226643,"sizes":{"medium":{"width":300,"height":148,"mime-type":"image\/jpeg","filesize":12611,"url":"https:\/\/www.ull.es\/portal\/agenda\/wp-content\/uploads\/sites\/12\/2025\/04\/Debate-del-alumnado-sobre-el-Estado-de-la-Universidad_Banner-eventos-300x148.jpg"},"large":{"width":1024,"height":505,"mime-type":"image\/jpeg","filesize":78872,"url":"https:\/\/www.ull.es\/portal\/agenda\/wp-content\/uploads\/sites\/12\/2025\/04\/Debate-del-alumnado-sobre-el-Estado-de-la-Universidad_Banner-eventos-1024x505.jpg"},"thumbnail":{"width":150,"height":150,"mime-type":"image\/jpeg","filesize":6226,"url":"https:\/\/www.ull.es\/portal\/agenda\/wp-content\/uploads\/sites\/12\/2025\/04\/Debate-del-alumnado-sobre-el-Estado-de-la-Universidad_Banner-eventos-150x150.jpg"},"medium_large":{"width":768,"height":379,"mime-type":"image\/jpeg","filesize":52518,"url":"https:\/\/www.ull.es\/portal\/agenda\/wp-content\/uploads\/sites\/12\/2025\/04\/Debate-del-alumnado-sobre-el-Estado-de-la-Universidad_Banner-eventos-768x379.jpg"},"1536x1536":{"width":1536,"height":758,"mime-type":"image\/jpeg","filesize":139753,"url":"https:\/\/www.ull.es\/portal\/agenda\/wp-content\/uploads\/sites\/12\/2025\/04\/Debate-del-alumnado-sobre-el-Estado-de-la-Universidad_Banner-eventos-1536x758.jpg"},"mug-shot":{"width":150,"height":250,"mime-type":"image\/jpeg","filesize":7792,"url":"https:\/\/www.ull.es\/portal\/agenda\/wp-content\/uploads\/sites\/12\/2025\/04\/Debate-del-alumnado-sobre-el-Estado-de-la-Universidad_Banner-eventos-150x250.jpg"},"sidebar":{"width":375,"height":185,"mime-type":"image\/jpeg","filesize":17463,"url":"https:\/\/www.ull.es\/portal\/agenda\/wp-content\/uploads\/sites\/12\/2025\/04\/Debate-del-alumnado-sobre-el-Estado-de-la-Universidad_Banner-eventos-375x185.jpg"},"half":{"width":375,"height":185,"mime-type":"image\/jpeg","filesize":17463,"url":"https:\/\/www.ull.es\/portal\/agenda\/wp-content\/uploads\/sites\/12\/2025\/04\/Debate-del-alumnado-sobre-el-Estado-de-la-Universidad_Banner-eventos-375x185.jpg"},"full-content":{"width":750,"height":370,"mime-type":"image\/jpeg","filesize":49782,"url":"https:\/\/www.ull.es\/portal\/agenda\/wp-content\/uploads\/sites\/12\/2025\/04\/Debate-del-alumnado-sobre-el-Estado-de-la-Universidad_Banner-eventos-750x370.jpg"},"page":{"width":1140,"height":562,"mime-type":"image\/jpeg","filesize":90900,"url":"https:\/\/www.ull.es\/portal\/agenda\/wp-content\/uploads\/sites\/12\/2025\/04\/Debate-del-alumnado-sobre-el-Estado-de-la-Universidad_Banner-eventos-1140x562.jpg"},"thimble":{"width":50,"height":50,"mime-type":"image\/jpeg","filesize":1324,"url":"https:\/\/www.ull.es\/portal\/agenda\/wp-content\/uploads\/sites\/12\/2025\/04\/Debate-del-alumnado-sobre-el-Estado-de-la-Universidad_Banner-eventos-50x50.jpg"},"thumbnail-large":{"width":300,"height":300,"mime-type":"image\/jpeg","filesize":18114,"url":"https:\/\/www.ull.es\/portal\/agenda\/wp-content\/uploads\/sites\/12\/2025\/04\/Debate-del-alumnado-sobre-el-Estado-de-la-Universidad_Banner-eventos-300x300.jpg"},"rss":{"width":108,"height":81,"mime-type":"image\/jpeg","filesize":3502,"url":"https:\/\/www.ull.es\/portal\/agenda\/wp-content\/uploads\/sites\/12\/2025\/04\/Debate-del-alumnado-sobre-el-Estado-de-la-Universidad_Banner-eventos-108x81.jpg"}}},"all_day":false,"start_date":"2025-04-10 16:00:00","start_date_details":{"year":"2025","month":"04","day":"10","hour":"16","minutes":"00","seconds":"00"},"end_date":"2025-04-10 20:00:00","end_date_details":{"year":"2025","month":"04","day":"10","hour":"20","minutes":"00","seconds":"00"},"utc_start_date":"2025-04-10 16:00:00","utc_start_date_details":{"year":"2025","month":"04","day":"10","hour":"16","minutes":"00","seconds":"00"},"utc_end_date":"2025-04-10 20:00:00","utc_end_date_details":{"year":"2025","month":"04","day":"10","hour":"20","minutes":"00","seconds":"00"},"timezone":"UTC+0","timezone_abbr":"UTC+0","cost":"","cost_details":{"currency_symbol":"","currency_position":"prefix","values":[]},"website":"","show_map":false,"show_map_link":false,"hide_from_listings":false,"sticky":false,"featured":false,"categories":[{"name":"Destacado ULL","slug":"destacado-ull","term_group":0,"term_taxonomy_id":4,"taxonomy":"tribe_events_cat","description":"","parent":0,"count":4580,"filter":"raw","id":4,"urls":{"self":"https:\/\/www.ull.es\/portal\/agenda\/wp-json\/tribe\/events\/v1\/categories\/4","collection":"https:\/\/www.ull.es\/portal\/agenda\/wp-json\/tribe\/events\/v1\/categories"}},{"name":"Perfil Estudiante","slug":"perfil-estudiante","term_group":0,"term_taxonomy_id":186,"taxonomy":"tribe_events_cat","description":"","parent":185,"count":2755,"filter":"raw","id":186,"urls":{"self":"https:\/\/www.ull.es\/portal\/agenda\/wp-json\/tribe\/events\/v1\/categories\/186","collection":"https:\/\/www.ull.es\/portal\/agenda\/wp-json\/tribe\/events\/v1\/categories","up":"https:\/\/www.ull.es\/portal\/agenda\/wp-json\/tribe\/events\/v1\/categories\/185"}}],"tags":[],"venue":{"id":22151,"author":"65","status":"publish","date":"2021-12-02 10:12:53","date_utc":"2021-12-02 10:12:53","modified":"2026-03-18 11:56:32","modified_utc":"2026-03-18 11:56:32","url":"https:\/\/www.ull.es\/portal\/agenda\/local\/aula-magna-del-edificio-central-sala-de-rectores\/","venue":"Aula Magna del Edificio Central","slug":"aula-magna-del-edificio-central-sala-de-rectores","json_ld":{"@type":"Place","name":"Aula Magna del Edificio Central","description":"","url":"https:\/\/www.ull.es\/portal\/agenda\/local\/aula-magna-del-edificio-central-sala-de-rectores\/","address":{"@type":"PostalAddress"},"telephone":"","sameAs":""},"show_map":false,"show_map_link":true,"global_id":"www.ull.es\/portal\/agenda?id=22151","global_id_lineage":["www.ull.es\/portal\/agenda?id=22151"]},"organizer":[{"id":23270,"author":"65","status":"publish","date":"2022-03-04 15:06:45","date_utc":"2022-03-04 15:06:45","modified":"2022-03-04 15:06:45","modified_utc":"2022-03-04 15:06:45","url":"https:\/\/www.ull.es\/portal\/agenda\/organizador\/consejo-de-estudiantes-de-la-ull\/","organizer":"Consejo de Estudiantes de la ULL","slug":"consejo-de-estudiantes-de-la-ull","json_ld":{"@type":"Person","name":"Consejo de Estudiantes de la ULL","description":"","url":"https:\/\/www.ull.es\/portal\/agenda\/organizador\/consejo-de-estudiantes-de-la-ull\/","telephone":"","email":"","sameAs":""},"global_id":"www.ull.es\/portal\/agenda?id=23270","global_id_lineage":["www.ull.es\/portal\/agenda?id=23270"]}],"json_ld":{"@context":"http:\/\/schema.org","@type":"Event","name":"Debate del alumnado sobre el Estado de la Universidad 2025","description":"&lt;p&gt;Con el objetivo de fortalecer la comunicaci\u00f3n entre el estudiantado de la Universidad de La Laguna y el Rectorado, as\u00ed como fomentar el debate constructivo y la participaci\u00f3n activa, la Directiva del Consejo de Estudiantes propone al Pleno la celebraci\u00f3n de una Sesi\u00f3n Plenaria bajo la tem\u00e1tica: Debate sobre el Estado de la Universidad. El...&lt;\/p&gt;\\n","image":"https:\/\/www.ull.es\/portal\/agenda\/wp-content\/uploads\/sites\/12\/2025\/04\/Debate-del-alumnado-sobre-el-Estado-de-la-Universidad_Banner-eventos.jpg","url":"https:\/\/www.ull.es\/portal\/agenda\/evento\/debate-sobre-el-estado-de-la-universidad\/","startDate":"2025-04-10T16:00:00+00:00","endDate":"2025-04-10T20:00:00+00:00","location":{"@type":"Place","name":"Aula Magna del Edificio Central","description":"","url":"https:\/\/www.ull.es\/portal\/agenda\/local\/aula-magna-del-edificio-central-sala-de-rectores\/","address":{"@type":"PostalAddress"},"telephone":"","sameAs":""},"organizer":{"@type":"Person","name":"Consejo de Estudiantes de la ULL","description":"","url":"https:\/\/www.ull.es\/portal\/agenda\/organizador\/consejo-de-estudiantes-de-la-ull\/","telephone":"","email":"","sameAs":""}}}