{"id":43008,"global_id":"www.ull.es\/portal\/agenda?id=43008","global_id_lineage":["www.ull.es\/portal\/agenda?id=43008"],"author":"43","status":"publish","date":"2025-06-03 13:00:01","date_utc":"2025-06-03 13:00:01","modified":"2025-06-20 08:15:08","modified_utc":"2025-06-20 08:15:08","url":"https:\/\/www.ull.es\/portal\/agenda\/evento\/curso-practico-de-lengua-de-signos-espanola-lse-fomentando-entornos-inclusivos\/","rest_url":"https:\/\/www.ull.es\/portal\/agenda\/wp-json\/tribe\/events\/v1\/events\/43008","title":"Curso Pr\u00e1ctico de Lengua de Signos Espa\u00f1ola (LSE): fomentando entornos inclusivos","description":"<p>La C\u00e1tedra Institucional de Investigaci\u00f3n e Innovaci\u00f3n en Discapacidad Auditiva y Accesibilidad organiza este curso que se celebrar\u00e1 en el municipio de Arona los d\u00edas 21 al 23 de julio en horario de ma\u00f1ana.<\/p>\n<p>El objetivo del curso es el de adquirir conocimientos sobre la Lengua de Signos Espa\u00f1ola (LSE) y sus particularidades. Ser capaz de comprender y emplear expresiones habituales y frases simples para satisfacer necesidades inmediatas. Aprender a presentarse, presentar a otras personas y solicitar o brindar informaci\u00f3n personal b\u00e1sica.<\/p>\n<p>El curso est\u00e1 dirigido al p\u00fablico en general y especialmente a personas interesadas en adquirir conocimientos b\u00e1sicos de Lengua de Signos Espa\u00f1ola (LSE) para poder mantener una conversaci\u00f3n sencilla con personas sordas o con quienes utilicen la LSE como sistema de comunicaci\u00f3n, ya sea en un contexto educativo, social o profesional. En la actualidad, el conocimiento de idiomas supone un valor a\u00f1adido en la formaci\u00f3n y experiencia profesional, y la capacidad de comunicarse en LSE puede marcar la diferencia en el mercado laboral, aumentando las oportunidades de empleabilidad de quienes completen este curso.<\/p>\n<p>Direcci\u00f3n acad\u00e9mica: Mar\u00eda del Carmen Rodr\u00edguez Jim\u00e9nez. Profesora Contratada Doctora, Departamento de Did\u00e1ctica e Investigaci\u00f3n Educativa de la Universidad de La Laguna.<\/p>\n<p><strong>CERTIFICADO DE ASISTENCIA, APTITUD Y RECONOCIMIENTO POR CR\u00c9DITO ECTS<\/strong><\/p>\n<p>La Universidad de La Laguna, a trav\u00e9s del Vicerrectorado de Cultura y Extensi\u00f3n Universitaria, emitir\u00e1 un certificado de asistencia a todas aquellas personas que asistan a un m\u00ednimo del 80% de las horas lectivas presenciales. Asimismo, aquellas personas que superen el trabajo aut\u00f3nomo del alumnado, recibir\u00e1n un certificado de asistencia y aprovechamiento, reconocible a su vez por un cr\u00e9dito ECTS.<\/p>\n<p><a href=\"https:\/\/sede.fg.ull.es\/es\/curso\/detalle?code=a25020178&amp;name=curso-practico-de-lengua-de-signos-espa-ola-lse-fomentando-entornos-inclusivos&amp;query=%3Fcode%3DA25020178\" target=\"_blank\" rel=\"noopener\" target=\"_blank\" rel=\"noopener\"><strong><u>Consulta el programa e inscr\u00edbete aqu\u00ed.<\/u><\/strong><\/a><\/p>\n<p><span style=\"color: #ff0000\"><strong>\u00a1PLAZAS AGOTADAS!<\/strong><\/span><\/p>\n<p><strong>Contacto:\u00a0<\/strong><a href=\"mailto:extuni@ull.edu.es\" target=\"_blank\" rel=\"noopener\" target=\"_blank\" rel=\"noopener\"><strong>extuni@ull.es<\/strong><\/a><\/p>\n<p>Financia: Consejer\u00eda Insular de Acci\u00f3n Social del Cabildo de Tenerife.<\/p>","excerpt":"","slug":"curso-practico-de-lengua-de-signos-espanola-lse-fomentando-entornos-inclusivos","image":{"url":"https:\/\/www.ull.es\/portal\/agenda\/wp-content\/uploads\/sites\/12\/2025\/06\/BannerLSEArona.png","id":43009,"extension":"png","width":750,"height":370,"filesize":191488,"sizes":{"medium":{"width":300,"height":148,"mime-type":"image\/png","filesize":44937,"url":"https:\/\/www.ull.es\/portal\/agenda\/wp-content\/uploads\/sites\/12\/2025\/06\/BannerLSEArona-300x148.png"},"thumbnail":{"width":150,"height":150,"mime-type":"image\/png","filesize":24644,"url":"https:\/\/www.ull.es\/portal\/agenda\/wp-content\/uploads\/sites\/12\/2025\/06\/BannerLSEArona-150x150.png"},"mug-shot":{"width":150,"height":250,"mime-type":"image\/png","filesize":33286,"url":"https:\/\/www.ull.es\/portal\/agenda\/wp-content\/uploads\/sites\/12\/2025\/06\/BannerLSEArona-150x250.png"},"sidebar":{"width":375,"height":185,"mime-type":"image\/png","filesize":63620,"url":"https:\/\/www.ull.es\/portal\/agenda\/wp-content\/uploads\/sites\/12\/2025\/06\/BannerLSEArona-375x185.png"},"half":{"width":375,"height":185,"mime-type":"image\/png","filesize":63620,"url":"https:\/\/www.ull.es\/portal\/agenda\/wp-content\/uploads\/sites\/12\/2025\/06\/BannerLSEArona-375x185.png"},"thimble":{"width":50,"height":50,"mime-type":"image\/png","filesize":4363,"url":"https:\/\/www.ull.es\/portal\/agenda\/wp-content\/uploads\/sites\/12\/2025\/06\/BannerLSEArona-50x50.png"},"thumbnail-large":{"width":300,"height":300,"mime-type":"image\/png","filesize":73340,"url":"https:\/\/www.ull.es\/portal\/agenda\/wp-content\/uploads\/sites\/12\/2025\/06\/BannerLSEArona-300x300.png"},"rss":{"width":108,"height":81,"mime-type":"image\/png","filesize":12286,"url":"https:\/\/www.ull.es\/portal\/agenda\/wp-content\/uploads\/sites\/12\/2025\/06\/BannerLSEArona-108x81.png"}}},"all_day":true,"start_date":"2025-07-21 00:00:00","start_date_details":{"year":"2025","month":"07","day":"21","hour":"00","minutes":"00","seconds":"00"},"end_date":"2025-07-21 23:59:59","end_date_details":{"year":"2025","month":"07","day":"21","hour":"23","minutes":"59","seconds":"59"},"utc_start_date":"2025-07-21 00:00:00","utc_start_date_details":{"year":"2025","month":"07","day":"21","hour":"00","minutes":"00","seconds":"00"},"utc_end_date":"2025-07-21 23:59:59","utc_end_date_details":{"year":"2025","month":"07","day":"21","hour":"23","minutes":"59","seconds":"59"},"timezone":"UTC+0","timezone_abbr":"UTC+0","cost":"","cost_details":{"currency_symbol":"","currency_position":"prefix","values":[]},"website":"https:\/\/www.ull.es\/cultura\/cursos-extension-universitaria\/","show_map":false,"show_map_link":true,"hide_from_listings":false,"sticky":false,"featured":false,"categories":[{"name":"Actividades de Extensi\u00f3n","slug":"actividades-de-extension","term_group":0,"term_taxonomy_id":472,"taxonomy":"tribe_events_cat","description":"","parent":468,"count":1637,"filter":"raw","id":472,"urls":{"self":"https:\/\/www.ull.es\/portal\/agenda\/wp-json\/tribe\/events\/v1\/categories\/472","collection":"https:\/\/www.ull.es\/portal\/agenda\/wp-json\/tribe\/events\/v1\/categories","up":"https:\/\/www.ull.es\/portal\/agenda\/wp-json\/tribe\/events\/v1\/categories\/468"}},{"name":"Catedra Discapacidad Auditiva","slug":"catedra-discapacidad-auditiva","term_group":0,"term_taxonomy_id":4957,"taxonomy":"tribe_events_cat","description":"","parent":2118,"count":5,"filter":"raw","id":4957,"urls":{"self":"https:\/\/www.ull.es\/portal\/agenda\/wp-json\/tribe\/events\/v1\/categories\/4957","collection":"https:\/\/www.ull.es\/portal\/agenda\/wp-json\/tribe\/events\/v1\/categories","up":"https:\/\/www.ull.es\/portal\/agenda\/wp-json\/tribe\/events\/v1\/categories\/2118"}},{"name":"Cursos de C\u00e1tedras Institucionales y de Empresa","slug":"cursos-de-catedras-institucionales-y-de-empresa","term_group":0,"term_taxonomy_id":3165,"taxonomy":"tribe_events_cat","description":"","parent":468,"count":264,"filter":"raw","id":3165,"urls":{"self":"https:\/\/www.ull.es\/portal\/agenda\/wp-json\/tribe\/events\/v1\/categories\/3165","collection":"https:\/\/www.ull.es\/portal\/agenda\/wp-json\/tribe\/events\/v1\/categories","up":"https:\/\/www.ull.es\/portal\/agenda\/wp-json\/tribe\/events\/v1\/categories\/468"}},{"name":"Destacado ULL","slug":"destacado-ull","term_group":0,"term_taxonomy_id":4,"taxonomy":"tribe_events_cat","description":"","parent":0,"count":4572,"filter":"raw","id":4,"urls":{"self":"https:\/\/www.ull.es\/portal\/agenda\/wp-json\/tribe\/events\/v1\/categories\/4","collection":"https:\/\/www.ull.es\/portal\/agenda\/wp-json\/tribe\/events\/v1\/categories"}},{"name":"Perfil Estudiante","slug":"perfil-estudiante","term_group":0,"term_taxonomy_id":186,"taxonomy":"tribe_events_cat","description":"","parent":185,"count":2750,"filter":"raw","id":186,"urls":{"self":"https:\/\/www.ull.es\/portal\/agenda\/wp-json\/tribe\/events\/v1\/categories\/186","collection":"https:\/\/www.ull.es\/portal\/agenda\/wp-json\/tribe\/events\/v1\/categories","up":"https:\/\/www.ull.es\/portal\/agenda\/wp-json\/tribe\/events\/v1\/categories\/185"}}],"tags":[{"name":"alumnado ULL","slug":"alumnado-ull","term_group":0,"term_taxonomy_id":4259,"taxonomy":"post_tag","description":"","parent":0,"count":1171,"filter":"raw","id":4259,"urls":{"self":"https:\/\/www.ull.es\/portal\/agenda\/wp-json\/tribe\/events\/v1\/tags\/4259","collection":"https:\/\/www.ull.es\/portal\/agenda\/wp-json\/tribe\/events\/v1\/tags"}},{"name":"Cursos ULL","slug":"cursos-ull","term_group":0,"term_taxonomy_id":977,"taxonomy":"post_tag","description":"","parent":0,"count":1429,"filter":"raw","id":977,"urls":{"self":"https:\/\/www.ull.es\/portal\/agenda\/wp-json\/tribe\/events\/v1\/tags\/977","collection":"https:\/\/www.ull.es\/portal\/agenda\/wp-json\/tribe\/events\/v1\/tags"}},{"name":"Extensi\u00f3n Universitaria ULL","slug":"extension-universitaria-ull","term_group":0,"term_taxonomy_id":3812,"taxonomy":"post_tag","description":"","parent":0,"count":1381,"filter":"raw","id":3812,"urls":{"self":"https:\/\/www.ull.es\/portal\/agenda\/wp-json\/tribe\/events\/v1\/tags\/3812","collection":"https:\/\/www.ull.es\/portal\/agenda\/wp-json\/tribe\/events\/v1\/tags"}},{"name":"formaci\u00f3n ULL","slug":"formacion-ull","term_group":0,"term_taxonomy_id":4914,"taxonomy":"post_tag","description":"","parent":0,"count":9,"filter":"raw","id":4914,"urls":{"self":"https:\/\/www.ull.es\/portal\/agenda\/wp-json\/tribe\/events\/v1\/tags\/4914","collection":"https:\/\/www.ull.es\/portal\/agenda\/wp-json\/tribe\/events\/v1\/tags"}},{"name":"Seminarios ULL","slug":"seminarios-ull","term_group":0,"term_taxonomy_id":3751,"taxonomy":"post_tag","description":"","parent":0,"count":1167,"filter":"raw","id":3751,"urls":{"self":"https:\/\/www.ull.es\/portal\/agenda\/wp-json\/tribe\/events\/v1\/tags\/3751","collection":"https:\/\/www.ull.es\/portal\/agenda\/wp-json\/tribe\/events\/v1\/tags"}},{"name":"talleres ULL","slug":"talleres-ull","term_group":0,"term_taxonomy_id":4165,"taxonomy":"post_tag","description":"","parent":0,"count":224,"filter":"raw","id":4165,"urls":{"self":"https:\/\/www.ull.es\/portal\/agenda\/wp-json\/tribe\/events\/v1\/tags\/4165","collection":"https:\/\/www.ull.es\/portal\/agenda\/wp-json\/tribe\/events\/v1\/tags"}}],"venue":{"id":4639,"author":"43","status":"publish","date":"2017-12-26 10:06:40","date_utc":"2017-12-26 10:06:40","modified":"2020-01-13 11:39:15","modified_utc":"2020-01-13 11:39:15","url":"https:\/\/www.ull.es\/portal\/agenda\/local\/centro-cultural-los-cristianos-arona\/","venue":"Centro Cultural Los Cristianos, ARONA","slug":"centro-cultural-los-cristianos-arona","address":"Plaza del Pescador, 1","city":"Arona","country":"Espa\u00f1a","province":"Santa Cruz de Tenerife","zip":"38650","stateprovince":"Santa Cruz de Tenerife","json_ld":{"@type":"Place","name":"Centro Cultural Los Cristianos, ARONA","description":"","url":"https:\/\/www.ull.es\/portal\/agenda\/local\/centro-cultural-los-cristianos-arona\/","address":{"@type":"PostalAddress","streetAddress":"Plaza del Pescador, 1","addressLocality":"Arona","addressRegion":"Santa Cruz de Tenerife","postalCode":"38650","addressCountry":"Espa\u00f1a"},"telephone":"","sameAs":""},"show_map":false,"show_map_link":true,"global_id":"www.ull.es\/portal\/agenda?id=4639","global_id_lineage":["www.ull.es\/portal\/agenda?id=4639"]},"organizer":[{"id":1132,"author":"21","status":"publish","date":"2017-03-27 12:15:57","date_utc":"2017-03-27 12:15:57","modified":"2023-05-02 10:28:59","modified_utc":"2023-05-02 10:28:59","url":"https:\/\/www.ull.es\/portal\/agenda\/organizador\/vicerrectorado-de-relaciones-con-la-sociedad-2\/","organizer":"Vicerrectorado de Cultura y Extensi\u00f3n Universitaria","slug":"vicerrectorado-de-relaciones-con-la-sociedad-2","json_ld":{"@type":"Person","name":"Vicerrectorado de Cultura y Extensi\u00f3n Universitaria","description":"","url":"https:\/\/www.ull.es\/portal\/agenda\/organizador\/vicerrectorado-de-relaciones-con-la-sociedad-2\/","telephone":"","email":"","sameAs":""},"global_id":"www.ull.es\/portal\/agenda?id=1132","global_id_lineage":["www.ull.es\/portal\/agenda?id=1132"]}],"json_ld":{"@context":"http:\/\/schema.org","@type":"Event","name":"Curso Pr\u00e1ctico de Lengua de Signos Espa\u00f1ola (LSE): fomentando entornos inclusivos","description":"&lt;p&gt;La C\u00e1tedra Institucional de Investigaci\u00f3n e Innovaci\u00f3n en Discapacidad Auditiva y Accesibilidad organiza este curso que se celebrar\u00e1 en el municipio de Arona los d\u00edas 21 al 23 de julio en horario de ma\u00f1ana. El objetivo del curso es el de adquirir conocimientos sobre la Lengua de Signos Espa\u00f1ola (LSE) y sus particularidades. Ser capaz...&lt;\/p&gt;\\n","image":"https:\/\/www.ull.es\/portal\/agenda\/wp-content\/uploads\/sites\/12\/2025\/06\/BannerLSEArona.png","url":"https:\/\/www.ull.es\/portal\/agenda\/evento\/curso-practico-de-lengua-de-signos-espanola-lse-fomentando-entornos-inclusivos\/","startDate":"2025-07-21T00:00:00+00:00","endDate":"2025-07-21T23:59:59+00:00","location":{"@type":"Place","name":"Centro Cultural Los Cristianos, ARONA","description":"","url":"https:\/\/www.ull.es\/portal\/agenda\/local\/centro-cultural-los-cristianos-arona\/","address":{"@type":"PostalAddress","streetAddress":"Plaza del Pescador, 1","addressLocality":"Arona","addressRegion":"Santa Cruz de Tenerife","postalCode":"38650","addressCountry":"Espa\u00f1a"},"telephone":"","sameAs":""},"organizer":{"@type":"Person","name":"Vicerrectorado de Cultura y Extensi\u00f3n Universitaria","description":"","url":"https:\/\/www.ull.es\/portal\/agenda\/organizador\/vicerrectorado-de-relaciones-con-la-sociedad-2\/","telephone":"","email":"","sameAs":""}}}