{"id":43099,"global_id":"www.ull.es\/portal\/agenda?id=43099","global_id_lineage":["www.ull.es\/portal\/agenda?id=43099"],"author":"65","status":"publish","date":"2025-06-09 08:29:18","date_utc":"2025-06-09 08:29:18","modified":"2025-06-10 11:03:42","modified_utc":"2025-06-10 11:03:42","url":"https:\/\/www.ull.es\/portal\/agenda\/evento\/presentacion-de-la-unidad-mixta-de-investigacion-istac-ull\/","rest_url":"https:\/\/www.ull.es\/portal\/agenda\/wp-json\/tribe\/events\/v1\/events\/43099","title":"Presentaci\u00f3n de la Unidad Mixta de Investigaci\u00f3n ISTAC ULL","description":"<p><span style=\"font-weight: 400;\">Presentaci\u00f3n de la Unidad Mixta de Investigaci\u00f3n en Estad\u00edstica P\u00fablica ISTAC ULL, junto con el Instituto Canario de Estad\u00edstica (ISTAC), en la que se expondr\u00e1n sus caracter\u00edsticas principales, sus mecanismos y estructura, as\u00ed como las contribuciones m\u00e1s relevantes alcanzadas por la unidad en su anterior etapa. La sesi\u00f3n concluir\u00e1 con una invitaci\u00f3n a la participaci\u00f3n del personal investigador en la propuesta de proyectos de investigaci\u00f3n conjunta que contribuyan al conocimiento cient\u00edfico desde las estad\u00edsticas oficiales, y que estructurar\u00e1n la actividad de la unidad.<\/span><\/p>\n<p><span style=\"font-weight: 400;\">La Unidad Mixta de Investigaci\u00f3n en Estad\u00edstica P\u00fablica ISTAC ULL es fruto del <\/span><a href=\"https:\/\/www.gobiernodecanarias.org\/boc\/2024\/149\/2427.html\" target=\"_blank\" rel=\"noopener\"><span style=\"font-weight: 400;\">Convenio de Cooperaci\u00f3n entre el Instituto Canario de Estad\u00edstica y la Universidad de La Laguna en materia de cooperaci\u00f3n estad\u00edstica e investigaci\u00f3n en el \u00e1mbito estad\u00edstico<\/span><\/a><span style=\"font-weight: 400;\">, firmado en julio pasado, y que incluye, entre sus ejes fundamentales, la cooperaci\u00f3n en la investigaci\u00f3n sobre estad\u00edstica p\u00fablica y en la obtenci\u00f3n de conocimiento cient\u00edfico que contribuya a mejorar el conocimiento de la realidad canaria a partir de estad\u00edsticas oficiales. Esta f\u00f3rmula de cooperaci\u00f3n no es nueva en la Universidad de La Laguna, y ya en 2015 se desarroll\u00f3 con \u00e9xito este modelo de cooperaci\u00f3n que se recupera ahora.<\/span><\/p>","excerpt":"","slug":"presentacion-de-la-unidad-mixta-de-investigacion-istac-ull","image":{"url":"https:\/\/www.ull.es\/portal\/agenda\/wp-content\/uploads\/sites\/12\/2025\/06\/Presentacion-de-la-Unidad-Mixta-de-Investigacion-ISTAC-ULL_Banner-eventos.png","id":43154,"extension":"png","width":750,"height":370,"filesize":201994,"sizes":{"medium":{"width":300,"height":148,"mime-type":"image\/png","filesize":52994,"url":"https:\/\/www.ull.es\/portal\/agenda\/wp-content\/uploads\/sites\/12\/2025\/06\/Presentacion-de-la-Unidad-Mixta-de-Investigacion-ISTAC-ULL_Banner-eventos-300x148.png"},"thumbnail":{"width":150,"height":150,"mime-type":"image\/png","filesize":27260,"url":"https:\/\/www.ull.es\/portal\/agenda\/wp-content\/uploads\/sites\/12\/2025\/06\/Presentacion-de-la-Unidad-Mixta-de-Investigacion-ISTAC-ULL_Banner-eventos-150x150.png"},"mug-shot":{"width":150,"height":250,"mime-type":"image\/png","filesize":36718,"url":"https:\/\/www.ull.es\/portal\/agenda\/wp-content\/uploads\/sites\/12\/2025\/06\/Presentacion-de-la-Unidad-Mixta-de-Investigacion-ISTAC-ULL_Banner-eventos-150x250.png"},"sidebar":{"width":375,"height":185,"mime-type":"image\/png","filesize":73953,"url":"https:\/\/www.ull.es\/portal\/agenda\/wp-content\/uploads\/sites\/12\/2025\/06\/Presentacion-de-la-Unidad-Mixta-de-Investigacion-ISTAC-ULL_Banner-eventos-375x185.png"},"half":{"width":375,"height":185,"mime-type":"image\/png","filesize":73953,"url":"https:\/\/www.ull.es\/portal\/agenda\/wp-content\/uploads\/sites\/12\/2025\/06\/Presentacion-de-la-Unidad-Mixta-de-Investigacion-ISTAC-ULL_Banner-eventos-375x185.png"},"thimble":{"width":50,"height":50,"mime-type":"image\/png","filesize":4718,"url":"https:\/\/www.ull.es\/portal\/agenda\/wp-content\/uploads\/sites\/12\/2025\/06\/Presentacion-de-la-Unidad-Mixta-de-Investigacion-ISTAC-ULL_Banner-eventos-50x50.png"},"thumbnail-large":{"width":300,"height":300,"mime-type":"image\/png","filesize":77172,"url":"https:\/\/www.ull.es\/portal\/agenda\/wp-content\/uploads\/sites\/12\/2025\/06\/Presentacion-de-la-Unidad-Mixta-de-Investigacion-ISTAC-ULL_Banner-eventos-300x300.png"},"rss":{"width":108,"height":81,"mime-type":"image\/png","filesize":14060,"url":"https:\/\/www.ull.es\/portal\/agenda\/wp-content\/uploads\/sites\/12\/2025\/06\/Presentacion-de-la-Unidad-Mixta-de-Investigacion-ISTAC-ULL_Banner-eventos-108x81.png"}}},"all_day":false,"start_date":"2025-06-18 10:00:00","start_date_details":{"year":"2025","month":"06","day":"18","hour":"10","minutes":"00","seconds":"00"},"end_date":"2025-06-18 11:00:00","end_date_details":{"year":"2025","month":"06","day":"18","hour":"11","minutes":"00","seconds":"00"},"utc_start_date":"2025-06-18 10:00:00","utc_start_date_details":{"year":"2025","month":"06","day":"18","hour":"10","minutes":"00","seconds":"00"},"utc_end_date":"2025-06-18 11:00:00","utc_end_date_details":{"year":"2025","month":"06","day":"18","hour":"11","minutes":"00","seconds":"00"},"timezone":"UTC+0","timezone_abbr":"UTC+0","cost":"","cost_details":{"currency_symbol":"","currency_position":"prefix","values":[]},"website":"","show_map":false,"show_map_link":false,"hide_from_listings":false,"sticky":false,"featured":false,"categories":[{"name":"Destacado ULL","slug":"destacado-ull","term_group":0,"term_taxonomy_id":4,"taxonomy":"tribe_events_cat","description":"","parent":0,"count":4572,"filter":"raw","id":4,"urls":{"self":"https:\/\/www.ull.es\/portal\/agenda\/wp-json\/tribe\/events\/v1\/categories\/4","collection":"https:\/\/www.ull.es\/portal\/agenda\/wp-json\/tribe\/events\/v1\/categories"}},{"name":"Investigaci\u00f3n","slug":"investigacion","term_group":0,"term_taxonomy_id":5,"taxonomy":"tribe_events_cat","description":"","parent":3,"count":197,"filter":"raw","id":5,"urls":{"self":"https:\/\/www.ull.es\/portal\/agenda\/wp-json\/tribe\/events\/v1\/categories\/5","collection":"https:\/\/www.ull.es\/portal\/agenda\/wp-json\/tribe\/events\/v1\/categories","up":"https:\/\/www.ull.es\/portal\/agenda\/wp-json\/tribe\/events\/v1\/categories\/3"}},{"name":"Perfil PDI","slug":"perfil-pdi","term_group":0,"term_taxonomy_id":187,"taxonomy":"tribe_events_cat","description":"","parent":185,"count":194,"filter":"raw","id":187,"urls":{"self":"https:\/\/www.ull.es\/portal\/agenda\/wp-json\/tribe\/events\/v1\/categories\/187","collection":"https:\/\/www.ull.es\/portal\/agenda\/wp-json\/tribe\/events\/v1\/categories","up":"https:\/\/www.ull.es\/portal\/agenda\/wp-json\/tribe\/events\/v1\/categories\/185"}},{"name":"Portada ULL","slug":"portada-ull","term_group":0,"term_taxonomy_id":191,"taxonomy":"tribe_events_cat","description":"","parent":0,"count":2104,"filter":"raw","id":191,"urls":{"self":"https:\/\/www.ull.es\/portal\/agenda\/wp-json\/tribe\/events\/v1\/categories\/191","collection":"https:\/\/www.ull.es\/portal\/agenda\/wp-json\/tribe\/events\/v1\/categories"}}],"tags":[],"venue":{"id":22151,"author":"65","status":"publish","date":"2021-12-02 10:12:53","date_utc":"2021-12-02 10:12:53","modified":"2026-03-18 11:56:32","modified_utc":"2026-03-18 11:56:32","url":"https:\/\/www.ull.es\/portal\/agenda\/local\/aula-magna-del-edificio-central-sala-de-rectores\/","venue":"Aula Magna del Edificio Central","slug":"aula-magna-del-edificio-central-sala-de-rectores","json_ld":{"@type":"Place","name":"Aula Magna del Edificio Central","description":"","url":"https:\/\/www.ull.es\/portal\/agenda\/local\/aula-magna-del-edificio-central-sala-de-rectores\/","address":{"@type":"PostalAddress"},"telephone":"","sameAs":""},"show_map":false,"show_map_link":true,"global_id":"www.ull.es\/portal\/agenda?id=22151","global_id_lineage":["www.ull.es\/portal\/agenda?id=22151"]},"organizer":[{"id":43101,"author":"65","status":"publish","date":"2025-06-09 08:29:19","date_utc":"2025-06-09 08:29:19","modified":"2025-06-09 08:29:19","modified_utc":"2025-06-09 08:29:19","url":"https:\/\/www.ull.es\/portal\/agenda\/organizador\/unidad-mixta-de-investigacion-istac-ull\/","organizer":"Unidad Mixta de Investigaci\u00f3n ISTAC ULL","slug":"unidad-mixta-de-investigacion-istac-ull","json_ld":{"@type":"Person","name":"Unidad Mixta de Investigaci\u00f3n ISTAC ULL","description":"","url":"https:\/\/www.ull.es\/portal\/agenda\/organizador\/unidad-mixta-de-investigacion-istac-ull\/","telephone":"","email":"","sameAs":""},"global_id":"www.ull.es\/portal\/agenda?id=43101","global_id_lineage":["www.ull.es\/portal\/agenda?id=43101"]},{"id":43103,"author":"65","status":"publish","date":"2025-06-09 08:30:24","date_utc":"2025-06-09 08:30:24","modified":"2025-06-09 08:30:24","modified_utc":"2025-06-09 08:30:24","url":"https:\/\/www.ull.es\/portal\/agenda\/organizador\/instituto-canario-de-estadistica\/","organizer":"Instituto Canario de Estad\u00edstica","slug":"instituto-canario-de-estadistica","json_ld":{"@type":"Person","name":"Instituto Canario de Estad\u00edstica","description":"","url":"https:\/\/www.ull.es\/portal\/agenda\/organizador\/instituto-canario-de-estadistica\/","telephone":"","email":"","sameAs":""},"global_id":"www.ull.es\/portal\/agenda?id=43103","global_id_lineage":["www.ull.es\/portal\/agenda?id=43103"]}],"json_ld":{"@context":"http:\/\/schema.org","@type":"Event","name":"Presentaci\u00f3n de la Unidad Mixta de Investigaci\u00f3n ISTAC ULL","description":"&lt;p&gt;Presentaci\u00f3n de la Unidad Mixta de Investigaci\u00f3n en Estad\u00edstica P\u00fablica ISTAC ULL, junto con el Instituto Canario de Estad\u00edstica (ISTAC), en la que se expondr\u00e1n sus caracter\u00edsticas principales, sus mecanismos y estructura, as\u00ed como las contribuciones m\u00e1s relevantes alcanzadas por la unidad en su anterior etapa. La sesi\u00f3n concluir\u00e1 con una invitaci\u00f3n a la participaci\u00f3n...&lt;\/p&gt;\\n","image":"https:\/\/www.ull.es\/portal\/agenda\/wp-content\/uploads\/sites\/12\/2025\/06\/Presentacion-de-la-Unidad-Mixta-de-Investigacion-ISTAC-ULL_Banner-eventos.png","url":"https:\/\/www.ull.es\/portal\/agenda\/evento\/presentacion-de-la-unidad-mixta-de-investigacion-istac-ull\/","startDate":"2025-06-18T10:00:00+00:00","endDate":"2025-06-18T11:00:00+00:00","location":{"@type":"Place","name":"Aula Magna del Edificio Central","description":"","url":"https:\/\/www.ull.es\/portal\/agenda\/local\/aula-magna-del-edificio-central-sala-de-rectores\/","address":{"@type":"PostalAddress"},"telephone":"","sameAs":""},"organizer":{"@type":"Person","name":"Unidad Mixta de Investigaci\u00f3n ISTAC ULL","description":"","url":"https:\/\/www.ull.es\/portal\/agenda\/organizador\/unidad-mixta-de-investigacion-istac-ull\/","telephone":"","email":"","sameAs":""}}}