{"id":43569,"global_id":"www.ull.es\/portal\/agenda?id=43569","global_id_lineage":["www.ull.es\/portal\/agenda?id=43569"],"author":"65","status":"publish","date":"2025-07-10 12:55:14","date_utc":"2025-07-10 12:55:14","modified":"2025-07-10 12:55:14","modified_utc":"2025-07-10 12:55:14","url":"https:\/\/www.ull.es\/portal\/agenda\/evento\/inteligencia-artificial-herramientas-que-revolucionan-el-conocimiento\/","rest_url":"https:\/\/www.ull.es\/portal\/agenda\/wp-json\/tribe\/events\/v1\/events\/43569","title":"Inteligencia Artificial: herramientas que revolucionan el conocimiento","description":"<p><span style=\"font-weight: 400;\">La C\u00e1tedra TECNOEDU de la Universidad de La Laguna (ULL) refuerza su compromiso con la innovaci\u00f3n educativa lanzando el ciclo formativo \u00abIAEducaci\u00f3n\u00bb, que este mes de septiembre reunir\u00e1 dos seminarios presenciales dise\u00f1ados para que el profesorado, el personal investigador y el alumnado de doctorado aprendan a integrar la Inteligencia Artificial en su pr\u00e1ctica docente de manera cr\u00edtica, responsable y creativa.<\/span><\/p>\n<p><a href=\"https:\/\/tecnoedu.webs.ull.es\/docencia-ia-herramientas-conocimiento\/\" target=\"_blank\" rel=\"noopener\"><span style=\"font-weight: 400;\">\u00abInteligencia Artificial: herramientas que revolucionan el conocimiento\u00bb,<\/span><\/a><span style=\"font-weight: 400;\"> que tendr\u00e1 lugar el <\/span><span style=\"font-weight: 400;\">29 y 30 de septiembre, de 17:00 a 20:00h, estar\u00e1 a cargo de Fernando Posada Prieto, docente y coordinador TIC en el CEIP Costa Teguise. En la primera jornada, los participantes explorar\u00e1n las posibilidades de ChatGPT para potenciar la productividad digital mediante la t\u00e9cnica RCA (Rol<\/span><span style=\"font-weight: 400;\">\u2011<\/span><span style=\"font-weight: 400;\">Contexto<\/span><span style=\"font-weight: 400;\">\u2011<\/span><span style=\"font-weight: 400;\">Acci\u00f3n) y la secuencia elaborativa avanzada. La segunda sesi\u00f3n ofrecer\u00e1 un recorrido por las principales soluciones gratuitas de IA (Gemini, Copilot, Claude, Perplexity, Gamma.app o Magic School AI, as\u00ed como generadores de im\u00e1genes, audio y v\u00eddeo), destacando buenas pr\u00e1cticas de uso seguro, detecci\u00f3n de plagio y humanizaci\u00f3n de textos. El programa se completa con ejemplos de integraci\u00f3n de estas herramientas en la planificaci\u00f3n docente y en proyectos de investigaci\u00f3n.<\/span><\/p>\n<p><span style=\"font-weight: 400;\">El seminario combina demostraciones en directo, estudio de casos y resoluci\u00f3n colaborativa de problemas, y no exigen conocimientos t\u00e9cnicos avanzados. La participaci\u00f3n es gratuita, pero las plazas son limitadas y requieren inscripci\u00f3n previa a trav\u00e9s de la <a href=\"https:\/\/tecnoedu.webs.ull.es\" target=\"_blank\" rel=\"noopener\" target=\"_blank\" rel=\"noopener\">p\u00e1gina web de la C\u00e1tedra TECNOEDU<\/a><\/span><span style=\"font-weight: 400;\">. Al finalizar cada curso se entregar\u00e1 un certificado oficial de asistencia.<\/span><\/p>\n<p><span style=\"font-weight: 400;\">Con estas formaciones la C\u00e1tedra TECNOEDU pretende facilitar a la comunidad universitaria los conocimientos necesarios para replantear la creaci\u00f3n de materiales, los procedimientos de evaluaci\u00f3n y los proyectos de investigaci\u00f3n en la era de la Inteligencia Artificial. Quienes deseen mantenerse a la vanguardia de la innovaci\u00f3n educativa tienen este septiembre dos citas ineludibles.<\/span><\/p>","excerpt":"","slug":"inteligencia-artificial-herramientas-que-revolucionan-el-conocimiento","image":{"url":"https:\/\/www.ull.es\/portal\/agenda\/wp-content\/uploads\/sites\/12\/2025\/07\/IA.png","id":43567,"extension":"png","width":1920,"height":947,"filesize":132535,"sizes":{"medium":{"width":300,"height":148,"mime-type":"image\/png","filesize":20034,"url":"https:\/\/www.ull.es\/portal\/agenda\/wp-content\/uploads\/sites\/12\/2025\/07\/IA-300x148.png"},"large":{"width":1024,"height":505,"mime-type":"image\/png","filesize":99513,"url":"https:\/\/www.ull.es\/portal\/agenda\/wp-content\/uploads\/sites\/12\/2025\/07\/IA-1024x505.png"},"thumbnail":{"width":150,"height":150,"mime-type":"image\/png","filesize":8124,"url":"https:\/\/www.ull.es\/portal\/agenda\/wp-content\/uploads\/sites\/12\/2025\/07\/IA-150x150.png"},"medium_large":{"width":768,"height":379,"mime-type":"image\/png","filesize":67830,"url":"https:\/\/www.ull.es\/portal\/agenda\/wp-content\/uploads\/sites\/12\/2025\/07\/IA-768x379.png"},"1536x1536":{"width":1536,"height":758,"mime-type":"image\/png","filesize":164163,"url":"https:\/\/www.ull.es\/portal\/agenda\/wp-content\/uploads\/sites\/12\/2025\/07\/IA-1536x758.png"},"mug-shot":{"width":150,"height":250,"mime-type":"image\/png","filesize":7843,"url":"https:\/\/www.ull.es\/portal\/agenda\/wp-content\/uploads\/sites\/12\/2025\/07\/IA-150x250.png"},"sidebar":{"width":375,"height":185,"mime-type":"image\/png","filesize":27188,"url":"https:\/\/www.ull.es\/portal\/agenda\/wp-content\/uploads\/sites\/12\/2025\/07\/IA-375x185.png"},"half":{"width":375,"height":185,"mime-type":"image\/png","filesize":27188,"url":"https:\/\/www.ull.es\/portal\/agenda\/wp-content\/uploads\/sites\/12\/2025\/07\/IA-375x185.png"},"full-content":{"width":750,"height":370,"mime-type":"image\/png","filesize":68625,"url":"https:\/\/www.ull.es\/portal\/agenda\/wp-content\/uploads\/sites\/12\/2025\/07\/IA-750x370.png"},"page":{"width":1140,"height":562,"mime-type":"image\/png","filesize":114999,"url":"https:\/\/www.ull.es\/portal\/agenda\/wp-content\/uploads\/sites\/12\/2025\/07\/IA-1140x562.png"},"thimble":{"width":50,"height":50,"mime-type":"image\/png","filesize":1644,"url":"https:\/\/www.ull.es\/portal\/agenda\/wp-content\/uploads\/sites\/12\/2025\/07\/IA-50x50.png"},"thumbnail-large":{"width":300,"height":300,"mime-type":"image\/png","filesize":19688,"url":"https:\/\/www.ull.es\/portal\/agenda\/wp-content\/uploads\/sites\/12\/2025\/07\/IA-300x300.png"},"rss":{"width":108,"height":81,"mime-type":"image\/png","filesize":5101,"url":"https:\/\/www.ull.es\/portal\/agenda\/wp-content\/uploads\/sites\/12\/2025\/07\/IA-108x81.png"}}},"all_day":false,"start_date":"2025-09-29 17:00:00","start_date_details":{"year":"2025","month":"09","day":"29","hour":"17","minutes":"00","seconds":"00"},"end_date":"2025-09-30 20:00:00","end_date_details":{"year":"2025","month":"09","day":"30","hour":"20","minutes":"00","seconds":"00"},"utc_start_date":"2025-09-29 17:00:00","utc_start_date_details":{"year":"2025","month":"09","day":"29","hour":"17","minutes":"00","seconds":"00"},"utc_end_date":"2025-09-30 20:00:00","utc_end_date_details":{"year":"2025","month":"09","day":"30","hour":"20","minutes":"00","seconds":"00"},"timezone":"UTC+0","timezone_abbr":"UTC+0","cost":"","cost_details":{"currency_symbol":"","currency_position":"prefix","values":[]},"website":"","show_map":false,"show_map_link":false,"hide_from_listings":false,"sticky":false,"featured":false,"categories":[{"name":"C\u00e1tedras","slug":"catedras","term_group":0,"term_taxonomy_id":2118,"taxonomy":"tribe_events_cat","description":"","parent":0,"count":42,"filter":"raw","id":2118,"urls":{"self":"https:\/\/www.ull.es\/portal\/agenda\/wp-json\/tribe\/events\/v1\/categories\/2118","collection":"https:\/\/www.ull.es\/portal\/agenda\/wp-json\/tribe\/events\/v1\/categories"}},{"name":"Destacado ULL","slug":"destacado-ull","term_group":0,"term_taxonomy_id":4,"taxonomy":"tribe_events_cat","description":"","parent":0,"count":4586,"filter":"raw","id":4,"urls":{"self":"https:\/\/www.ull.es\/portal\/agenda\/wp-json\/tribe\/events\/v1\/categories\/4","collection":"https:\/\/www.ull.es\/portal\/agenda\/wp-json\/tribe\/events\/v1\/categories"}},{"name":"Perfil Estudiante","slug":"perfil-estudiante","term_group":0,"term_taxonomy_id":186,"taxonomy":"tribe_events_cat","description":"","parent":185,"count":2760,"filter":"raw","id":186,"urls":{"self":"https:\/\/www.ull.es\/portal\/agenda\/wp-json\/tribe\/events\/v1\/categories\/186","collection":"https:\/\/www.ull.es\/portal\/agenda\/wp-json\/tribe\/events\/v1\/categories","up":"https:\/\/www.ull.es\/portal\/agenda\/wp-json\/tribe\/events\/v1\/categories\/185"}},{"name":"Perfil PDI","slug":"perfil-pdi","term_group":0,"term_taxonomy_id":187,"taxonomy":"tribe_events_cat","description":"","parent":185,"count":194,"filter":"raw","id":187,"urls":{"self":"https:\/\/www.ull.es\/portal\/agenda\/wp-json\/tribe\/events\/v1\/categories\/187","collection":"https:\/\/www.ull.es\/portal\/agenda\/wp-json\/tribe\/events\/v1\/categories","up":"https:\/\/www.ull.es\/portal\/agenda\/wp-json\/tribe\/events\/v1\/categories\/185"}},{"name":"Portada ULL","slug":"portada-ull","term_group":0,"term_taxonomy_id":191,"taxonomy":"tribe_events_cat","description":"","parent":0,"count":2109,"filter":"raw","id":191,"urls":{"self":"https:\/\/www.ull.es\/portal\/agenda\/wp-json\/tribe\/events\/v1\/categories\/191","collection":"https:\/\/www.ull.es\/portal\/agenda\/wp-json\/tribe\/events\/v1\/categories"}}],"tags":[],"venue":{"id":20498,"author":"65","status":"publish","date":"2021-07-14 12:47:04","date_utc":"2021-07-14 12:47:04","modified":"2021-07-15 10:25:08","modified_utc":"2021-07-15 10:25:08","url":"https:\/\/www.ull.es\/portal\/agenda\/local\/online-4\/","venue":"Online","slug":"online-4","json_ld":{"@type":"Place","name":"Online","description":"","url":"https:\/\/www.ull.es\/portal\/agenda\/local\/online-4\/","address":{"@type":"PostalAddress"},"telephone":"","sameAs":""},"show_map":true,"show_map_link":true,"global_id":"www.ull.es\/portal\/agenda?id=20498","global_id_lineage":["www.ull.es\/portal\/agenda?id=20498"]},"organizer":[{"id":3148,"author":"21","status":"publish","date":"2017-10-09 12:31:09","date_utc":"2017-10-09 12:31:09","modified":"2024-04-16 08:55:19","modified_utc":"2024-04-16 08:55:19","url":"https:\/\/www.ull.es\/portal\/agenda\/organizador\/tecnoedu-catedra-fundacion-mapfre-guanarteme-de-tecnologia-y-educacion-de-la-universidad-de-la-laguna\/","organizer":"C\u00e1tedra Fundaci\u00f3n MAPFRE Canarias de Tecnolog\u00eda y Educaci\u00f3n de la Universidad de La Laguna","slug":"tecnoedu-catedra-fundacion-mapfre-guanarteme-de-tecnologia-y-educacion-de-la-universidad-de-la-laguna","phone":"922 31 91 63","json_ld":{"@type":"Person","name":"C\u00e1tedra Fundaci\u00f3n MAPFRE Canarias de Tecnolog\u00eda y Educaci\u00f3n de la Universidad de La Laguna","description":"","url":"https:\/\/www.ull.es\/portal\/agenda\/organizador\/tecnoedu-catedra-fundacion-mapfre-guanarteme-de-tecnologia-y-educacion-de-la-universidad-de-la-laguna\/","telephone":"922 31 91 63","email":"","sameAs":""},"global_id":"www.ull.es\/portal\/agenda?id=3148","global_id_lineage":["www.ull.es\/portal\/agenda?id=3148"]}],"json_ld":{"@context":"http:\/\/schema.org","@type":"Event","name":"Inteligencia Artificial: herramientas que revolucionan el conocimiento","description":"&lt;p&gt;La C\u00e1tedra TECNOEDU de la Universidad de La Laguna (ULL) refuerza su compromiso con la innovaci\u00f3n educativa lanzando el ciclo formativo \u00abIAEducaci\u00f3n\u00bb, que este mes de septiembre reunir\u00e1 dos seminarios presenciales dise\u00f1ados para que el profesorado, el personal investigador y el alumnado de doctorado aprendan a integrar la Inteligencia Artificial en su pr\u00e1ctica docente de...&lt;\/p&gt;\\n","image":"https:\/\/www.ull.es\/portal\/agenda\/wp-content\/uploads\/sites\/12\/2025\/07\/IA.png","url":"https:\/\/www.ull.es\/portal\/agenda\/evento\/inteligencia-artificial-herramientas-que-revolucionan-el-conocimiento\/","startDate":"2025-09-29T17:00:00+00:00","endDate":"2025-09-30T20:00:00+00:00","location":{"@type":"Place","name":"Online","description":"","url":"https:\/\/www.ull.es\/portal\/agenda\/local\/online-4\/","address":{"@type":"PostalAddress"},"telephone":"","sameAs":""},"organizer":{"@type":"Person","name":"C\u00e1tedra Fundaci\u00f3n MAPFRE Canarias de Tecnolog\u00eda y Educaci\u00f3n de la Universidad de La Laguna","description":"","url":"https:\/\/www.ull.es\/portal\/agenda\/organizador\/tecnoedu-catedra-fundacion-mapfre-guanarteme-de-tecnologia-y-educacion-de-la-universidad-de-la-laguna\/","telephone":"922 31 91 63","email":"","sameAs":""}}}