{"id":43631,"global_id":"www.ull.es\/portal\/agenda?id=43631","global_id_lineage":["www.ull.es\/portal\/agenda?id=43631"],"author":"65","status":"publish","date":"2025-07-16 08:40:03","date_utc":"2025-07-16 08:40:03","modified":"2025-07-16 12:12:19","modified_utc":"2025-07-16 12:12:19","url":"https:\/\/www.ull.es\/portal\/agenda\/evento\/filosofia-y-archivos-el-valor-y-potencial-del-archivo-javier-muguerza-en-la-universidad-de-la-laguna-para-la-filosofia-iberoamericana\/","rest_url":"https:\/\/www.ull.es\/portal\/agenda\/wp-json\/tribe\/events\/v1\/events\/43631","title":"Filosof\u00eda y archivos. El valor y potencial del archivo Javier Muguerza en la Universidad de La Laguna para la filosof\u00eda iberoamericana","description":"<p>Seminario especializado con el experto de la Universidad de Castilla-La Mancha, Santiago Arroyo, sobre el archivo Javier Muguerza de la Universidad de La Laguna. La actividad forma parte de las actividades financiadas por el Cabildo de Tenerife en el marco de la convocatoria de Proyectos de Inter\u00e9s Cultural 2025 del Vicerrectorado de Cultura y Extensi\u00f3n Universitaria y tiene como objetivo poner en valor el patrimonio cultural y bibliogr\u00e1fico de la Universidad de La Laguna as\u00ed como destacar la importancia de la archiv\u00edstica para las humanidades.<\/p>","excerpt":"","slug":"filosofia-y-archivos-el-valor-y-potencial-del-archivo-javier-muguerza-en-la-universidad-de-la-laguna-para-la-filosofia-iberoamericana","image":{"url":"https:\/\/www.ull.es\/portal\/agenda\/wp-content\/uploads\/sites\/12\/2025\/07\/Banner_Filosofia-y-archivos_edited.jpg","id":43635,"extension":"jpg","width":1600,"height":800,"filesize":122511,"sizes":{"medium":{"width":300,"height":150,"mime-type":"image\/jpeg","filesize":10121,"url":"https:\/\/www.ull.es\/portal\/agenda\/wp-content\/uploads\/sites\/12\/2025\/07\/Banner_Filosofia-y-archivos_edited-300x150.jpg"},"large":{"width":1024,"height":512,"mime-type":"image\/jpeg","filesize":65345,"url":"https:\/\/www.ull.es\/portal\/agenda\/wp-content\/uploads\/sites\/12\/2025\/07\/Banner_Filosofia-y-archivos_edited-1024x512.jpg"},"thumbnail":{"width":150,"height":150,"mime-type":"image\/jpeg","filesize":4687,"url":"https:\/\/www.ull.es\/portal\/agenda\/wp-content\/uploads\/sites\/12\/2025\/07\/Banner_Filosofia-y-archivos_edited-150x150.jpg"},"medium_large":{"width":768,"height":384,"mime-type":"image\/jpeg","filesize":43442,"url":"https:\/\/www.ull.es\/portal\/agenda\/wp-content\/uploads\/sites\/12\/2025\/07\/Banner_Filosofia-y-archivos_edited-768x384.jpg"},"1536x1536":{"width":1536,"height":768,"mime-type":"image\/jpeg","filesize":110056,"url":"https:\/\/www.ull.es\/portal\/agenda\/wp-content\/uploads\/sites\/12\/2025\/07\/Banner_Filosofia-y-archivos_edited-1536x768.jpg"},"mug-shot":{"width":150,"height":250,"mime-type":"image\/jpeg","filesize":4806,"url":"https:\/\/www.ull.es\/portal\/agenda\/wp-content\/uploads\/sites\/12\/2025\/07\/Banner_Filosofia-y-archivos_edited-150x250.jpg"},"sidebar":{"width":375,"height":188,"mime-type":"image\/jpeg","filesize":14831,"url":"https:\/\/www.ull.es\/portal\/agenda\/wp-content\/uploads\/sites\/12\/2025\/07\/Banner_Filosofia-y-archivos_edited-375x188.jpg"},"half":{"width":375,"height":188,"mime-type":"image\/jpeg","filesize":14831,"url":"https:\/\/www.ull.es\/portal\/agenda\/wp-content\/uploads\/sites\/12\/2025\/07\/Banner_Filosofia-y-archivos_edited-375x188.jpg"},"full-content":{"width":750,"height":375,"mime-type":"image\/jpeg","filesize":41974,"url":"https:\/\/www.ull.es\/portal\/agenda\/wp-content\/uploads\/sites\/12\/2025\/07\/Banner_Filosofia-y-archivos_edited-750x375.jpg"},"page":{"width":1140,"height":570,"mime-type":"image\/jpeg","filesize":74932,"url":"https:\/\/www.ull.es\/portal\/agenda\/wp-content\/uploads\/sites\/12\/2025\/07\/Banner_Filosofia-y-archivos_edited-1140x570.jpg"},"thimble":{"width":50,"height":50,"mime-type":"image\/jpeg","filesize":1258,"url":"https:\/\/www.ull.es\/portal\/agenda\/wp-content\/uploads\/sites\/12\/2025\/07\/Banner_Filosofia-y-archivos_edited-50x50.jpg"},"thumbnail-large":{"width":300,"height":300,"mime-type":"image\/jpeg","filesize":13068,"url":"https:\/\/www.ull.es\/portal\/agenda\/wp-content\/uploads\/sites\/12\/2025\/07\/Banner_Filosofia-y-archivos_edited-300x300.jpg"},"rss":{"width":108,"height":81,"mime-type":"image\/jpeg","filesize":2646,"url":"https:\/\/www.ull.es\/portal\/agenda\/wp-content\/uploads\/sites\/12\/2025\/07\/Banner_Filosofia-y-archivos_edited-108x81.jpg"}}},"all_day":false,"start_date":"2025-07-25 11:00:00","start_date_details":{"year":"2025","month":"07","day":"25","hour":"11","minutes":"00","seconds":"00"},"end_date":"2025-07-25 13:00:00","end_date_details":{"year":"2025","month":"07","day":"25","hour":"13","minutes":"00","seconds":"00"},"utc_start_date":"2025-07-25 11:00:00","utc_start_date_details":{"year":"2025","month":"07","day":"25","hour":"11","minutes":"00","seconds":"00"},"utc_end_date":"2025-07-25 13:00:00","utc_end_date_details":{"year":"2025","month":"07","day":"25","hour":"13","minutes":"00","seconds":"00"},"timezone":"UTC+0","timezone_abbr":"UTC+0","cost":"","cost_details":{"currency_symbol":"","currency_position":"prefix","values":[]},"website":"","show_map":false,"show_map_link":false,"hide_from_listings":false,"sticky":false,"featured":false,"categories":[{"name":"Aulas y C\u00e1tedras culturales","slug":"aulas-culturales","term_group":0,"term_taxonomy_id":344,"taxonomy":"tribe_events_cat","description":"","parent":0,"count":289,"filter":"raw","id":344,"urls":{"self":"https:\/\/www.ull.es\/portal\/agenda\/wp-json\/tribe\/events\/v1\/categories\/344","collection":"https:\/\/www.ull.es\/portal\/agenda\/wp-json\/tribe\/events\/v1\/categories"}},{"name":"cultura","slug":"cultura","term_group":0,"term_taxonomy_id":3987,"taxonomy":"tribe_events_cat","description":"","parent":0,"count":819,"filter":"raw","id":3987,"urls":{"self":"https:\/\/www.ull.es\/portal\/agenda\/wp-json\/tribe\/events\/v1\/categories\/3987","collection":"https:\/\/www.ull.es\/portal\/agenda\/wp-json\/tribe\/events\/v1\/categories"}},{"name":"Destacado ULL","slug":"destacado-ull","term_group":0,"term_taxonomy_id":4,"taxonomy":"tribe_events_cat","description":"","parent":0,"count":4572,"filter":"raw","id":4,"urls":{"self":"https:\/\/www.ull.es\/portal\/agenda\/wp-json\/tribe\/events\/v1\/categories\/4","collection":"https:\/\/www.ull.es\/portal\/agenda\/wp-json\/tribe\/events\/v1\/categories"}},{"name":"Portada ULL","slug":"portada-ull","term_group":0,"term_taxonomy_id":191,"taxonomy":"tribe_events_cat","description":"","parent":0,"count":2104,"filter":"raw","id":191,"urls":{"self":"https:\/\/www.ull.es\/portal\/agenda\/wp-json\/tribe\/events\/v1\/categories\/191","collection":"https:\/\/www.ull.es\/portal\/agenda\/wp-json\/tribe\/events\/v1\/categories"}}],"tags":[],"venue":{"id":1145,"author":"21","status":"publish","date":"2017-03-28 12:06:00","date_utc":"2017-03-28 12:06:00","modified":"2024-03-01 09:48:10","modified_utc":"2024-03-01 09:48:10","url":"https:\/\/www.ull.es\/portal\/agenda\/local\/seccion-de-filosofia\/","venue":"Secci\u00f3n de Filosof\u00eda","slug":"seccion-de-filosofia","address":"Facultad de Humanidades. Campus de Guajara","city":"San Crist\u00f3bal de la Laguna","country":"Espa\u00f1a","province":"Santa Cruz de Tenerife","zip":"38205","stateprovince":"Santa Cruz de Tenerife","geo_lat":28.46967430000000121026459964923560619354248046875,"geo_lng":-16.304808799999999990859578247182071208953857421875,"json_ld":{"@type":"Place","name":"Secci\u00f3n de Filosof\u00eda","description":"","url":"https:\/\/www.ull.es\/portal\/agenda\/local\/seccion-de-filosofia\/","address":{"@type":"PostalAddress","streetAddress":"Facultad de Humanidades. Campus de Guajara","addressLocality":"San Crist\u00f3bal de la Laguna","addressRegion":"Santa Cruz de Tenerife","postalCode":"38205","addressCountry":"Espa\u00f1a"},"geo":{"@type":"GeoCoordinates","latitude":28.46967430000000121026459964923560619354248046875,"longitude":-16.304808799999999990859578247182071208953857421875},"telephone":"","sameAs":""},"show_map":false,"show_map_link":true,"global_id":"www.ull.es\/portal\/agenda?id=1145","global_id_lineage":["www.ull.es\/portal\/agenda?id=1145"]},"organizer":[{"id":15299,"author":"65","status":"publish","date":"2020-01-22 09:37:28","date_utc":"2020-01-22 09:37:28","modified":"2020-01-22 09:37:28","modified_utc":"2020-01-22 09:37:28","url":"https:\/\/www.ull.es\/portal\/agenda\/organizador\/cabildo-de-tenerife\/","organizer":"Cabildo de Tenerife","slug":"cabildo-de-tenerife","json_ld":{"@type":"Person","name":"Cabildo de Tenerife","description":"","url":"https:\/\/www.ull.es\/portal\/agenda\/organizador\/cabildo-de-tenerife\/","telephone":"","email":"","sameAs":""},"global_id":"www.ull.es\/portal\/agenda?id=15299","global_id_lineage":["www.ull.es\/portal\/agenda?id=15299"]},{"id":3522,"author":"21","status":"publish","date":"2017-10-17 12:16:18","date_utc":"2017-10-17 12:16:18","modified":"2017-10-17 12:16:18","modified_utc":"2017-10-17 12:16:18","url":"https:\/\/www.ull.es\/portal\/agenda\/organizador\/catedra-cultural-javier-muguerza\/","organizer":"C\u00e1tedra Cultural Javier Muguerza","slug":"catedra-cultural-javier-muguerza","json_ld":{"@type":"Person","name":"C\u00e1tedra Cultural Javier Muguerza","description":"","url":"https:\/\/www.ull.es\/portal\/agenda\/organizador\/catedra-cultural-javier-muguerza\/","telephone":"","email":"","sameAs":""},"global_id":"www.ull.es\/portal\/agenda?id=3522","global_id_lineage":["www.ull.es\/portal\/agenda?id=3522"]}],"json_ld":{"@context":"http:\/\/schema.org","@type":"Event","name":"Filosof\u00eda y archivos. El valor y potencial del archivo Javier Muguerza en la Universidad de La Laguna para la filosof\u00eda iberoamericana","description":"&lt;p&gt;Seminario especializado con el experto de la Universidad de Castilla-La Mancha, Santiago Arroyo, sobre el archivo Javier Muguerza de la Universidad de La Laguna. La actividad forma parte de las actividades financiadas por el Cabildo de Tenerife en el marco de la convocatoria de Proyectos de Inter\u00e9s Cultural 2025 del Vicerrectorado de Cultura y Extensi\u00f3n...&lt;\/p&gt;\\n","image":"https:\/\/www.ull.es\/portal\/agenda\/wp-content\/uploads\/sites\/12\/2025\/07\/Banner_Filosofia-y-archivos_edited.jpg","url":"https:\/\/www.ull.es\/portal\/agenda\/evento\/filosofia-y-archivos-el-valor-y-potencial-del-archivo-javier-muguerza-en-la-universidad-de-la-laguna-para-la-filosofia-iberoamericana\/","startDate":"2025-07-25T11:00:00+00:00","endDate":"2025-07-25T13:00:00+00:00","location":{"@type":"Place","name":"Secci\u00f3n de Filosof\u00eda","description":"","url":"https:\/\/www.ull.es\/portal\/agenda\/local\/seccion-de-filosofia\/","address":{"@type":"PostalAddress","streetAddress":"Facultad de Humanidades. Campus de Guajara","addressLocality":"San Crist\u00f3bal de la Laguna","addressRegion":"Santa Cruz de Tenerife","postalCode":"38205","addressCountry":"Espa\u00f1a"},"geo":{"@type":"GeoCoordinates","latitude":28.46967430000000121026459964923560619354248046875,"longitude":-16.304808799999999990859578247182071208953857421875},"telephone":"","sameAs":""},"organizer":{"@type":"Person","name":"Cabildo de Tenerife","description":"","url":"https:\/\/www.ull.es\/portal\/agenda\/organizador\/cabildo-de-tenerife\/","telephone":"","email":"","sameAs":""}}}