{"id":43783,"global_id":"www.ull.es\/portal\/agenda?id=43783","global_id_lineage":["www.ull.es\/portal\/agenda?id=43783"],"author":"65","status":"publish","date":"2025-09-01 11:59:24","date_utc":"2025-09-01 11:59:24","modified":"2025-10-14 07:46:55","modified_utc":"2025-10-14 07:46:55","url":"https:\/\/www.ull.es\/portal\/agenda\/evento\/jornada-mujer-rural-en-canarias-desafios-y-oportunidades-en-municipios-de-menos-de-10-000-habitantes\/","rest_url":"https:\/\/www.ull.es\/portal\/agenda\/wp-json\/tribe\/events\/v1\/events\/43783","title":"Jornada: Mujer rural en Canarias: desaf\u00edos y oportunidades en municipios de menos de 10.000 habitantes","description":"<p>Las mujeres rurales son un pilar insustituible para el sostenimiento del tejido social, econ\u00f3mico y cultural de los municipios canarios, especialmente en aquellos con menos de 10.000 habitantes. Estos municipios, que representan la mayor\u00eda del archipi\u00e9lago y albergan una riqueza natural y patrimonial considerable, a menudo enfrentan desaf\u00edos particulares como el despoblamiento, la dispersi\u00f3n geogr\u00e1fica, la limitada oferta de servicios y la brecha digital. En este contexto, la contribuci\u00f3n de la mujer es a\u00fan m\u00e1s crucial, siendo impulsoras de la econom\u00eda local, custodias de las tradiciones y agentes de cambio en sus comunidades.<\/p>\n<p>En conmemoraci\u00f3n del D\u00eda Internacional de la Mujer Rural, y con el compromiso de visibilizar y potenciar este rol fundamental, proponemos la organizaci\u00f3n de unas jornadas dedicadas a analizar sus desaf\u00edos y explorar nuevas oportunidades. El enfoque se centrar\u00e1 en la realidad espec\u00edfica de los municipios peque\u00f1os, buscando generar un espacio de di\u00e1logo constructivo y colaborativo que impulse su desarrollo personal, profesional y social, en plena sinton\u00eda con los principios de la Agenda Canaria 2030 para el Desarrollo Sostenible.<\/p>\n<p>Estas jornadas se impulsan gracias a la colaboraci\u00f3n estrat\u00e9gica entre el Departamento de Ingenier\u00eda Agraria y del Medio Natural y la C\u00e1tedra de Agroturismo y Enoturismo de Canarias del Instituto Canario de Calidad Agroalimentaria y de la Universidad de La Laguna, quienes aportan el rigor acad\u00e9mico, la investigaci\u00f3n y el conocimiento especializado sobre el desarrollo rural y las din\u00e1micas sociales en Canarias. Esta implicaci\u00f3n garantiza una base s\u00f3lida y un enfoque basado en evidencia para el an\u00e1lisis de la situaci\u00f3n de la mujer rural, contando tambi\u00e9n con el apoyo fundamental del Gobierno de Canarias a trav\u00e9s de su Agenda Canaria 2030, y la Federaci\u00f3n Canaria de Municipios.<\/p>\n<p><a href=\"https:\/\/sede.fg.ull.es\/es\/curso\/detalle?code=a25030223&amp;name=jornadas-mujer-rural-en-canarias-desafios-y-oportunidades-en-municipios-de-menos-de-10-000-habitantes&amp;query=%3Fcode%3DA25030223\" target=\"_blank\" rel=\"noopener\" target=\"_blank\" rel=\"noopener\">Inscripci\u00f3n<\/a><\/p>","excerpt":"","slug":"jornada-mujer-rural-en-canarias-desafios-y-oportunidades-en-municipios-de-menos-de-10-000-habitantes","image":{"url":"https:\/\/www.ull.es\/portal\/agenda\/wp-content\/uploads\/sites\/12\/2025\/09\/Jornadas-Mujer-Rural-en-Canarias_Banner-eventos-2.png","id":43784,"extension":"png","width":750,"height":370,"filesize":22540,"sizes":{"medium":{"width":300,"height":148,"mime-type":"image\/png","filesize":23461,"url":"https:\/\/www.ull.es\/portal\/agenda\/wp-content\/uploads\/sites\/12\/2025\/09\/Jornadas-Mujer-Rural-en-Canarias_Banner-eventos-2-300x148.png"},"thumbnail":{"width":150,"height":150,"mime-type":"image\/png","filesize":10796,"url":"https:\/\/www.ull.es\/portal\/agenda\/wp-content\/uploads\/sites\/12\/2025\/09\/Jornadas-Mujer-Rural-en-Canarias_Banner-eventos-2-150x150.png"},"mug-shot":{"width":150,"height":250,"mime-type":"image\/png","filesize":12587,"url":"https:\/\/www.ull.es\/portal\/agenda\/wp-content\/uploads\/sites\/12\/2025\/09\/Jornadas-Mujer-Rural-en-Canarias_Banner-eventos-2-150x250.png"},"sidebar":{"width":375,"height":185,"mime-type":"image\/png","filesize":31373,"url":"https:\/\/www.ull.es\/portal\/agenda\/wp-content\/uploads\/sites\/12\/2025\/09\/Jornadas-Mujer-Rural-en-Canarias_Banner-eventos-2-375x185.png"},"half":{"width":375,"height":185,"mime-type":"image\/png","filesize":31373,"url":"https:\/\/www.ull.es\/portal\/agenda\/wp-content\/uploads\/sites\/12\/2025\/09\/Jornadas-Mujer-Rural-en-Canarias_Banner-eventos-2-375x185.png"},"thimble":{"width":50,"height":50,"mime-type":"image\/png","filesize":2172,"url":"https:\/\/www.ull.es\/portal\/agenda\/wp-content\/uploads\/sites\/12\/2025\/09\/Jornadas-Mujer-Rural-en-Canarias_Banner-eventos-2-50x50.png"},"thumbnail-large":{"width":300,"height":300,"mime-type":"image\/png","filesize":27354,"url":"https:\/\/www.ull.es\/portal\/agenda\/wp-content\/uploads\/sites\/12\/2025\/09\/Jornadas-Mujer-Rural-en-Canarias_Banner-eventos-2-300x300.png"},"rss":{"width":108,"height":81,"mime-type":"image\/png","filesize":6317,"url":"https:\/\/www.ull.es\/portal\/agenda\/wp-content\/uploads\/sites\/12\/2025\/09\/Jornadas-Mujer-Rural-en-Canarias_Banner-eventos-2-108x81.png"}}},"all_day":false,"start_date":"2025-10-15 09:30:00","start_date_details":{"year":"2025","month":"10","day":"15","hour":"09","minutes":"30","seconds":"00"},"end_date":"2025-10-15 14:00:00","end_date_details":{"year":"2025","month":"10","day":"15","hour":"14","minutes":"00","seconds":"00"},"utc_start_date":"2025-10-15 09:30:00","utc_start_date_details":{"year":"2025","month":"10","day":"15","hour":"09","minutes":"30","seconds":"00"},"utc_end_date":"2025-10-15 14:00:00","utc_end_date_details":{"year":"2025","month":"10","day":"15","hour":"14","minutes":"00","seconds":"00"},"timezone":"UTC+0","timezone_abbr":"UTC+0","cost":"","cost_details":{"currency_symbol":"","currency_position":"prefix","values":[]},"website":"","show_map":false,"show_map_link":false,"hide_from_listings":false,"sticky":false,"featured":false,"categories":[{"name":"Aulas y C\u00e1tedras culturales","slug":"aulas-culturales","term_group":0,"term_taxonomy_id":344,"taxonomy":"tribe_events_cat","description":"","parent":0,"count":289,"filter":"raw","id":344,"urls":{"self":"https:\/\/www.ull.es\/portal\/agenda\/wp-json\/tribe\/events\/v1\/categories\/344","collection":"https:\/\/www.ull.es\/portal\/agenda\/wp-json\/tribe\/events\/v1\/categories"}},{"name":"Destacado ULL","slug":"destacado-ull","term_group":0,"term_taxonomy_id":4,"taxonomy":"tribe_events_cat","description":"","parent":0,"count":4572,"filter":"raw","id":4,"urls":{"self":"https:\/\/www.ull.es\/portal\/agenda\/wp-json\/tribe\/events\/v1\/categories\/4","collection":"https:\/\/www.ull.es\/portal\/agenda\/wp-json\/tribe\/events\/v1\/categories"}},{"name":"Escuela Polit\u00e9cnica Superior de Ingenier\u00eda","slug":"escuela-politecnica-superior-de-ingenieria","term_group":0,"term_taxonomy_id":915,"taxonomy":"tribe_events_cat","description":"","parent":788,"count":124,"filter":"raw","id":915,"urls":{"self":"https:\/\/www.ull.es\/portal\/agenda\/wp-json\/tribe\/events\/v1\/categories\/915","collection":"https:\/\/www.ull.es\/portal\/agenda\/wp-json\/tribe\/events\/v1\/categories","up":"https:\/\/www.ull.es\/portal\/agenda\/wp-json\/tribe\/events\/v1\/categories\/788"}},{"name":"Ingenier\u00eda Agraria, N\u00e1utica, Civil y Mar\u00edtima","slug":"ingenieria-agraria-nautica-civil-y-maritima","term_group":0,"term_taxonomy_id":355,"taxonomy":"tribe_events_cat","description":"","parent":346,"count":12,"filter":"raw","id":355,"urls":{"self":"https:\/\/www.ull.es\/portal\/agenda\/wp-json\/tribe\/events\/v1\/categories\/355","collection":"https:\/\/www.ull.es\/portal\/agenda\/wp-json\/tribe\/events\/v1\/categories","up":"https:\/\/www.ull.es\/portal\/agenda\/wp-json\/tribe\/events\/v1\/categories\/346"}}],"tags":[],"venue":{"id":22218,"author":"65","status":"publish","date":"2022-11-25 08:58:13","date_utc":"2022-11-25 08:58:13","modified":"2022-11-25 08:58:13","modified_utc":"2022-11-25 08:58:13","url":"https:\/\/www.ull.es\/portal\/agenda\/local\/salon-de-actos-de-la-escuela-politecnica-superior-de-ingenieria-seccion-de-ingenieria-agraria-4\/","venue":"Sal\u00f3n de Actos de la Escuela Polit\u00e9cnica Superior de Ingenier\u00eda. Secci\u00f3n de Ingenier\u00eda Agraria","slug":"salon-de-actos-de-la-escuela-politecnica-superior-de-ingenieria-seccion-de-ingenieria-agraria-4","address":"Carretera S. Miguel de Geneto s\/n","json_ld":{"@type":"Place","name":"Sal\u00f3n de Actos de la Escuela Polit\u00e9cnica Superior de Ingenier\u00eda. Secci\u00f3n de Ingenier\u00eda Agraria","description":"","url":"https:\/\/www.ull.es\/portal\/agenda\/local\/salon-de-actos-de-la-escuela-politecnica-superior-de-ingenieria-seccion-de-ingenieria-agraria-4\/","address":{"@type":"PostalAddress","streetAddress":"Carretera S. Miguel de Geneto s\/n"},"telephone":"","sameAs":""},"show_map":true,"show_map_link":true,"global_id":"www.ull.es\/portal\/agenda?id=22218","global_id_lineage":["www.ull.es\/portal\/agenda?id=22218"]},"organizer":[],"json_ld":{"@context":"http:\/\/schema.org","@type":"Event","name":"Jornada: Mujer rural en Canarias: desaf\u00edos y oportunidades en municipios de menos de 10.000 habitantes","description":"&lt;p&gt;Las mujeres rurales son un pilar insustituible para el sostenimiento del tejido social, econ\u00f3mico y cultural de los municipios canarios, especialmente en aquellos con menos de 10.000 habitantes. Estos municipios, que representan la mayor\u00eda del archipi\u00e9lago y albergan una riqueza natural y patrimonial considerable, a menudo enfrentan desaf\u00edos particulares como el despoblamiento, la dispersi\u00f3n geogr\u00e1fica,...&lt;\/p&gt;\\n","image":"https:\/\/www.ull.es\/portal\/agenda\/wp-content\/uploads\/sites\/12\/2025\/09\/Jornadas-Mujer-Rural-en-Canarias_Banner-eventos-2.png","url":"https:\/\/www.ull.es\/portal\/agenda\/evento\/jornada-mujer-rural-en-canarias-desafios-y-oportunidades-en-municipios-de-menos-de-10-000-habitantes\/","startDate":"2025-10-15T09:30:00+00:00","endDate":"2025-10-15T14:00:00+00:00","location":{"@type":"Place","name":"Sal\u00f3n de Actos de la Escuela Polit\u00e9cnica Superior de Ingenier\u00eda. Secci\u00f3n de Ingenier\u00eda Agraria","description":"","url":"https:\/\/www.ull.es\/portal\/agenda\/local\/salon-de-actos-de-la-escuela-politecnica-superior-de-ingenieria-seccion-de-ingenieria-agraria-4\/","address":{"@type":"PostalAddress","streetAddress":"Carretera S. Miguel de Geneto s\/n"},"telephone":"","sameAs":""}}}