{"id":44169,"global_id":"www.ull.es\/portal\/agenda?id=44169","global_id_lineage":["www.ull.es\/portal\/agenda?id=44169"],"author":"65","status":"publish","date":"2025-09-23 08:31:54","date_utc":"2025-09-23 08:31:54","modified":"2025-09-23 08:32:43","modified_utc":"2025-09-23 08:32:43","url":"https:\/\/www.ull.es\/portal\/agenda\/evento\/trazos-de-luz-en-movimiento-musica-y-danzas-sagradas\/","rest_url":"https:\/\/www.ull.es\/portal\/agenda\/wp-json\/tribe\/events\/v1\/events\/44169","title":"&#8216;Trazos de luz en movimiento&#8217;. M\u00fasica y danzas sagradas","description":"<p>Presentaci\u00f3n de M\u00fasica y Danzas Sagradas de Gurdjieff\/De Hartmann a cargo de la Escuela Camino 4, con Francesc Mora al piano y dirigida por Uttam M\u00f3denes y Enzo Scala.<\/p>\n<p>Las Danzas Sagradas de Gurdjieff no son coreograf\u00edas. Son un lenguaje de gestos y posturas que expresan leyes c\u00f3smicas invisibles a los sentidos ordinarios. Al ser danzadas, no buscan<br \/>\ndeslumbrar, sino despertar un recuerdo profundo. En cada figura se enciende una vibraci\u00f3n precisa que permite vislumbrar un estado m\u00e1s elevado de consciencia.<\/p>\n<p>Acompa\u00f1a este recorrido el cuento Trazos de Luz en Movimiento (Cr\u00f3nicas de las Siete Puertas y el Comp\u00e1s Desconocido), que narra el viaje interior de Kuyani, una mujer que, al escuchar un eco olvidado, inicia una traves\u00eda hacia su propia Esencia, atravesando siete puertas. Cada umbral revela un gesto esencial del Trabajo de<br \/>\nautoconocimiento. Cada danza lo encarna.<\/p>\n<p>Los danzantes de esta obra forman parte de la Escuela Camino 4, donde se estudia y vivifica la Ense\u00f1anza del Cuarto Camino de Gurdjieff a trav\u00e9s del cuerpo, la atenci\u00f3n y el esfuerzo consciente. El pianista, compositor y profesor Francesc Mora acompa\u00f1a en vivo con obras originales y fragmentos musicales cuidadosamente elegidos.<\/p>\n<p>Esta obra no es una representaci\u00f3n. Es un ensayo viviente de humanidad consciente. Cada gesto, cada silencio, cada desplazamiento busca sembrar un recuerdo. No del pasado, sino de lo que somos cuando nos volvemos disponibles al Comp\u00e1s que todo lo ordena.<\/p>\n<p><a href=\"https:\/\/www.ecoentradas.com\/elegirsesion\/2842\" target=\"_blank\" rel=\"noopener\" target=\"_blank\" rel=\"noopener\">Entradas<\/a>:<span lang=\"es\">\u00a0<span style=\"color: #000000;\">10<\/span><\/span>\u20ac\u00a0p\u00fablico general.<\/p>\n<p>Para todos los p\u00fablicos<\/p>\n<p>&nbsp;<\/p>","excerpt":"","slug":"trazos-de-luz-en-movimiento-musica-y-danzas-sagradas","image":{"url":"https:\/\/www.ull.es\/portal\/agenda\/wp-content\/uploads\/sites\/12\/2025\/09\/Tenerife-750-x-370-px31_edited.jpg","id":44170,"extension":"jpg","width":800,"height":395,"filesize":79457,"sizes":{"medium":{"width":300,"height":148,"mime-type":"image\/jpeg","filesize":9061,"url":"https:\/\/www.ull.es\/portal\/agenda\/wp-content\/uploads\/sites\/12\/2025\/09\/Tenerife-750-x-370-px31_edited-300x148.jpg"},"thumbnail":{"width":150,"height":150,"mime-type":"image\/jpeg","filesize":4186,"url":"https:\/\/www.ull.es\/portal\/agenda\/wp-content\/uploads\/sites\/12\/2025\/09\/Tenerife-750-x-370-px31_edited-150x150.jpg"},"medium_large":{"width":768,"height":379,"mime-type":"image\/jpeg","filesize":41427,"url":"https:\/\/www.ull.es\/portal\/agenda\/wp-content\/uploads\/sites\/12\/2025\/09\/Tenerife-750-x-370-px31_edited-768x379.jpg"},"mug-shot":{"width":150,"height":250,"mime-type":"image\/jpeg","filesize":4792,"url":"https:\/\/www.ull.es\/portal\/agenda\/wp-content\/uploads\/sites\/12\/2025\/09\/Tenerife-750-x-370-px31_edited-150x250.jpg"},"sidebar":{"width":375,"height":185,"mime-type":"image\/jpeg","filesize":12811,"url":"https:\/\/www.ull.es\/portal\/agenda\/wp-content\/uploads\/sites\/12\/2025\/09\/Tenerife-750-x-370-px31_edited-375x185.jpg"},"half":{"width":375,"height":185,"mime-type":"image\/jpeg","filesize":12811,"url":"https:\/\/www.ull.es\/portal\/agenda\/wp-content\/uploads\/sites\/12\/2025\/09\/Tenerife-750-x-370-px31_edited-375x185.jpg"},"full-content":{"width":750,"height":370,"mime-type":"image\/jpeg","filesize":39820,"url":"https:\/\/www.ull.es\/portal\/agenda\/wp-content\/uploads\/sites\/12\/2025\/09\/Tenerife-750-x-370-px31_edited-750x370.jpg"},"thimble":{"width":50,"height":50,"mime-type":"image\/jpeg","filesize":1107,"url":"https:\/\/www.ull.es\/portal\/agenda\/wp-content\/uploads\/sites\/12\/2025\/09\/Tenerife-750-x-370-px31_edited-50x50.jpg"},"thumbnail-large":{"width":300,"height":300,"mime-type":"image\/jpeg","filesize":12374,"url":"https:\/\/www.ull.es\/portal\/agenda\/wp-content\/uploads\/sites\/12\/2025\/09\/Tenerife-750-x-370-px31_edited-300x300.jpg"},"rss":{"width":108,"height":81,"mime-type":"image\/jpeg","filesize":2465,"url":"https:\/\/www.ull.es\/portal\/agenda\/wp-content\/uploads\/sites\/12\/2025\/09\/Tenerife-750-x-370-px31_edited-108x81.jpg"}}},"all_day":false,"start_date":"2025-12-12 20:00:00","start_date_details":{"year":"2025","month":"12","day":"12","hour":"20","minutes":"00","seconds":"00"},"end_date":"2025-12-12 21:30:00","end_date_details":{"year":"2025","month":"12","day":"12","hour":"21","minutes":"30","seconds":"00"},"utc_start_date":"2025-12-12 20:00:00","utc_start_date_details":{"year":"2025","month":"12","day":"12","hour":"20","minutes":"00","seconds":"00"},"utc_end_date":"2025-12-12 21:30:00","utc_end_date_details":{"year":"2025","month":"12","day":"12","hour":"21","minutes":"30","seconds":"00"},"timezone":"UTC+0","timezone_abbr":"UTC+0","cost":"","cost_details":{"currency_symbol":"","currency_position":"prefix","values":[]},"website":"","show_map":false,"show_map_link":false,"hide_from_listings":false,"sticky":false,"featured":false,"categories":[{"name":"cultura","slug":"cultura","term_group":0,"term_taxonomy_id":3987,"taxonomy":"tribe_events_cat","description":"","parent":0,"count":821,"filter":"raw","id":3987,"urls":{"self":"https:\/\/www.ull.es\/portal\/agenda\/wp-json\/tribe\/events\/v1\/categories\/3987","collection":"https:\/\/www.ull.es\/portal\/agenda\/wp-json\/tribe\/events\/v1\/categories"}},{"name":"Destacado ULL","slug":"destacado-ull","term_group":0,"term_taxonomy_id":4,"taxonomy":"tribe_events_cat","description":"","parent":0,"count":4580,"filter":"raw","id":4,"urls":{"self":"https:\/\/www.ull.es\/portal\/agenda\/wp-json\/tribe\/events\/v1\/categories\/4","collection":"https:\/\/www.ull.es\/portal\/agenda\/wp-json\/tribe\/events\/v1\/categories"}},{"name":"Paraninfo","slug":"paraninfo","term_group":0,"term_taxonomy_id":343,"taxonomy":"tribe_events_cat","description":"","parent":0,"count":580,"filter":"raw","id":343,"urls":{"self":"https:\/\/www.ull.es\/portal\/agenda\/wp-json\/tribe\/events\/v1\/categories\/343","collection":"https:\/\/www.ull.es\/portal\/agenda\/wp-json\/tribe\/events\/v1\/categories"}},{"name":"Perfil Estudiante","slug":"perfil-estudiante","term_group":0,"term_taxonomy_id":186,"taxonomy":"tribe_events_cat","description":"","parent":185,"count":2755,"filter":"raw","id":186,"urls":{"self":"https:\/\/www.ull.es\/portal\/agenda\/wp-json\/tribe\/events\/v1\/categories\/186","collection":"https:\/\/www.ull.es\/portal\/agenda\/wp-json\/tribe\/events\/v1\/categories","up":"https:\/\/www.ull.es\/portal\/agenda\/wp-json\/tribe\/events\/v1\/categories\/185"}},{"name":"Portada ULL","slug":"portada-ull","term_group":0,"term_taxonomy_id":191,"taxonomy":"tribe_events_cat","description":"","parent":0,"count":2107,"filter":"raw","id":191,"urls":{"self":"https:\/\/www.ull.es\/portal\/agenda\/wp-json\/tribe\/events\/v1\/categories\/191","collection":"https:\/\/www.ull.es\/portal\/agenda\/wp-json\/tribe\/events\/v1\/categories"}}],"tags":[],"venue":{"id":4360,"author":"21","status":"publish","date":"2017-12-01 08:50:55","date_utc":"2017-12-01 08:50:55","modified":"2026-01-29 08:50:08","modified_utc":"2026-01-29 08:50:08","url":"https:\/\/www.ull.es\/portal\/agenda\/local\/paraninfo-de-la-universidad-de-la-laguna\/","venue":"Paraninfo","slug":"paraninfo-de-la-universidad-de-la-laguna","address":"C\/ Pedro Zerolo, s\/n","city":"San Crist\u00f3bal de La Laguna","country":"Espa\u00f1a","province":"Santa Cruz de Tenerife","zip":"38200","phone":"922 31 96 08","website":"https:\/\/www.ull.es\/cultura\/paraninfo\/","stateprovince":"Santa Cruz de Tenerife","geo_lat":28.48162930000000159225237439386546611785888671875,"geo_lng":-16.317014000000000351064954884350299835205078125,"json_ld":{"@type":"Place","name":"Paraninfo","description":"","url":"https:\/\/www.ull.es\/portal\/agenda\/local\/paraninfo-de-la-universidad-de-la-laguna\/","address":{"@type":"PostalAddress","streetAddress":"C\/ Pedro Zerolo, s\/n","addressLocality":"San Crist\u00f3bal de La Laguna","addressRegion":"Santa Cruz de Tenerife","postalCode":"38200","addressCountry":"Espa\u00f1a"},"geo":{"@type":"GeoCoordinates","latitude":28.48162930000000159225237439386546611785888671875,"longitude":-16.317014000000000351064954884350299835205078125},"telephone":"922 31 96 08","sameAs":"https:\/\/www.ull.es\/cultura\/paraninfo\/"},"show_map":false,"show_map_link":true,"global_id":"www.ull.es\/portal\/agenda?id=4360","global_id_lineage":["www.ull.es\/portal\/agenda?id=4360"]},"organizer":[{"id":1908,"author":"30","status":"publish","date":"2017-06-30 09:51:59","date_utc":"2017-06-30 09:51:59","modified":"2017-06-30 09:51:59","modified_utc":"2017-06-30 09:51:59","url":"https:\/\/www.ull.es\/portal\/agenda\/organizador\/paraninfo-universidad-de-la-laguna\/","organizer":"Paraninfo Universidad de La Laguna","slug":"paraninfo-universidad-de-la-laguna","json_ld":{"@type":"Person","name":"Paraninfo Universidad de La Laguna","description":"","url":"https:\/\/www.ull.es\/portal\/agenda\/organizador\/paraninfo-universidad-de-la-laguna\/","telephone":"","email":"","sameAs":""},"global_id":"www.ull.es\/portal\/agenda?id=1908","global_id_lineage":["www.ull.es\/portal\/agenda?id=1908"]}],"json_ld":{"@context":"http:\/\/schema.org","@type":"Event","name":"&#8216;Trazos de luz en movimiento&#8217;. M\u00fasica y danzas sagradas","description":"&lt;p&gt;Presentaci\u00f3n de M\u00fasica y Danzas Sagradas de Gurdjieff\/De Hartmann a cargo de la Escuela Camino 4, con Francesc Mora al piano y dirigida por Uttam M\u00f3denes y Enzo Scala. Las Danzas Sagradas de Gurdjieff no son coreograf\u00edas. Son un lenguaje de gestos y posturas que expresan leyes c\u00f3smicas invisibles a los sentidos ordinarios. Al ser...&lt;\/p&gt;\\n","image":"https:\/\/www.ull.es\/portal\/agenda\/wp-content\/uploads\/sites\/12\/2025\/09\/Tenerife-750-x-370-px31_edited.jpg","url":"https:\/\/www.ull.es\/portal\/agenda\/evento\/trazos-de-luz-en-movimiento-musica-y-danzas-sagradas\/","startDate":"2025-12-12T20:00:00+00:00","endDate":"2025-12-12T21:30:00+00:00","location":{"@type":"Place","name":"Paraninfo","description":"","url":"https:\/\/www.ull.es\/portal\/agenda\/local\/paraninfo-de-la-universidad-de-la-laguna\/","address":{"@type":"PostalAddress","streetAddress":"C\/ Pedro Zerolo, s\/n","addressLocality":"San Crist\u00f3bal de La Laguna","addressRegion":"Santa Cruz de Tenerife","postalCode":"38200","addressCountry":"Espa\u00f1a"},"geo":{"@type":"GeoCoordinates","latitude":28.48162930000000159225237439386546611785888671875,"longitude":-16.317014000000000351064954884350299835205078125},"telephone":"922 31 96 08","sameAs":"https:\/\/www.ull.es\/cultura\/paraninfo\/"},"organizer":{"@type":"Person","name":"Paraninfo Universidad de La Laguna","description":"","url":"https:\/\/www.ull.es\/portal\/agenda\/organizador\/paraninfo-universidad-de-la-laguna\/","telephone":"","email":"","sameAs":""}}}