{"id":45012,"global_id":"www.ull.es\/portal\/agenda?id=45012","global_id_lineage":["www.ull.es\/portal\/agenda?id=45012"],"author":"65","status":"publish","date":"2025-10-29 08:38:18","date_utc":"2025-10-29 08:38:18","modified":"2025-10-29 10:14:57","modified_utc":"2025-10-29 10:14:57","url":"https:\/\/www.ull.es\/portal\/agenda\/evento\/taller-de-comunicacion-en-la-web-3\/2025-11-07\/","rest_url":"https:\/\/www.ull.es\/portal\/agenda\/wp-json\/tribe\/events\/v1\/events\/45012","title":"Taller de Comunicaci\u00f3n en la Web 3","description":"<p>El aula cultural de Comunicaci\u00f3n de la Universidad de La Laguna realiza un taller de Comunicaci\u00f3n en la web 3, de utilidad para todos los universitarios, dada la importancia que tiene actualmente el conocimiento del funcionamiento de los procesos comunicativos en la sociedad, y de la alfabetizaci\u00f3n medi\u00e1tica como proceso de conocimiento de los entornos sociales, as\u00ed como los l\u00edmites \u00e9ticos de la informaci\u00f3n, tanto a trav\u00e9s de los medios de comunicaci\u00f3n tradicionales como en los del mundo digital.<\/p>\n<p>El taller se desarrolla en dos sesiones, en la Facultad de Ciencias Sociales y de la Comunicaci\u00f3n en el edificio La Pir\u00e1mide, los d\u00edas 3 y 7 de noviembre de 2025.<\/p>","excerpt":"","slug":"taller-de-comunicacion-en-la-web-3-2025-11-07","image":{"url":"https:\/\/www.ull.es\/portal\/agenda\/wp-content\/uploads\/sites\/12\/2025\/10\/Taller-de-comunicacion-en-la-web3_Banner-eventos.png","id":45019,"extension":"png","width":750,"height":370,"filesize":196747,"sizes":{"medium":{"width":300,"height":148,"mime-type":"image\/png","filesize":43081,"url":"https:\/\/www.ull.es\/portal\/agenda\/wp-content\/uploads\/sites\/12\/2025\/10\/Taller-de-comunicacion-en-la-web3_Banner-eventos-300x148.png"},"thumbnail":{"width":150,"height":150,"mime-type":"image\/png","filesize":19494,"url":"https:\/\/www.ull.es\/portal\/agenda\/wp-content\/uploads\/sites\/12\/2025\/10\/Taller-de-comunicacion-en-la-web3_Banner-eventos-150x150.png"},"mug-shot":{"width":150,"height":250,"mime-type":"image\/png","filesize":19745,"url":"https:\/\/www.ull.es\/portal\/agenda\/wp-content\/uploads\/sites\/12\/2025\/10\/Taller-de-comunicacion-en-la-web3_Banner-eventos-150x250.png"},"sidebar":{"width":375,"height":185,"mime-type":"image\/png","filesize":60154,"url":"https:\/\/www.ull.es\/portal\/agenda\/wp-content\/uploads\/sites\/12\/2025\/10\/Taller-de-comunicacion-en-la-web3_Banner-eventos-375x185.png"},"half":{"width":375,"height":185,"mime-type":"image\/png","filesize":60154,"url":"https:\/\/www.ull.es\/portal\/agenda\/wp-content\/uploads\/sites\/12\/2025\/10\/Taller-de-comunicacion-en-la-web3_Banner-eventos-375x185.png"},"thimble":{"width":50,"height":50,"mime-type":"image\/png","filesize":3487,"url":"https:\/\/www.ull.es\/portal\/agenda\/wp-content\/uploads\/sites\/12\/2025\/10\/Taller-de-comunicacion-en-la-web3_Banner-eventos-50x50.png"},"thumbnail-large":{"width":300,"height":300,"mime-type":"image\/png","filesize":58330,"url":"https:\/\/www.ull.es\/portal\/agenda\/wp-content\/uploads\/sites\/12\/2025\/10\/Taller-de-comunicacion-en-la-web3_Banner-eventos-300x300.png"},"rss":{"width":108,"height":81,"mime-type":"image\/png","filesize":11023,"url":"https:\/\/www.ull.es\/portal\/agenda\/wp-content\/uploads\/sites\/12\/2025\/10\/Taller-de-comunicacion-en-la-web3_Banner-eventos-108x81.png"}}},"all_day":false,"start_date":"2025-11-07 09:00:00","start_date_details":{"year":"2025","month":"11","day":"07","hour":"09","minutes":"00","seconds":"00"},"end_date":"2025-11-07 12:00:00","end_date_details":{"year":"2025","month":"11","day":"07","hour":"12","minutes":"00","seconds":"00"},"utc_start_date":"2025-11-07 09:00:00","utc_start_date_details":{"year":"2025","month":"11","day":"07","hour":"09","minutes":"00","seconds":"00"},"utc_end_date":"2025-11-07 12:00:00","utc_end_date_details":{"year":"2025","month":"11","day":"07","hour":"12","minutes":"00","seconds":"00"},"timezone":"UTC+0","timezone_abbr":"","cost":"","cost_details":{"currency_symbol":"","currency_position":"prefix","values":[]},"website":"","show_map":false,"show_map_link":false,"hide_from_listings":false,"sticky":false,"featured":false,"categories":[{"name":"Aulas y C\u00e1tedras culturales","slug":"aulas-culturales","term_group":0,"term_taxonomy_id":344,"taxonomy":"tribe_events_cat","description":"","parent":0,"count":289,"filter":"raw","id":344,"urls":{"self":"https:\/\/www.ull.es\/portal\/agenda\/wp-json\/tribe\/events\/v1\/categories\/344","collection":"https:\/\/www.ull.es\/portal\/agenda\/wp-json\/tribe\/events\/v1\/categories"}},{"name":"cultura","slug":"cultura","term_group":0,"term_taxonomy_id":3987,"taxonomy":"tribe_events_cat","description":"","parent":0,"count":819,"filter":"raw","id":3987,"urls":{"self":"https:\/\/www.ull.es\/portal\/agenda\/wp-json\/tribe\/events\/v1\/categories\/3987","collection":"https:\/\/www.ull.es\/portal\/agenda\/wp-json\/tribe\/events\/v1\/categories"}},{"name":"Destacado ULL","slug":"destacado-ull","term_group":0,"term_taxonomy_id":4,"taxonomy":"tribe_events_cat","description":"","parent":0,"count":4572,"filter":"raw","id":4,"urls":{"self":"https:\/\/www.ull.es\/portal\/agenda\/wp-json\/tribe\/events\/v1\/categories\/4","collection":"https:\/\/www.ull.es\/portal\/agenda\/wp-json\/tribe\/events\/v1\/categories"}},{"name":"Perfil Estudiante","slug":"perfil-estudiante","term_group":0,"term_taxonomy_id":186,"taxonomy":"tribe_events_cat","description":"","parent":185,"count":2750,"filter":"raw","id":186,"urls":{"self":"https:\/\/www.ull.es\/portal\/agenda\/wp-json\/tribe\/events\/v1\/categories\/186","collection":"https:\/\/www.ull.es\/portal\/agenda\/wp-json\/tribe\/events\/v1\/categories","up":"https:\/\/www.ull.es\/portal\/agenda\/wp-json\/tribe\/events\/v1\/categories\/185"}}],"tags":[],"venue":{"id":35066,"author":"65","status":"publish","date":"2024-04-01 08:30:15","date_utc":"2024-04-01 08:30:15","modified":"2024-04-01 08:30:15","modified_utc":"2024-04-01 08:30:15","url":"https:\/\/www.ull.es\/portal\/agenda\/local\/facultad-de-ciencias-sociales-y-de-la-comunicacon-edifcio-la-piramide\/","venue":"Facultad de Ciencias Sociales y de la Comunicac\u00f3n. Edifcio La PIr\u00e1mide","slug":"facultad-de-ciencias-sociales-y-de-la-comunicacon-edifcio-la-piramide","country":"Espa\u00f1a","json_ld":{"@type":"Place","name":"Facultad de Ciencias Sociales y de la Comunicac\u00f3n. Edifcio La PIr\u00e1mide","description":"","url":"https:\/\/www.ull.es\/portal\/agenda\/local\/facultad-de-ciencias-sociales-y-de-la-comunicacon-edifcio-la-piramide\/","address":{"@type":"PostalAddress","addressCountry":"Espa\u00f1a"},"telephone":"","sameAs":""},"show_map":true,"show_map_link":true,"global_id":"www.ull.es\/portal\/agenda?id=35066","global_id_lineage":["www.ull.es\/portal\/agenda?id=35066"]},"organizer":[{"id":4290,"author":"30","status":"publish","date":"2017-11-24 09:59:41","date_utc":"2017-11-24 09:59:41","modified":"2017-11-24 09:59:41","modified_utc":"2017-11-24 09:59:41","url":"https:\/\/www.ull.es\/portal\/agenda\/organizador\/aula-cultural-de-comunicacion\/","organizer":"Aula Cultural de Comunicaci\u00f3n","slug":"aula-cultural-de-comunicacion","json_ld":{"@type":"Person","name":"Aula Cultural de Comunicaci\u00f3n","description":"","url":"https:\/\/www.ull.es\/portal\/agenda\/organizador\/aula-cultural-de-comunicacion\/","telephone":"","email":"","sameAs":""},"global_id":"www.ull.es\/portal\/agenda?id=4290","global_id_lineage":["www.ull.es\/portal\/agenda?id=4290"]}],"json_ld":{"@context":"http:\/\/schema.org","@type":"Event","name":"Taller de Comunicaci\u00f3n en la Web 3","description":"&lt;p&gt;El aula cultural de Comunicaci\u00f3n de la Universidad de La Laguna realiza un taller de Comunicaci\u00f3n en la web 3, de utilidad para todos los universitarios, dada la importancia que tiene actualmente el conocimiento del funcionamiento de los procesos comunicativos en la sociedad, y de la alfabetizaci\u00f3n medi\u00e1tica como proceso de conocimiento de los entornos...&lt;\/p&gt;\\n","image":"https:\/\/www.ull.es\/portal\/agenda\/wp-content\/uploads\/sites\/12\/2025\/10\/Taller-de-comunicacion-en-la-web3_Banner-eventos.png","url":"https:\/\/www.ull.es\/portal\/agenda\/evento\/taller-de-comunicacion-en-la-web-3\/2025-11-07\/","startDate":"2025-11-07T09:00:00+00:00","endDate":"2025-11-07T12:00:00+00:00","location":{"@type":"Place","name":"Facultad de Ciencias Sociales y de la Comunicac\u00f3n. Edifcio La PIr\u00e1mide","description":"","url":"https:\/\/www.ull.es\/portal\/agenda\/local\/facultad-de-ciencias-sociales-y-de-la-comunicacon-edifcio-la-piramide\/","address":{"@type":"PostalAddress","addressCountry":"Espa\u00f1a"},"telephone":"","sameAs":""},"organizer":{"@type":"Person","name":"Aula Cultural de Comunicaci\u00f3n","description":"","url":"https:\/\/www.ull.es\/portal\/agenda\/organizador\/aula-cultural-de-comunicacion\/","telephone":"","email":"","sameAs":""}}}