{"id":45562,"global_id":"www.ull.es\/portal\/agenda?id=45562","global_id_lineage":["www.ull.es\/portal\/agenda?id=45562"],"author":"43","status":"publish","date":"2025-11-24 12:34:39","date_utc":"2025-11-24 12:34:39","modified":"2026-01-26 09:05:43","modified_utc":"2026-01-26 09:05:43","url":"https:\/\/www.ull.es\/portal\/agenda\/evento\/curso-practico-de-lengua-de-signos-espanola-lse-comunicacion-inclusiva\/","rest_url":"https:\/\/www.ull.es\/portal\/agenda\/wp-json\/tribe\/events\/v1\/events\/45562","title":"Curso pr\u00e1ctico de Lengua de Signos Espa\u00f1ola (LSE): comunicaci\u00f3n inclusiva","description":"<p>El municipio de Arona acoge este curso que forma parte de la oferta de Cursos de Extensi\u00f3n Universitaria \u00a0<a href=\"https:\/\/www.ull.es\/cultura\/cursos-extension-universitaria\/universidad-de-invierno-de-arona\/\" target=\"_blank\" rel=\"noopener noreferrer\" target=\"_blank\" rel=\"noopener\">\u00abUniversidad de Invierno de Arona 2026\u00bb<\/a>, que se celebrar\u00e1 los d\u00edas 10, 11 y 12 de febrero de 2026 en horario de 16:00 \u2013 20:00 horas en el Centro Cultural Los Cristianos.<\/p>\n<p>Objetivos:<\/p>\n<ul>\n<li>Adquirir conocimientos sobre la Lengua de Signos Espa\u00f1ola (LSE) y sus particularidades.<\/li>\n<li>Ser capaz de comprender y emplear expresiones habituales y frases simples para satisfacer necesidades inmediatas.<\/li>\n<li>Aprender a presentarse, presentar a otras personas y solicitar o brindar informaci\u00f3n personal b\u00e1sica.<\/li>\n<\/ul>\n<p>El presente curso est\u00e1 dirigido a personas interesadas en adquirir conocimientos b\u00e1sicos de Lengua de Signos Espa\u00f1ola (LSE), con el fin de desarrollar la capacidad de mantener una conversaci\u00f3n sencilla con personas sordas o con aquellas que utilicen la LSE como sistema de comunicaci\u00f3n, en contextos educativos, sociales o profesionales.<\/p>\n<p>En la actualidad, el dominio de distintos idiomas constituye un valor a\u00f1adido en la formaci\u00f3n y trayectoria profesional. En este sentido, la adquisici\u00f3n de competencias comunicativas en LSE puede representar una ventaja competitiva en el mercado laboral, al incrementar las oportunidades de empleabilidad de quienes completen esta formaci\u00f3n.<\/p>\n<p>Asimismo, este curso resulta especialmente relevante para el alumnado, personal de administraci\u00f3n y servicios de entidades p\u00fablicas y privadas, ya que contribuye a mejorar la calidad de la atenci\u00f3n y la accesibilidad para los colectivos que emplean la LSE como su principal medio de comunicaci\u00f3n.<\/p>\n<p>Direcci\u00f3n acad\u00e9mica: Mar\u00eda del Carmen Rodr\u00edguez Jim\u00e9nez. Profesora contratada Doctora. Departamento de Did\u00e1ctica e Investigaci\u00f3n Educativa de la Universidad de La Laguna.<\/p>\n<p><strong>CERTIFICADO DE ASISTENCIA, APTITUD Y RECONOCIMIENTO POR CR\u00c9DITO ECTS<\/strong><\/p>\n<p>La Universidad de La Laguna, a trav\u00e9s del Vicerrectorado de Cultura y Extensi\u00f3n Universitaria, emitir\u00e1 un certificado de asistencia a todas aquellas personas que asistan a un m\u00ednimo del 80% de las horas lectivas presenciales. Asimismo, aquellas personas que superen el trabajo aut\u00f3nomo del alumnado, recibir\u00e1n un certificado de asistencia y aprovechamiento, reconocible a su vez por un cr\u00e9dito ECTS.<\/p>\n<p><a href=\"https:\/\/sede.fg.ull.es\/es\/curso\/detalle?code=a25020282&amp;name=curso-practico-de-lengua-de-signos-espa-ola-lse-comunicacion-inclusiva&amp;query=%3Fcode%3DA25020282\" target=\"_blank\" rel=\"noopener\" target=\"_blank\" rel=\"noopener\"><strong><u>Consulta el programa e inscr\u00edbete aqu\u00ed.<\/u><\/strong><\/a><\/p>\n<p><span style=\"color: #ff0000\"><strong>\u00a1PLAZAS AGOTADAS!<\/strong><\/span><\/p>\n<p><strong>Contacto:\u00a0<\/strong><a href=\"mailto:extuni@ull.edu.es\" target=\"_blank\" rel=\"noopener\" target=\"_blank\" rel=\"noopener\"><strong>extuni@ull.es<\/strong><\/a><\/p>","excerpt":"","slug":"curso-practico-de-lengua-de-signos-espanola-lse-comunicacion-inclusiva","image":{"url":"https:\/\/www.ull.es\/portal\/agenda\/wp-content\/uploads\/sites\/12\/2025\/11\/3.png","id":45563,"extension":"png","width":750,"height":370,"filesize":122312,"sizes":{"medium":{"width":300,"height":148,"mime-type":"image\/png","filesize":37641,"url":"https:\/\/www.ull.es\/portal\/agenda\/wp-content\/uploads\/sites\/12\/2025\/11\/3-300x148.png"},"thumbnail":{"width":150,"height":150,"mime-type":"image\/png","filesize":15751,"url":"https:\/\/www.ull.es\/portal\/agenda\/wp-content\/uploads\/sites\/12\/2025\/11\/3-150x150.png"},"mug-shot":{"width":150,"height":250,"mime-type":"image\/png","filesize":19141,"url":"https:\/\/www.ull.es\/portal\/agenda\/wp-content\/uploads\/sites\/12\/2025\/11\/3-150x250.png"},"sidebar":{"width":375,"height":185,"mime-type":"image\/png","filesize":50286,"url":"https:\/\/www.ull.es\/portal\/agenda\/wp-content\/uploads\/sites\/12\/2025\/11\/3-375x185.png"},"half":{"width":375,"height":185,"mime-type":"image\/png","filesize":50286,"url":"https:\/\/www.ull.es\/portal\/agenda\/wp-content\/uploads\/sites\/12\/2025\/11\/3-375x185.png"},"thimble":{"width":50,"height":50,"mime-type":"image\/png","filesize":2942,"url":"https:\/\/www.ull.es\/portal\/agenda\/wp-content\/uploads\/sites\/12\/2025\/11\/3-50x50.png"},"thumbnail-large":{"width":300,"height":300,"mime-type":"image\/png","filesize":42348,"url":"https:\/\/www.ull.es\/portal\/agenda\/wp-content\/uploads\/sites\/12\/2025\/11\/3-300x300.png"},"rss":{"width":108,"height":81,"mime-type":"image\/png","filesize":9366,"url":"https:\/\/www.ull.es\/portal\/agenda\/wp-content\/uploads\/sites\/12\/2025\/11\/3-108x81.png"}}},"all_day":true,"start_date":"2026-02-10 00:00:00","start_date_details":{"year":"2026","month":"02","day":"10","hour":"00","minutes":"00","seconds":"00"},"end_date":"2026-02-10 23:59:59","end_date_details":{"year":"2026","month":"02","day":"10","hour":"23","minutes":"59","seconds":"59"},"utc_start_date":"2026-02-10 00:00:00","utc_start_date_details":{"year":"2026","month":"02","day":"10","hour":"00","minutes":"00","seconds":"00"},"utc_end_date":"2026-02-10 23:59:59","utc_end_date_details":{"year":"2026","month":"02","day":"10","hour":"23","minutes":"59","seconds":"59"},"timezone":"UTC+0","timezone_abbr":"UTC+0","cost":"","cost_details":{"currency_symbol":"","currency_position":"prefix","values":[]},"website":"https:\/\/www.ull.es\/cultura\/cursos-extension-universitaria\/","show_map":false,"show_map_link":true,"hide_from_listings":false,"sticky":false,"featured":false,"categories":[{"name":"Actividades de Extensi\u00f3n","slug":"actividades-de-extension","term_group":0,"term_taxonomy_id":472,"taxonomy":"tribe_events_cat","description":"","parent":468,"count":1637,"filter":"raw","id":472,"urls":{"self":"https:\/\/www.ull.es\/portal\/agenda\/wp-json\/tribe\/events\/v1\/categories\/472","collection":"https:\/\/www.ull.es\/portal\/agenda\/wp-json\/tribe\/events\/v1\/categories","up":"https:\/\/www.ull.es\/portal\/agenda\/wp-json\/tribe\/events\/v1\/categories\/468"}},{"name":"Destacado ULL","slug":"destacado-ull","term_group":0,"term_taxonomy_id":4,"taxonomy":"tribe_events_cat","description":"","parent":0,"count":4572,"filter":"raw","id":4,"urls":{"self":"https:\/\/www.ull.es\/portal\/agenda\/wp-json\/tribe\/events\/v1\/categories\/4","collection":"https:\/\/www.ull.es\/portal\/agenda\/wp-json\/tribe\/events\/v1\/categories"}},{"name":"Perfil Estudiante","slug":"perfil-estudiante","term_group":0,"term_taxonomy_id":186,"taxonomy":"tribe_events_cat","description":"","parent":185,"count":2750,"filter":"raw","id":186,"urls":{"self":"https:\/\/www.ull.es\/portal\/agenda\/wp-json\/tribe\/events\/v1\/categories\/186","collection":"https:\/\/www.ull.es\/portal\/agenda\/wp-json\/tribe\/events\/v1\/categories","up":"https:\/\/www.ull.es\/portal\/agenda\/wp-json\/tribe\/events\/v1\/categories\/185"}},{"name":"Universidad de Invierno de Arona","slug":"universidad-invierno-arona","term_group":0,"term_taxonomy_id":869,"taxonomy":"tribe_events_cat","description":"","parent":468,"count":46,"filter":"raw","id":869,"urls":{"self":"https:\/\/www.ull.es\/portal\/agenda\/wp-json\/tribe\/events\/v1\/categories\/869","collection":"https:\/\/www.ull.es\/portal\/agenda\/wp-json\/tribe\/events\/v1\/categories","up":"https:\/\/www.ull.es\/portal\/agenda\/wp-json\/tribe\/events\/v1\/categories\/468"}}],"tags":[{"name":"alumnado ULL","slug":"alumnado-ull","term_group":0,"term_taxonomy_id":4259,"taxonomy":"post_tag","description":"","parent":0,"count":1171,"filter":"raw","id":4259,"urls":{"self":"https:\/\/www.ull.es\/portal\/agenda\/wp-json\/tribe\/events\/v1\/tags\/4259","collection":"https:\/\/www.ull.es\/portal\/agenda\/wp-json\/tribe\/events\/v1\/tags"}},{"name":"Cursos ULL","slug":"cursos-ull","term_group":0,"term_taxonomy_id":977,"taxonomy":"post_tag","description":"","parent":0,"count":1429,"filter":"raw","id":977,"urls":{"self":"https:\/\/www.ull.es\/portal\/agenda\/wp-json\/tribe\/events\/v1\/tags\/977","collection":"https:\/\/www.ull.es\/portal\/agenda\/wp-json\/tribe\/events\/v1\/tags"}},{"name":"Extensi\u00f3n Universitaria ULL","slug":"extension-universitaria-ull","term_group":0,"term_taxonomy_id":3812,"taxonomy":"post_tag","description":"","parent":0,"count":1381,"filter":"raw","id":3812,"urls":{"self":"https:\/\/www.ull.es\/portal\/agenda\/wp-json\/tribe\/events\/v1\/tags\/3812","collection":"https:\/\/www.ull.es\/portal\/agenda\/wp-json\/tribe\/events\/v1\/tags"}},{"name":"Seminarios ULL","slug":"seminarios-ull","term_group":0,"term_taxonomy_id":3751,"taxonomy":"post_tag","description":"","parent":0,"count":1167,"filter":"raw","id":3751,"urls":{"self":"https:\/\/www.ull.es\/portal\/agenda\/wp-json\/tribe\/events\/v1\/tags\/3751","collection":"https:\/\/www.ull.es\/portal\/agenda\/wp-json\/tribe\/events\/v1\/tags"}},{"name":"UIA 2026","slug":"uia-2026","term_group":0,"term_taxonomy_id":4983,"taxonomy":"post_tag","description":"","parent":0,"count":6,"filter":"raw","id":4983,"urls":{"self":"https:\/\/www.ull.es\/portal\/agenda\/wp-json\/tribe\/events\/v1\/tags\/4983","collection":"https:\/\/www.ull.es\/portal\/agenda\/wp-json\/tribe\/events\/v1\/tags"}},{"name":"Universidad de Invierno Arona","slug":"universidad-de-invierno-arona","term_group":0,"term_taxonomy_id":4817,"taxonomy":"post_tag","description":"","parent":0,"count":21,"filter":"raw","id":4817,"urls":{"self":"https:\/\/www.ull.es\/portal\/agenda\/wp-json\/tribe\/events\/v1\/tags\/4817","collection":"https:\/\/www.ull.es\/portal\/agenda\/wp-json\/tribe\/events\/v1\/tags"}}],"venue":{"id":4639,"author":"43","status":"publish","date":"2017-12-26 10:06:40","date_utc":"2017-12-26 10:06:40","modified":"2020-01-13 11:39:15","modified_utc":"2020-01-13 11:39:15","url":"https:\/\/www.ull.es\/portal\/agenda\/local\/centro-cultural-los-cristianos-arona\/","venue":"Centro Cultural Los Cristianos, ARONA","slug":"centro-cultural-los-cristianos-arona","address":"Plaza del Pescador, 1","city":"Arona","country":"Espa\u00f1a","province":"Santa Cruz de Tenerife","zip":"38650","stateprovince":"Santa Cruz de Tenerife","json_ld":{"@type":"Place","name":"Centro Cultural Los Cristianos, ARONA","description":"","url":"https:\/\/www.ull.es\/portal\/agenda\/local\/centro-cultural-los-cristianos-arona\/","address":{"@type":"PostalAddress","streetAddress":"Plaza del Pescador, 1","addressLocality":"Arona","addressRegion":"Santa Cruz de Tenerife","postalCode":"38650","addressCountry":"Espa\u00f1a"},"telephone":"","sameAs":""},"show_map":false,"show_map_link":true,"global_id":"www.ull.es\/portal\/agenda?id=4639","global_id_lineage":["www.ull.es\/portal\/agenda?id=4639"]},"organizer":[{"id":1132,"author":"21","status":"publish","date":"2017-03-27 12:15:57","date_utc":"2017-03-27 12:15:57","modified":"2023-05-02 10:28:59","modified_utc":"2023-05-02 10:28:59","url":"https:\/\/www.ull.es\/portal\/agenda\/organizador\/vicerrectorado-de-relaciones-con-la-sociedad-2\/","organizer":"Vicerrectorado de Cultura y Extensi\u00f3n Universitaria","slug":"vicerrectorado-de-relaciones-con-la-sociedad-2","json_ld":{"@type":"Person","name":"Vicerrectorado de Cultura y Extensi\u00f3n Universitaria","description":"","url":"https:\/\/www.ull.es\/portal\/agenda\/organizador\/vicerrectorado-de-relaciones-con-la-sociedad-2\/","telephone":"","email":"","sameAs":""},"global_id":"www.ull.es\/portal\/agenda?id=1132","global_id_lineage":["www.ull.es\/portal\/agenda?id=1132"]},{"id":1068,"author":"21","status":"publish","date":"2017-03-20 15:11:08","date_utc":"2017-03-20 15:11:08","modified":"2021-12-02 11:22:08","modified_utc":"2021-12-02 11:22:08","url":"https:\/\/www.ull.es\/portal\/agenda\/organizador\/ayuntamiento-de-arona\/","organizer":"Ayuntamiento de Arona","slug":"ayuntamiento-de-arona","phone":"922 761 600","website":"http:\/\/www.arona.org\/","json_ld":{"@type":"Person","name":"Ayuntamiento de Arona","description":"","url":"https:\/\/www.ull.es\/portal\/agenda\/organizador\/ayuntamiento-de-arona\/","telephone":"922 761 600","email":"","sameAs":"http:\/\/www.arona.org\/"},"global_id":"www.ull.es\/portal\/agenda?id=1068","global_id_lineage":["www.ull.es\/portal\/agenda?id=1068"]}],"json_ld":{"@context":"http:\/\/schema.org","@type":"Event","name":"Curso pr\u00e1ctico de Lengua de Signos Espa\u00f1ola (LSE): comunicaci\u00f3n inclusiva","description":"&lt;p&gt;El municipio de Arona acoge este curso que forma parte de la oferta de Cursos de Extensi\u00f3n Universitaria \u00a0\u00abUniversidad de Invierno de Arona 2026\u00bb, que se celebrar\u00e1 los d\u00edas 10, 11 y 12 de febrero de 2026 en horario de 16:00 \u2013 20:00 horas en el Centro Cultural Los Cristianos. Objetivos: Adquirir conocimientos sobre la...&lt;\/p&gt;\\n","image":"https:\/\/www.ull.es\/portal\/agenda\/wp-content\/uploads\/sites\/12\/2025\/11\/3.png","url":"https:\/\/www.ull.es\/portal\/agenda\/evento\/curso-practico-de-lengua-de-signos-espanola-lse-comunicacion-inclusiva\/","startDate":"2026-02-10T00:00:00+00:00","endDate":"2026-02-10T23:59:59+00:00","location":{"@type":"Place","name":"Centro Cultural Los Cristianos, ARONA","description":"","url":"https:\/\/www.ull.es\/portal\/agenda\/local\/centro-cultural-los-cristianos-arona\/","address":{"@type":"PostalAddress","streetAddress":"Plaza del Pescador, 1","addressLocality":"Arona","addressRegion":"Santa Cruz de Tenerife","postalCode":"38650","addressCountry":"Espa\u00f1a"},"telephone":"","sameAs":""},"organizer":{"@type":"Person","name":"Vicerrectorado de Cultura y Extensi\u00f3n Universitaria","description":"","url":"https:\/\/www.ull.es\/portal\/agenda\/organizador\/vicerrectorado-de-relaciones-con-la-sociedad-2\/","telephone":"","email":"","sameAs":""}}}