{"id":45724,"global_id":"www.ull.es\/portal\/agenda?id=45724","global_id_lineage":["www.ull.es\/portal\/agenda?id=45724"],"author":"65","status":"publish","date":"2025-12-03 10:56:44","date_utc":"2025-12-03 10:56:44","modified":"2025-12-04 09:45:10","modified_utc":"2025-12-04 09:45:10","url":"https:\/\/www.ull.es\/portal\/agenda\/evento\/itinerario-didactico-en-la-biblioteca-y-el-archivo-de-la-real-sociedad-economica-de-amigos-del-pais-de-tenerife\/","rest_url":"https:\/\/www.ull.es\/portal\/agenda\/wp-json\/tribe\/events\/v1\/events\/45724","title":"Itinerario did\u00e1ctico en la Biblioteca y el Archivo de la Real Sociedad Econ\u00f3mica de Amigos del Pa\u00eds de Tenerife","description":"<div id=\"Tj9Y4e\" class=\"KP7TGc RjsPE\" data-observe-id=\"u59cif\" data-is-migration-recent=\"false\">\n<div class=\"ua2Qrb\">\n<div id=\"ResponsesView\" class=\"rxsFue gmvbEd\">\n<div class=\"nMw83b\" data-observe-id=\"w6TSZ\">\n<div id=\"i35\">\n<div class=\"csgrRe\">\n<div class=\"uMXdLb\">\n<div class=\"RH5hzf RLS9Fe\">\n<div class=\"lrKTG\">\n<div class=\"o3Dpx\" role=\"list\">\n<div class=\"Qr7Oae\" role=\"listitem\">\n<div class=\"OxAavc NVbRL\" data-required=\"true\" data-item-id=\"527596313\">\n<div class=\"Ih4Dzb\">\n<div class=\"q4tvle JqSWld yqQS1\" tabindex=\"0\" role=\"textbox\" aria-label=\"Descripci\u00f3n del Evento\" aria-disabled=\"true\">\n<p>Dentro de los itinerarios did\u00e1cticos organizados por la C\u00e1tedra Cultural Pedro Bencomo de la Universidad de La Laguna \u00abLas riquezas ocultas que susurran y gritan en La Laguna: Archivos y Bibliotecas\u00bb el 19 de diciembre de 2025 a las 10:00 h est\u00e1 programada la visita a la Biblioteca y el Archivo de la Real Sociedad Econ\u00f3mica de Amigos del Pa\u00eds de Tenerife a cargo de D. Jos\u00e9 G\u00f3mez Soli\u00f1o, ex rector de la Universidad de La Laguna y director de la RSEAPT.<\/p>\n<p>Los objetivos de esta visita son promover el conocimiento, la valoraci\u00f3n y el disfrute del patrimonio cultural documental y bibliogr\u00e1fico, fomentar el aprendizaje activo y significativo a trav\u00e9s del descubrimiento, la experiencia directa y el di\u00e1logo con el entorno cultural y contribuir a la formaci\u00f3n integral del alumnado mediante el acercamiento cr\u00edtico y creativo a los espacios de memoria, saber y ciudadan\u00eda que representan los archivos y bibliotecas.<\/p>\n<\/div>\n<p>&nbsp;<\/p>\n<\/div>\n<\/div>\n<\/div>\n<div class=\"Qr7Oae\" role=\"listitem\">\n<div class=\"OxAavc\" data-required=\"true\" data-input=\"L9xHkb\" data-item-id=\"1892963801\">\n<div class=\"pYfr3c\">\n<div class=\"prOLdf\">\n<div class=\"g53bl\"><\/div>\n<\/div>\n<\/div>\n<\/div>\n<\/div>\n<\/div>\n<\/div>\n<\/div>\n<\/div>\n<\/div>\n<\/div>\n<\/div>\n<\/div>\n<\/div>\n<\/div>","excerpt":"","slug":"itinerario-didactico-en-la-biblioteca-y-el-archivo-de-la-real-sociedad-economica-de-amigos-del-pais-de-tenerife","image":{"url":"https:\/\/www.ull.es\/portal\/agenda\/wp-content\/uploads\/sites\/12\/2025\/12\/Itinerario-didactico-en-la-Biblioteca-y-el-Archivo-de-la-Real-Sociedad_Banner-eventos.jpg","id":45741,"extension":"jpg","width":750,"height":370,"filesize":120723,"sizes":{"medium":{"width":300,"height":148,"mime-type":"image\/jpeg","filesize":15175,"url":"https:\/\/www.ull.es\/portal\/agenda\/wp-content\/uploads\/sites\/12\/2025\/12\/Itinerario-didactico-en-la-Biblioteca-y-el-Archivo-de-la-Real-Sociedad_Banner-eventos-300x148.jpg"},"thumbnail":{"width":150,"height":150,"mime-type":"image\/jpeg","filesize":8942,"url":"https:\/\/www.ull.es\/portal\/agenda\/wp-content\/uploads\/sites\/12\/2025\/12\/Itinerario-didactico-en-la-Biblioteca-y-el-Archivo-de-la-Real-Sociedad_Banner-eventos-150x150.jpg"},"mug-shot":{"width":150,"height":250,"mime-type":"image\/jpeg","filesize":13139,"url":"https:\/\/www.ull.es\/portal\/agenda\/wp-content\/uploads\/sites\/12\/2025\/12\/Itinerario-didactico-en-la-Biblioteca-y-el-Archivo-de-la-Real-Sociedad_Banner-eventos-150x250.jpg"},"sidebar":{"width":375,"height":185,"mime-type":"image\/jpeg","filesize":21742,"url":"https:\/\/www.ull.es\/portal\/agenda\/wp-content\/uploads\/sites\/12\/2025\/12\/Itinerario-didactico-en-la-Biblioteca-y-el-Archivo-de-la-Real-Sociedad_Banner-eventos-375x185.jpg"},"half":{"width":375,"height":185,"mime-type":"image\/jpeg","filesize":21742,"url":"https:\/\/www.ull.es\/portal\/agenda\/wp-content\/uploads\/sites\/12\/2025\/12\/Itinerario-didactico-en-la-Biblioteca-y-el-Archivo-de-la-Real-Sociedad_Banner-eventos-375x185.jpg"},"thimble":{"width":50,"height":50,"mime-type":"image\/jpeg","filesize":1481,"url":"https:\/\/www.ull.es\/portal\/agenda\/wp-content\/uploads\/sites\/12\/2025\/12\/Itinerario-didactico-en-la-Biblioteca-y-el-Archivo-de-la-Real-Sociedad_Banner-eventos-50x50.jpg"},"thumbnail-large":{"width":300,"height":300,"mime-type":"image\/jpeg","filesize":27948,"url":"https:\/\/www.ull.es\/portal\/agenda\/wp-content\/uploads\/sites\/12\/2025\/12\/Itinerario-didactico-en-la-Biblioteca-y-el-Archivo-de-la-Real-Sociedad_Banner-eventos-300x300.jpg"},"rss":{"width":108,"height":81,"mime-type":"image\/jpeg","filesize":3842,"url":"https:\/\/www.ull.es\/portal\/agenda\/wp-content\/uploads\/sites\/12\/2025\/12\/Itinerario-didactico-en-la-Biblioteca-y-el-Archivo-de-la-Real-Sociedad_Banner-eventos-108x81.jpg"}}},"all_day":false,"start_date":"2025-12-19 10:00:00","start_date_details":{"year":"2025","month":"12","day":"19","hour":"10","minutes":"00","seconds":"00"},"end_date":"2025-12-19 12:00:00","end_date_details":{"year":"2025","month":"12","day":"19","hour":"12","minutes":"00","seconds":"00"},"utc_start_date":"2025-12-19 10:00:00","utc_start_date_details":{"year":"2025","month":"12","day":"19","hour":"10","minutes":"00","seconds":"00"},"utc_end_date":"2025-12-19 12:00:00","utc_end_date_details":{"year":"2025","month":"12","day":"19","hour":"12","minutes":"00","seconds":"00"},"timezone":"UTC+0","timezone_abbr":"UTC+0","cost":"","cost_details":{"currency_symbol":"","currency_position":"prefix","values":[]},"website":"","show_map":false,"show_map_link":false,"hide_from_listings":false,"sticky":false,"featured":false,"categories":[{"name":"cultura","slug":"cultura","term_group":0,"term_taxonomy_id":3987,"taxonomy":"tribe_events_cat","description":"","parent":0,"count":819,"filter":"raw","id":3987,"urls":{"self":"https:\/\/www.ull.es\/portal\/agenda\/wp-json\/tribe\/events\/v1\/categories\/3987","collection":"https:\/\/www.ull.es\/portal\/agenda\/wp-json\/tribe\/events\/v1\/categories"}},{"name":"Destacado ULL","slug":"destacado-ull","term_group":0,"term_taxonomy_id":4,"taxonomy":"tribe_events_cat","description":"","parent":0,"count":4572,"filter":"raw","id":4,"urls":{"self":"https:\/\/www.ull.es\/portal\/agenda\/wp-json\/tribe\/events\/v1\/categories\/4","collection":"https:\/\/www.ull.es\/portal\/agenda\/wp-json\/tribe\/events\/v1\/categories"}},{"name":"Portada ULL","slug":"portada-ull","term_group":0,"term_taxonomy_id":191,"taxonomy":"tribe_events_cat","description":"","parent":0,"count":2104,"filter":"raw","id":191,"urls":{"self":"https:\/\/www.ull.es\/portal\/agenda\/wp-json\/tribe\/events\/v1\/categories\/191","collection":"https:\/\/www.ull.es\/portal\/agenda\/wp-json\/tribe\/events\/v1\/categories"}}],"tags":[],"venue":{"id":15175,"author":"65","status":"publish","date":"2020-01-13 11:17:55","date_utc":"2020-01-13 11:17:55","modified":"2020-01-13 11:17:55","modified_utc":"2020-01-13 11:17:55","url":"https:\/\/www.ull.es\/portal\/agenda\/local\/sede-de-la-real-sociedad-economica-de-amigos-del-pais-de-tenerife\/","venue":"Sede de la Real Sociedad Econ\u00f3mica de Amigos del Pa\u00eds de Tenerife","slug":"sede-de-la-real-sociedad-economica-de-amigos-del-pais-de-tenerife","address":"Calle San Agust\u00edn, 23","city":"San Crist\u00f3bal de La Laguna","country":"Espa\u00f1a","province":"Santa Cruz de Tenerife","stateprovince":"Santa Cruz de Tenerife","json_ld":{"@type":"Place","name":"Sede de la Real Sociedad Econ\u00f3mica de Amigos del Pa\u00eds de Tenerife","description":"","url":"https:\/\/www.ull.es\/portal\/agenda\/local\/sede-de-la-real-sociedad-economica-de-amigos-del-pais-de-tenerife\/","address":{"@type":"PostalAddress","streetAddress":"Calle San Agust\u00edn, 23","addressLocality":"San Crist\u00f3bal de La Laguna","addressRegion":"Santa Cruz de Tenerife","addressCountry":"Espa\u00f1a"},"telephone":"","sameAs":""},"show_map":true,"show_map_link":true,"global_id":"www.ull.es\/portal\/agenda?id=15175","global_id_lineage":["www.ull.es\/portal\/agenda?id=15175"]},"organizer":[{"id":4081,"author":"30","status":"publish","date":"2017-11-15 09:29:29","date_utc":"2017-11-15 09:29:29","modified":"2017-11-15 09:29:29","modified_utc":"2017-11-15 09:29:29","url":"https:\/\/www.ull.es\/portal\/agenda\/organizador\/catedra-cultural-pedro-bencomo\/","organizer":"C\u00e1tedra Cultural Pedro Bencomo","slug":"catedra-cultural-pedro-bencomo","json_ld":{"@type":"Person","name":"C\u00e1tedra Cultural Pedro Bencomo","description":"","url":"https:\/\/www.ull.es\/portal\/agenda\/organizador\/catedra-cultural-pedro-bencomo\/","telephone":"","email":"","sameAs":""},"global_id":"www.ull.es\/portal\/agenda?id=4081","global_id_lineage":["www.ull.es\/portal\/agenda?id=4081"]},{"id":3669,"author":"43","status":"publish","date":"2017-10-24 11:56:12","date_utc":"2017-10-24 11:56:12","modified":"2017-10-24 11:56:12","modified_utc":"2017-10-24 11:56:12","url":"https:\/\/www.ull.es\/portal\/agenda\/organizador\/real-sociedad-economica-de-amigos-del-pais-de-tenerife\/","organizer":"Real Sociedad Econ\u00f3mica de Amigos del Pa\u00eds de Tenerife","slug":"real-sociedad-economica-de-amigos-del-pais-de-tenerife","json_ld":{"@type":"Person","name":"Real Sociedad Econ\u00f3mica de Amigos del Pa\u00eds de Tenerife","description":"","url":"https:\/\/www.ull.es\/portal\/agenda\/organizador\/real-sociedad-economica-de-amigos-del-pais-de-tenerife\/","telephone":"","email":"","sameAs":""},"global_id":"www.ull.es\/portal\/agenda?id=3669","global_id_lineage":["www.ull.es\/portal\/agenda?id=3669"]}],"json_ld":{"@context":"http:\/\/schema.org","@type":"Event","name":"Itinerario did\u00e1ctico en la Biblioteca y el Archivo de la Real Sociedad Econ\u00f3mica de Amigos del Pa\u00eds de Tenerife","description":"&lt;p&gt;Dentro de los itinerarios did\u00e1cticos organizados por la C\u00e1tedra Cultural Pedro Bencomo de la Universidad de La Laguna &quot;Las riquezas ocultas que susurran y gritan en La Laguna: Archivos y Bibliotecas&quot; el 19 de diciembre de 2025 a las 10:00 h est\u00e1 programada la visita a la Biblioteca y el Archivo de la Real Sociedad...&lt;\/p&gt;\\n","image":"https:\/\/www.ull.es\/portal\/agenda\/wp-content\/uploads\/sites\/12\/2025\/12\/Itinerario-didactico-en-la-Biblioteca-y-el-Archivo-de-la-Real-Sociedad_Banner-eventos.jpg","url":"https:\/\/www.ull.es\/portal\/agenda\/evento\/itinerario-didactico-en-la-biblioteca-y-el-archivo-de-la-real-sociedad-economica-de-amigos-del-pais-de-tenerife\/","startDate":"2025-12-19T10:00:00+00:00","endDate":"2025-12-19T12:00:00+00:00","location":{"@type":"Place","name":"Sede de la Real Sociedad Econ\u00f3mica de Amigos del Pa\u00eds de Tenerife","description":"","url":"https:\/\/www.ull.es\/portal\/agenda\/local\/sede-de-la-real-sociedad-economica-de-amigos-del-pais-de-tenerife\/","address":{"@type":"PostalAddress","streetAddress":"Calle San Agust\u00edn, 23","addressLocality":"San Crist\u00f3bal de La Laguna","addressRegion":"Santa Cruz de Tenerife","addressCountry":"Espa\u00f1a"},"telephone":"","sameAs":""},"organizer":{"@type":"Person","name":"C\u00e1tedra Cultural Pedro Bencomo","description":"","url":"https:\/\/www.ull.es\/portal\/agenda\/organizador\/catedra-cultural-pedro-bencomo\/","telephone":"","email":"","sameAs":""}}}