{"id":46144,"global_id":"www.ull.es\/portal\/agenda?id=46144","global_id_lineage":["www.ull.es\/portal\/agenda?id=46144"],"author":"43","status":"publish","date":"2026-01-20 10:07:19","date_utc":"2026-01-20 10:07:19","modified":"2026-02-27 10:42:29","modified_utc":"2026-02-27 10:42:29","url":"https:\/\/www.ull.es\/portal\/agenda\/evento\/adopcion-infancia-y-familias-retos-compartidos-jornada-en-homenaje-a-la-profesora-dra-beatriz-triana-perez\/","rest_url":"https:\/\/www.ull.es\/portal\/agenda\/wp-json\/tribe\/events\/v1\/events\/46144","title":"Adopci\u00f3n, Infancia y Familias: retos compartidos. Jornada en homenaje a la Profesora Dra. Beatriz Triana P\u00e9rez","description":"<p>La C\u00e1tedra Institucional Infancia y Adolescencia organiza esta jornada en homenaje a la Profesora Dra. Beatriz Triana P\u00e9rez, que se celebrar\u00e1 en el Sal\u00f3n de Actos de la Facultad de Ciencias Sociales y de la Comunicaci\u00f3n el 27 de febrero de 2026, en horario de 15:15 a 20:00 horas.<\/p>\n<p>Objetivos:<br \/>\n\u25cf Favorecer la reflexi\u00f3n interdisciplinar sobre la adopci\u00f3n como instituci\u00f3n jur\u00eddica, familiar y social.<br \/>\n\u25cf Analizar los retos actuales de la adopci\u00f3n en Espa\u00f1a y en el \u00e1mbito internacional, incluyendo la protecci\u00f3n del inter\u00e9s superior de la persona menor de edad.<br \/>\n\u25cf Promover la sensibilizaci\u00f3n social acerca de la adopci\u00f3n como medida de protecci\u00f3n de la infancia.<br \/>\n\u25cf Generar un espacio de encuentro entre personas expertas y familias adoptivas, fomentando el intercambio de experiencias y buenas pr\u00e1cticas.<\/p>\n<p>La jornada est\u00e1 dirigida al alumnado y profesorado universitario, profesionales con inter\u00e9s, familias adoptivas, as\u00ed como personas que se ofrecen a la adopci\u00f3n.<\/p>\n<p>Direcci\u00f3n acad\u00e9mica: Sonia Plasencia Carrillo. Profesora Ayudante Doctora de Psicolog\u00eda Evolutiva y de la Educaci\u00f3n de la Universidad de La Laguna.<\/p>\n<p>CERTIFICADO DE ASISTENCIA: La Universidad de La Laguna, a trav\u00e9s del Vicerrectorado de Cultura y Extensi\u00f3n Universitaria, emitir\u00e1 un certificado de asistencia a todas aquellas personas que participen, previa inscripci\u00f3n en la actividad.<\/p>\n<p>Asistencia gratuita previa inscripci\u00f3n.\u00a0<a href=\"https:\/\/sede.fg.ull.es\/es\/curso\/detalle?code=a26020039&amp;name=adopcion-infancia-y-familias-retos-compartidos-jornada-en-homenaje-a-la-profesora-dra-beatriz-triana-perez&amp;query=%3Fcode%3DA26020039\" target=\"_blank\" rel=\"noopener\" target=\"_blank\" rel=\"noopener\"><strong><u>Inscr\u00edbete aqu\u00ed.<\/u><\/strong><\/a><\/p>\n<p><span style=\"color: #ff0000\"><strong>\u00a1PLAZAS AGOTADAS!<\/strong><\/span><\/p>\n<p><strong>Contacto:\u00a0<\/strong><a href=\"mailto:extuni@ull.edu.es\" target=\"_blank\" rel=\"noopener\" target=\"_blank\" rel=\"noopener\"><strong>extuni@ull.es<\/strong><\/a><\/p>\n<p>Con la participaci\u00f3n de los grupos de investigaci\u00f3n \u201cFamilia y desarrollo humano\u201d, \u00abProtecci\u00f3n Infantil\u00bb y \u201cDerecho, persona y familia\u201d.<\/p>\n<p>Colaboran: Facultad de Psicolog\u00eda de la Universidad de La Laguna y Direcci\u00f3n General de Protecci\u00f3n a la Infancia y las Familias del Gobierno de Canarias.<\/p>","excerpt":"","slug":"adopcion-infancia-y-familias-retos-compartidos-jornada-en-homenaje-a-la-profesora-dra-beatriz-triana-perez","image":{"url":"https:\/\/www.ull.es\/portal\/agenda\/wp-content\/uploads\/sites\/12\/2026\/01\/BannerInfancia.jpg","id":46145,"extension":"jpg","width":750,"height":370,"filesize":107218,"sizes":{"medium":{"width":300,"height":148,"mime-type":"image\/jpeg","filesize":14249,"url":"https:\/\/www.ull.es\/portal\/agenda\/wp-content\/uploads\/sites\/12\/2026\/01\/BannerInfancia-300x148.jpg"},"thumbnail":{"width":150,"height":150,"mime-type":"image\/jpeg","filesize":7931,"url":"https:\/\/www.ull.es\/portal\/agenda\/wp-content\/uploads\/sites\/12\/2026\/01\/BannerInfancia-150x150.jpg"},"mug-shot":{"width":150,"height":250,"mime-type":"image\/jpeg","filesize":10367,"url":"https:\/\/www.ull.es\/portal\/agenda\/wp-content\/uploads\/sites\/12\/2026\/01\/BannerInfancia-150x250.jpg"},"sidebar":{"width":375,"height":185,"mime-type":"image\/jpeg","filesize":20966,"url":"https:\/\/www.ull.es\/portal\/agenda\/wp-content\/uploads\/sites\/12\/2026\/01\/BannerInfancia-375x185.jpg"},"half":{"width":375,"height":185,"mime-type":"image\/jpeg","filesize":20966,"url":"https:\/\/www.ull.es\/portal\/agenda\/wp-content\/uploads\/sites\/12\/2026\/01\/BannerInfancia-375x185.jpg"},"thimble":{"width":50,"height":50,"mime-type":"image\/jpeg","filesize":1625,"url":"https:\/\/www.ull.es\/portal\/agenda\/wp-content\/uploads\/sites\/12\/2026\/01\/BannerInfancia-50x50.jpg"},"thumbnail-large":{"width":300,"height":300,"mime-type":"image\/jpeg","filesize":23308,"url":"https:\/\/www.ull.es\/portal\/agenda\/wp-content\/uploads\/sites\/12\/2026\/01\/BannerInfancia-300x300.jpg"},"rss":{"width":108,"height":81,"mime-type":"image\/jpeg","filesize":4085,"url":"https:\/\/www.ull.es\/portal\/agenda\/wp-content\/uploads\/sites\/12\/2026\/01\/BannerInfancia-108x81.jpg"}}},"all_day":false,"start_date":"2026-02-27 03:00:00","start_date_details":{"year":"2026","month":"02","day":"27","hour":"03","minutes":"00","seconds":"00"},"end_date":"2026-02-27 20:00:00","end_date_details":{"year":"2026","month":"02","day":"27","hour":"20","minutes":"00","seconds":"00"},"utc_start_date":"2026-02-27 03:00:00","utc_start_date_details":{"year":"2026","month":"02","day":"27","hour":"03","minutes":"00","seconds":"00"},"utc_end_date":"2026-02-27 20:00:00","utc_end_date_details":{"year":"2026","month":"02","day":"27","hour":"20","minutes":"00","seconds":"00"},"timezone":"UTC+0","timezone_abbr":"UTC+0","cost":"","cost_details":{"currency_symbol":"","currency_position":"prefix","values":[]},"website":"https:\/\/www.ull.es\/cultura\/cursos-extension-universitaria\/","show_map":false,"show_map_link":true,"hide_from_listings":false,"sticky":false,"featured":false,"categories":[{"name":"Actividades de Extensi\u00f3n","slug":"actividades-de-extension","term_group":0,"term_taxonomy_id":472,"taxonomy":"tribe_events_cat","description":"","parent":468,"count":1637,"filter":"raw","id":472,"urls":{"self":"https:\/\/www.ull.es\/portal\/agenda\/wp-json\/tribe\/events\/v1\/categories\/472","collection":"https:\/\/www.ull.es\/portal\/agenda\/wp-json\/tribe\/events\/v1\/categories","up":"https:\/\/www.ull.es\/portal\/agenda\/wp-json\/tribe\/events\/v1\/categories\/468"}},{"name":"C\u00e1tedra Infancia y Adolescencia","slug":"catedra-infancia-y-adolescencia","term_group":0,"term_taxonomy_id":4930,"taxonomy":"tribe_events_cat","description":"","parent":2118,"count":42,"filter":"raw","id":4930,"urls":{"self":"https:\/\/www.ull.es\/portal\/agenda\/wp-json\/tribe\/events\/v1\/categories\/4930","collection":"https:\/\/www.ull.es\/portal\/agenda\/wp-json\/tribe\/events\/v1\/categories","up":"https:\/\/www.ull.es\/portal\/agenda\/wp-json\/tribe\/events\/v1\/categories\/2118"}},{"name":"Cursos de C\u00e1tedras Institucionales y de Empresa","slug":"cursos-de-catedras-institucionales-y-de-empresa","term_group":0,"term_taxonomy_id":3165,"taxonomy":"tribe_events_cat","description":"","parent":468,"count":264,"filter":"raw","id":3165,"urls":{"self":"https:\/\/www.ull.es\/portal\/agenda\/wp-json\/tribe\/events\/v1\/categories\/3165","collection":"https:\/\/www.ull.es\/portal\/agenda\/wp-json\/tribe\/events\/v1\/categories","up":"https:\/\/www.ull.es\/portal\/agenda\/wp-json\/tribe\/events\/v1\/categories\/468"}},{"name":"Destacado ULL","slug":"destacado-ull","term_group":0,"term_taxonomy_id":4,"taxonomy":"tribe_events_cat","description":"","parent":0,"count":4572,"filter":"raw","id":4,"urls":{"self":"https:\/\/www.ull.es\/portal\/agenda\/wp-json\/tribe\/events\/v1\/categories\/4","collection":"https:\/\/www.ull.es\/portal\/agenda\/wp-json\/tribe\/events\/v1\/categories"}},{"name":"Perfil Estudiante","slug":"perfil-estudiante","term_group":0,"term_taxonomy_id":186,"taxonomy":"tribe_events_cat","description":"","parent":185,"count":2750,"filter":"raw","id":186,"urls":{"self":"https:\/\/www.ull.es\/portal\/agenda\/wp-json\/tribe\/events\/v1\/categories\/186","collection":"https:\/\/www.ull.es\/portal\/agenda\/wp-json\/tribe\/events\/v1\/categories","up":"https:\/\/www.ull.es\/portal\/agenda\/wp-json\/tribe\/events\/v1\/categories\/185"}}],"tags":[{"name":"alumnado ULL","slug":"alumnado-ull","term_group":0,"term_taxonomy_id":4259,"taxonomy":"post_tag","description":"","parent":0,"count":1171,"filter":"raw","id":4259,"urls":{"self":"https:\/\/www.ull.es\/portal\/agenda\/wp-json\/tribe\/events\/v1\/tags\/4259","collection":"https:\/\/www.ull.es\/portal\/agenda\/wp-json\/tribe\/events\/v1\/tags"}},{"name":"Cursos ULL","slug":"cursos-ull","term_group":0,"term_taxonomy_id":977,"taxonomy":"post_tag","description":"","parent":0,"count":1429,"filter":"raw","id":977,"urls":{"self":"https:\/\/www.ull.es\/portal\/agenda\/wp-json\/tribe\/events\/v1\/tags\/977","collection":"https:\/\/www.ull.es\/portal\/agenda\/wp-json\/tribe\/events\/v1\/tags"}},{"name":"Extensi\u00f3n Universitaria ULL","slug":"extension-universitaria-ull","term_group":0,"term_taxonomy_id":3812,"taxonomy":"post_tag","description":"","parent":0,"count":1381,"filter":"raw","id":3812,"urls":{"self":"https:\/\/www.ull.es\/portal\/agenda\/wp-json\/tribe\/events\/v1\/tags\/3812","collection":"https:\/\/www.ull.es\/portal\/agenda\/wp-json\/tribe\/events\/v1\/tags"}},{"name":"Seminarios ULL","slug":"seminarios-ull","term_group":0,"term_taxonomy_id":3751,"taxonomy":"post_tag","description":"","parent":0,"count":1167,"filter":"raw","id":3751,"urls":{"self":"https:\/\/www.ull.es\/portal\/agenda\/wp-json\/tribe\/events\/v1\/tags\/3751","collection":"https:\/\/www.ull.es\/portal\/agenda\/wp-json\/tribe\/events\/v1\/tags"}}],"venue":{"id":22589,"author":"43","status":"publish","date":"2022-01-27 11:53:04","date_utc":"2022-01-27 11:53:04","modified":"2026-02-03 12:55:58","modified_utc":"2026-02-03 12:55:58","url":"https:\/\/www.ull.es\/portal\/agenda\/local\/edificio-de-la-piramide\/","venue":"Edificio de La Pir\u00e1mide","slug":"edificio-de-la-piramide","address":"Avenida C\u00e9sar Manrique. Facultad de Ciencias Sociales y de la Comunicaci\u00f3n","city":"San Crist\u00f3bal de La Laguna","country":"Espa\u00f1a","province":"Santa Cruz de Tenerife","zip":"38200","stateprovince":"Santa Cruz de Tenerife","json_ld":{"@type":"Place","name":"Edificio de La Pir\u00e1mide","description":"","url":"https:\/\/www.ull.es\/portal\/agenda\/local\/edificio-de-la-piramide\/","address":{"@type":"PostalAddress","streetAddress":"Avenida C\u00e9sar Manrique. Facultad de Ciencias Sociales y de la Comunicaci\u00f3n","addressLocality":"San Crist\u00f3bal de La Laguna","addressRegion":"Santa Cruz de Tenerife","postalCode":"38200","addressCountry":"Espa\u00f1a"},"telephone":"","sameAs":""},"show_map":false,"show_map_link":true,"global_id":"www.ull.es\/portal\/agenda?id=22589","global_id_lineage":["www.ull.es\/portal\/agenda?id=22589"]},"organizer":[{"id":1132,"author":"21","status":"publish","date":"2017-03-27 12:15:57","date_utc":"2017-03-27 12:15:57","modified":"2023-05-02 10:28:59","modified_utc":"2023-05-02 10:28:59","url":"https:\/\/www.ull.es\/portal\/agenda\/organizador\/vicerrectorado-de-relaciones-con-la-sociedad-2\/","organizer":"Vicerrectorado de Cultura y Extensi\u00f3n Universitaria","slug":"vicerrectorado-de-relaciones-con-la-sociedad-2","json_ld":{"@type":"Person","name":"Vicerrectorado de Cultura y Extensi\u00f3n Universitaria","description":"","url":"https:\/\/www.ull.es\/portal\/agenda\/organizador\/vicerrectorado-de-relaciones-con-la-sociedad-2\/","telephone":"","email":"","sameAs":""},"global_id":"www.ull.es\/portal\/agenda?id=1132","global_id_lineage":["www.ull.es\/portal\/agenda?id=1132"]},{"id":38376,"author":"43","status":"publish","date":"2024-09-30 11:35:54","date_utc":"2024-09-30 11:35:54","modified":"2024-09-30 11:36:47","modified_utc":"2024-09-30 11:36:47","url":"https:\/\/www.ull.es\/portal\/agenda\/organizador\/catedra-institucional-infancia-y-adolescencia\/","organizer":"C\u00e1tedra Institucional Infancia y Adolescencia","slug":"catedra-institucional-infancia-y-adolescencia","website":"https:\/\/www.ull.es\/catedras\/catedra-infancia-y-adolescencia\/","json_ld":{"@type":"Person","name":"C\u00e1tedra Institucional Infancia y Adolescencia","description":"","url":"https:\/\/www.ull.es\/portal\/agenda\/organizador\/catedra-institucional-infancia-y-adolescencia\/","telephone":"","email":"","sameAs":"https:\/\/www.ull.es\/catedras\/catedra-infancia-y-adolescencia\/"},"global_id":"www.ull.es\/portal\/agenda?id=38376","global_id_lineage":["www.ull.es\/portal\/agenda?id=38376"]}],"json_ld":{"@context":"http:\/\/schema.org","@type":"Event","name":"Adopci\u00f3n, Infancia y Familias: retos compartidos. Jornada en homenaje a la Profesora Dra. Beatriz Triana P\u00e9rez","description":"&lt;p&gt;La C\u00e1tedra Institucional Infancia y Adolescencia organiza esta jornada en homenaje a la Profesora Dra. Beatriz Triana P\u00e9rez, que se celebrar\u00e1 en el Sal\u00f3n de Actos de la Facultad de Ciencias Sociales y de la Comunicaci\u00f3n el 27 de febrero de 2026, en horario de 15:15 a 20:00 horas. Objetivos: \u25cf Favorecer la reflexi\u00f3n interdisciplinar...&lt;\/p&gt;\\n","image":"https:\/\/www.ull.es\/portal\/agenda\/wp-content\/uploads\/sites\/12\/2026\/01\/BannerInfancia.jpg","url":"https:\/\/www.ull.es\/portal\/agenda\/evento\/adopcion-infancia-y-familias-retos-compartidos-jornada-en-homenaje-a-la-profesora-dra-beatriz-triana-perez\/","startDate":"2026-02-27T03:00:00+00:00","endDate":"2026-02-27T20:00:00+00:00","location":{"@type":"Place","name":"Edificio de La Pir\u00e1mide","description":"","url":"https:\/\/www.ull.es\/portal\/agenda\/local\/edificio-de-la-piramide\/","address":{"@type":"PostalAddress","streetAddress":"Avenida C\u00e9sar Manrique. Facultad de Ciencias Sociales y de la Comunicaci\u00f3n","addressLocality":"San Crist\u00f3bal de La Laguna","addressRegion":"Santa Cruz de Tenerife","postalCode":"38200","addressCountry":"Espa\u00f1a"},"telephone":"","sameAs":""},"organizer":{"@type":"Person","name":"Vicerrectorado de Cultura y Extensi\u00f3n Universitaria","description":"","url":"https:\/\/www.ull.es\/portal\/agenda\/organizador\/vicerrectorado-de-relaciones-con-la-sociedad-2\/","telephone":"","email":"","sameAs":""}}}