{"id":46167,"global_id":"www.ull.es\/portal\/agenda?id=46167","global_id_lineage":["www.ull.es\/portal\/agenda?id=46167"],"author":"43","status":"publish","date":"2026-01-20 13:58:17","date_utc":"2026-01-20 13:58:17","modified":"2026-02-27 13:33:43","modified_utc":"2026-02-27 13:33:43","url":"https:\/\/www.ull.es\/portal\/agenda\/evento\/escepticos-en-el-pub-en-tenerife-n-o-126-16-7-en-recuerdo-de-javier-corzo-varillas\/","rest_url":"https:\/\/www.ull.es\/portal\/agenda\/wp-json\/tribe\/events\/v1\/events\/46167","title":"Esc\u00e9pticos en el Pub en Tenerife n.\u00ba 126 (16.7): En recuerdo de Javier Corzo Varillas","description":"<p>El Aula Cultural de Divulgaci\u00f3n Cient\u00edfica organiza este seminario que se celebrar\u00e1 en modalidad online el 6 de marzo de 2026 de 20:00 a 21:00 horas.<\/p>\n<p>La actividad pretende recordar la figura de Francisco Javier Corzo Varillas, profesor de la Universidad de La Laguna y divulgador del pensamiento cr\u00edtico, con motivo del vig\u00e9simo aniversario de su fallecimiento.<\/p>\n<p>Dirigido a cualquier persona interesada en la tem\u00e1tica.<\/p>\n<p>Ponente: Javier Corzo Mart\u00ednez.<\/p>\n<p>Direcci\u00f3n acad\u00e9mica: Luis Javier Capote P\u00e9rez. Profesor Contratado Doctor Tipo I de Derecho Civil de la Universidad de La Laguna. Co-Director y miembro fundador del Aula Cultural de Divulgaci\u00f3n Cient\u00edfica de la Universidad de La Laguna.<\/p>\n<p>CERTIFICADO DE ASISTENCIA: La Universidad de La Laguna, a trav\u00e9s del Vicerrectorado de Cultura y Extensi\u00f3n Universitaria, emitir\u00e1 un certificado de asistencia a todas aquellas personas que participen, previa inscripci\u00f3n en la actividad.<\/p>\n<p>Asistencia gratuita previa inscripci\u00f3n.\u00a0<a href=\"https:\/\/sede.fg.ull.es\/es\/curso\/detalle?code=a26020045&amp;name=escepticos-en-el-pub-en-tenerife-n-126-16-7-en-recuerdo-de-javier-corzo-varillas&amp;query=%3Fcode%3DA26020045\" target=\"_blank\" rel=\"noopener\" target=\"_blank\" rel=\"noopener\"><strong>Consulta el programa e inscr\u00edbete aqu\u00ed.<\/strong><\/a><\/p>\n<p><strong>Contacto:\u00a0<\/strong><a href=\"mailto:extuni@ull.edu.es\" target=\"_blank\" rel=\"noopener\" target=\"_blank\" rel=\"noopener\"><strong>extuni@ull.es<\/strong><\/a><\/p>\n<p>Coorganizan: Aula Cultural \u00abRadio Campus\u00bb, Asociaci\u00f3n cultural de relaciones internacionales \u00abHacer para el Desarrollo\u00bb y Docencia en Derecho Civil.<\/p>\n<p>Colaboran: C\u00e1tedra Cultural \u00abFrancisco Tom\u00e1s y Valiente\u00bb,\u00a0Pub \u00abS\u00f3crates\u00bb y ARP-Sociedad para el Avance del Pensamiento Cr\u00edtico.<\/p>","excerpt":"","slug":"escepticos-en-el-pub-en-tenerife-n-o-126-16-7-en-recuerdo-de-javier-corzo-varillas","image":{"url":"https:\/\/www.ull.es\/portal\/agenda\/wp-content\/uploads\/sites\/12\/2026\/01\/PUB126.png","id":46663,"extension":"png","width":750,"height":370,"filesize":196962,"sizes":{"medium":{"width":300,"height":148,"mime-type":"image\/png","filesize":43202,"url":"https:\/\/www.ull.es\/portal\/agenda\/wp-content\/uploads\/sites\/12\/2026\/01\/PUB126-300x148.png"},"thumbnail":{"width":150,"height":150,"mime-type":"image\/png","filesize":15242,"url":"https:\/\/www.ull.es\/portal\/agenda\/wp-content\/uploads\/sites\/12\/2026\/01\/PUB126-150x150.png"},"mug-shot":{"width":150,"height":250,"mime-type":"image\/png","filesize":6390,"url":"https:\/\/www.ull.es\/portal\/agenda\/wp-content\/uploads\/sites\/12\/2026\/01\/PUB126-150x250.png"},"sidebar":{"width":375,"height":185,"mime-type":"image\/png","filesize":62415,"url":"https:\/\/www.ull.es\/portal\/agenda\/wp-content\/uploads\/sites\/12\/2026\/01\/PUB126-375x185.png"},"half":{"width":375,"height":185,"mime-type":"image\/png","filesize":62415,"url":"https:\/\/www.ull.es\/portal\/agenda\/wp-content\/uploads\/sites\/12\/2026\/01\/PUB126-375x185.png"},"thimble":{"width":50,"height":50,"mime-type":"image\/png","filesize":2808,"url":"https:\/\/www.ull.es\/portal\/agenda\/wp-content\/uploads\/sites\/12\/2026\/01\/PUB126-50x50.png"},"thumbnail-large":{"width":300,"height":300,"mime-type":"image\/png","filesize":44273,"url":"https:\/\/www.ull.es\/portal\/agenda\/wp-content\/uploads\/sites\/12\/2026\/01\/PUB126-300x300.png"},"rss":{"width":108,"height":81,"mime-type":"image\/png","filesize":9834,"url":"https:\/\/www.ull.es\/portal\/agenda\/wp-content\/uploads\/sites\/12\/2026\/01\/PUB126-108x81.png"}}},"all_day":false,"start_date":"2026-03-06 20:00:00","start_date_details":{"year":"2026","month":"03","day":"06","hour":"20","minutes":"00","seconds":"00"},"end_date":"2026-03-06 21:00:00","end_date_details":{"year":"2026","month":"03","day":"06","hour":"21","minutes":"00","seconds":"00"},"utc_start_date":"2026-03-06 20:00:00","utc_start_date_details":{"year":"2026","month":"03","day":"06","hour":"20","minutes":"00","seconds":"00"},"utc_end_date":"2026-03-06 21:00:00","utc_end_date_details":{"year":"2026","month":"03","day":"06","hour":"21","minutes":"00","seconds":"00"},"timezone":"UTC+0","timezone_abbr":"UTC+0","cost":"","cost_details":{"currency_symbol":"","currency_position":"prefix","values":[]},"website":"https:\/\/www.ull.es\/cultura\/cursos-extension-universitaria\/","show_map":false,"show_map_link":true,"hide_from_listings":false,"sticky":false,"featured":false,"categories":[{"name":"Actividades de Extensi\u00f3n","slug":"actividades-de-extension","term_group":0,"term_taxonomy_id":472,"taxonomy":"tribe_events_cat","description":"","parent":468,"count":1637,"filter":"raw","id":472,"urls":{"self":"https:\/\/www.ull.es\/portal\/agenda\/wp-json\/tribe\/events\/v1\/categories\/472","collection":"https:\/\/www.ull.es\/portal\/agenda\/wp-json\/tribe\/events\/v1\/categories","up":"https:\/\/www.ull.es\/portal\/agenda\/wp-json\/tribe\/events\/v1\/categories\/468"}},{"name":"Cursos de Aulas y C\u00e1tedras Culturales","slug":"cursos-de-aulas-y-catedras-culturales","term_group":0,"term_taxonomy_id":471,"taxonomy":"tribe_events_cat","description":"","parent":468,"count":620,"filter":"raw","id":471,"urls":{"self":"https:\/\/www.ull.es\/portal\/agenda\/wp-json\/tribe\/events\/v1\/categories\/471","collection":"https:\/\/www.ull.es\/portal\/agenda\/wp-json\/tribe\/events\/v1\/categories","up":"https:\/\/www.ull.es\/portal\/agenda\/wp-json\/tribe\/events\/v1\/categories\/468"}},{"name":"Destacado ULL","slug":"destacado-ull","term_group":0,"term_taxonomy_id":4,"taxonomy":"tribe_events_cat","description":"","parent":0,"count":4572,"filter":"raw","id":4,"urls":{"self":"https:\/\/www.ull.es\/portal\/agenda\/wp-json\/tribe\/events\/v1\/categories\/4","collection":"https:\/\/www.ull.es\/portal\/agenda\/wp-json\/tribe\/events\/v1\/categories"}},{"name":"Perfil Estudiante","slug":"perfil-estudiante","term_group":0,"term_taxonomy_id":186,"taxonomy":"tribe_events_cat","description":"","parent":185,"count":2750,"filter":"raw","id":186,"urls":{"self":"https:\/\/www.ull.es\/portal\/agenda\/wp-json\/tribe\/events\/v1\/categories\/186","collection":"https:\/\/www.ull.es\/portal\/agenda\/wp-json\/tribe\/events\/v1\/categories","up":"https:\/\/www.ull.es\/portal\/agenda\/wp-json\/tribe\/events\/v1\/categories\/185"}}],"tags":[{"name":"alumnado ULL","slug":"alumnado-ull","term_group":0,"term_taxonomy_id":4259,"taxonomy":"post_tag","description":"","parent":0,"count":1171,"filter":"raw","id":4259,"urls":{"self":"https:\/\/www.ull.es\/portal\/agenda\/wp-json\/tribe\/events\/v1\/tags\/4259","collection":"https:\/\/www.ull.es\/portal\/agenda\/wp-json\/tribe\/events\/v1\/tags"}},{"name":"Cursos ULL","slug":"cursos-ull","term_group":0,"term_taxonomy_id":977,"taxonomy":"post_tag","description":"","parent":0,"count":1429,"filter":"raw","id":977,"urls":{"self":"https:\/\/www.ull.es\/portal\/agenda\/wp-json\/tribe\/events\/v1\/tags\/977","collection":"https:\/\/www.ull.es\/portal\/agenda\/wp-json\/tribe\/events\/v1\/tags"}},{"name":"Extensi\u00f3n Universitaria ULL","slug":"extension-universitaria-ull","term_group":0,"term_taxonomy_id":3812,"taxonomy":"post_tag","description":"","parent":0,"count":1381,"filter":"raw","id":3812,"urls":{"self":"https:\/\/www.ull.es\/portal\/agenda\/wp-json\/tribe\/events\/v1\/tags\/3812","collection":"https:\/\/www.ull.es\/portal\/agenda\/wp-json\/tribe\/events\/v1\/tags"}},{"name":"Pub S\u00f3crates","slug":"pub-socrates","term_group":0,"term_taxonomy_id":3294,"taxonomy":"post_tag","description":"","parent":0,"count":31,"filter":"raw","id":3294,"urls":{"self":"https:\/\/www.ull.es\/portal\/agenda\/wp-json\/tribe\/events\/v1\/tags\/3294","collection":"https:\/\/www.ull.es\/portal\/agenda\/wp-json\/tribe\/events\/v1\/tags"}},{"name":"Seminarios ULL","slug":"seminarios-ull","term_group":0,"term_taxonomy_id":3751,"taxonomy":"post_tag","description":"","parent":0,"count":1167,"filter":"raw","id":3751,"urls":{"self":"https:\/\/www.ull.es\/portal\/agenda\/wp-json\/tribe\/events\/v1\/tags\/3751","collection":"https:\/\/www.ull.es\/portal\/agenda\/wp-json\/tribe\/events\/v1\/tags"}}],"venue":{"id":4260,"author":"43","status":"publish","date":"2017-11-23 09:48:02","date_utc":"2017-11-23 09:48:02","modified":"2020-04-14 20:12:58","modified_utc":"2020-04-14 20:12:58","url":"https:\/\/www.ull.es\/portal\/agenda\/local\/curso-online\/","venue":"Formaci\u00f3n online","slug":"curso-online","json_ld":{"@type":"Place","name":"Formaci\u00f3n online","description":"","url":"https:\/\/www.ull.es\/portal\/agenda\/local\/curso-online\/","address":{"@type":"PostalAddress"},"telephone":"","sameAs":""},"show_map":false,"show_map_link":true,"global_id":"www.ull.es\/portal\/agenda?id=4260","global_id_lineage":["www.ull.es\/portal\/agenda?id=4260"]},"organizer":[{"id":1132,"author":"21","status":"publish","date":"2017-03-27 12:15:57","date_utc":"2017-03-27 12:15:57","modified":"2023-05-02 10:28:59","modified_utc":"2023-05-02 10:28:59","url":"https:\/\/www.ull.es\/portal\/agenda\/organizador\/vicerrectorado-de-relaciones-con-la-sociedad-2\/","organizer":"Vicerrectorado de Cultura y Extensi\u00f3n Universitaria","slug":"vicerrectorado-de-relaciones-con-la-sociedad-2","json_ld":{"@type":"Person","name":"Vicerrectorado de Cultura y Extensi\u00f3n Universitaria","description":"","url":"https:\/\/www.ull.es\/portal\/agenda\/organizador\/vicerrectorado-de-relaciones-con-la-sociedad-2\/","telephone":"","email":"","sameAs":""},"global_id":"www.ull.es\/portal\/agenda?id=1132","global_id_lineage":["www.ull.es\/portal\/agenda?id=1132"]},{"id":4086,"author":"30","status":"publish","date":"2017-11-15 09:42:35","date_utc":"2017-11-15 09:42:35","modified":"2017-11-15 09:42:35","modified_utc":"2017-11-15 09:42:35","url":"https:\/\/www.ull.es\/portal\/agenda\/organizador\/aula-cultural-de-divulgacion-cientifica\/","organizer":"Aula Cultural de Divulgaci\u00f3n Cientifica","slug":"aula-cultural-de-divulgacion-cientifica","json_ld":{"@type":"Person","name":"Aula Cultural de Divulgaci\u00f3n Cientifica","description":"","url":"https:\/\/www.ull.es\/portal\/agenda\/organizador\/aula-cultural-de-divulgacion-cientifica\/","telephone":"","email":"","sameAs":""},"global_id":"www.ull.es\/portal\/agenda?id=4086","global_id_lineage":["www.ull.es\/portal\/agenda?id=4086"]},{"id":11945,"author":"43","status":"publish","date":"2020-07-08 08:22:39","date_utc":"2020-07-08 08:22:39","modified":"2020-07-08 08:22:39","modified_utc":"2020-07-08 08:22:39","url":"https:\/\/www.ull.es\/portal\/agenda\/organizador\/aula-cultural-radio-campus-2\/","organizer":"Aula Cultural Radio Campus","slug":"aula-cultural-radio-campus-2","website":"https:\/\/www.ull.es\/portal\/aulasycatedrasculturales\/aula-cultural-radio-campus\/","json_ld":{"@type":"Person","name":"Aula Cultural Radio Campus","description":"","url":"https:\/\/www.ull.es\/portal\/agenda\/organizador\/aula-cultural-radio-campus-2\/","telephone":"","email":"","sameAs":"https:\/\/www.ull.es\/portal\/aulasycatedrasculturales\/aula-cultural-radio-campus\/"},"global_id":"www.ull.es\/portal\/agenda?id=11945","global_id_lineage":["www.ull.es\/portal\/agenda?id=11945"]},{"id":4120,"author":"43","status":"publish","date":"2017-11-16 11:08:16","date_utc":"2017-11-16 11:08:16","modified":"2017-11-16 11:08:16","modified_utc":"2017-11-16 11:08:16","url":"https:\/\/www.ull.es\/portal\/agenda\/organizador\/asociacion-cultural-de-relaciones-internacionales-hacer-para-el-desarrollo\/","organizer":"Asociaci\u00f3n Cultural de Relaciones Internacionales \u00abHacer para el desarrollo\u00bb","slug":"asociacion-cultural-de-relaciones-internacionales-hacer-para-el-desarrollo","json_ld":{"@type":"Person","name":"Asociaci\u00f3n Cultural de Relaciones Internacionales \u00abHacer para el desarrollo\u00bb","description":"","url":"https:\/\/www.ull.es\/portal\/agenda\/organizador\/asociacion-cultural-de-relaciones-internacionales-hacer-para-el-desarrollo\/","telephone":"","email":"","sameAs":""},"global_id":"www.ull.es\/portal\/agenda?id=4120","global_id_lineage":["www.ull.es\/portal\/agenda?id=4120"]},{"id":18184,"author":"43","status":"publish","date":"2021-01-19 09:18:53","date_utc":"2021-01-19 09:18:53","modified":"2021-01-19 09:18:53","modified_utc":"2021-01-19 09:18:53","url":"https:\/\/www.ull.es\/portal\/agenda\/organizador\/docencia-en-derecho-civil\/","organizer":"Docencia en Derecho Civil","slug":"docencia-en-derecho-civil","website":"https:\/\/www.dcivil.com\/","json_ld":{"@type":"Person","name":"Docencia en Derecho Civil","description":"","url":"https:\/\/www.ull.es\/portal\/agenda\/organizador\/docencia-en-derecho-civil\/","telephone":"","email":"","sameAs":"https:\/\/www.dcivil.com\/"},"global_id":"www.ull.es\/portal\/agenda?id=18184","global_id_lineage":["www.ull.es\/portal\/agenda?id=18184"]}],"json_ld":{"@context":"http:\/\/schema.org","@type":"Event","name":"Esc\u00e9pticos en el Pub en Tenerife n.\u00ba 126 (16.7): En recuerdo de Javier Corzo Varillas","description":"&lt;p&gt;El Aula Cultural de Divulgaci\u00f3n Cient\u00edfica organiza este seminario que se celebrar\u00e1 en modalidad online el 6 de marzo de 2026 de 20:00 a 21:00 horas. La actividad pretende recordar la figura de Francisco Javier Corzo Varillas, profesor de la Universidad de La Laguna y divulgador del pensamiento cr\u00edtico, con motivo del vig\u00e9simo aniversario de...&lt;\/p&gt;\\n","image":"https:\/\/www.ull.es\/portal\/agenda\/wp-content\/uploads\/sites\/12\/2026\/01\/PUB126.png","url":"https:\/\/www.ull.es\/portal\/agenda\/evento\/escepticos-en-el-pub-en-tenerife-n-o-126-16-7-en-recuerdo-de-javier-corzo-varillas\/","startDate":"2026-03-06T20:00:00+00:00","endDate":"2026-03-06T21:00:00+00:00","location":{"@type":"Place","name":"Formaci\u00f3n online","description":"","url":"https:\/\/www.ull.es\/portal\/agenda\/local\/curso-online\/","address":{"@type":"PostalAddress"},"telephone":"","sameAs":""},"organizer":{"@type":"Person","name":"Vicerrectorado de Cultura y Extensi\u00f3n Universitaria","description":"","url":"https:\/\/www.ull.es\/portal\/agenda\/organizador\/vicerrectorado-de-relaciones-con-la-sociedad-2\/","telephone":"","email":"","sameAs":""}}}