{"id":46293,"global_id":"www.ull.es\/portal\/agenda?id=46293","global_id_lineage":["www.ull.es\/portal\/agenda?id=46293"],"author":"65","status":"publish","date":"2026-01-28 11:26:28","date_utc":"2026-01-28 11:26:28","modified":"2026-03-12 12:05:45","modified_utc":"2026-03-12 12:05:45","url":"https:\/\/www.ull.es\/portal\/agenda\/evento\/en-la-insula-de-las-casas-vacias-conversacion-con-david-ucles\/","rest_url":"https:\/\/www.ull.es\/portal\/agenda\/wp-json\/tribe\/events\/v1\/events\/46293","title":"&#8216;En la \u00ednsula de las casas vac\u00edas&#8217;. Conversaci\u00f3n con David Ucl\u00e9s","description":"<p>El Vicerrectorado de Cultura y Extensi\u00f3n universitaria de la Universidad de La Laguna organiza un encuentro con el autor de una de las novelas m\u00e1s importantes y medi\u00e1ticas de los \u00faltimos a\u00f1os, David Ucl\u00e9s, que ha sido recientemente galardonado con el Premio Nadal.<\/p>\n<p>La actividad consistir\u00e1 en un di\u00e1logo entre David Ucl\u00e9s y dos representantes del alumnado y se centrar\u00e1 principalmente en &#8216;La pen\u00ednsula de las casas vac\u00edas&#8217;, poni\u00e9ndola en relaci\u00f3n con la trayectoria global del autor.<\/p>\n<p>El acto finalizar\u00e1 con una representaci\u00f3n de fragmentos de la obra de David Ucl\u00e9s a cargo de la Agrupaci\u00f3n teatral de Filolog\u00eda.<\/p>\n<p>Para asistir a la actividad, es necesario inscribirse en el siguiente <a href=\"https:\/\/docs.google.com\/forms\/d\/1aSwnRau1ragv7A-QG0x6hzYgJd-hkqr33Bp4b50kVbA\/edit\" target=\"_blank\" rel=\"noopener\">enlace<\/a>.<\/p>","excerpt":"","slug":"en-la-insula-de-las-casas-vacias-conversacion-con-david-ucles","image":{"url":"https:\/\/www.ull.es\/portal\/agenda\/wp-content\/uploads\/sites\/12\/2026\/01\/banner-eventos-42.jpg","id":46930,"extension":"jpg","width":750,"height":370,"filesize":126500,"sizes":{"medium":{"width":300,"height":148,"mime-type":"image\/jpeg","filesize":16364,"url":"https:\/\/www.ull.es\/portal\/agenda\/wp-content\/uploads\/sites\/12\/2026\/01\/banner-eventos-42-300x148.jpg"},"thumbnail":{"width":150,"height":150,"mime-type":"image\/jpeg","filesize":7220,"url":"https:\/\/www.ull.es\/portal\/agenda\/wp-content\/uploads\/sites\/12\/2026\/01\/banner-eventos-42-150x150.jpg"},"mug-shot":{"width":150,"height":250,"mime-type":"image\/jpeg","filesize":8174,"url":"https:\/\/www.ull.es\/portal\/agenda\/wp-content\/uploads\/sites\/12\/2026\/01\/banner-eventos-42-150x250.jpg"},"sidebar":{"width":375,"height":185,"mime-type":"image\/jpeg","filesize":23057,"url":"https:\/\/www.ull.es\/portal\/agenda\/wp-content\/uploads\/sites\/12\/2026\/01\/banner-eventos-42-375x185.jpg"},"half":{"width":375,"height":185,"mime-type":"image\/jpeg","filesize":23057,"url":"https:\/\/www.ull.es\/portal\/agenda\/wp-content\/uploads\/sites\/12\/2026\/01\/banner-eventos-42-375x185.jpg"},"thimble":{"width":50,"height":50,"mime-type":"image\/jpeg","filesize":1436,"url":"https:\/\/www.ull.es\/portal\/agenda\/wp-content\/uploads\/sites\/12\/2026\/01\/banner-eventos-42-50x50.jpg"},"thumbnail-large":{"width":300,"height":300,"mime-type":"image\/jpeg","filesize":21389,"url":"https:\/\/www.ull.es\/portal\/agenda\/wp-content\/uploads\/sites\/12\/2026\/01\/banner-eventos-42-300x300.jpg"},"rss":{"width":108,"height":81,"mime-type":"image\/jpeg","filesize":3664,"url":"https:\/\/www.ull.es\/portal\/agenda\/wp-content\/uploads\/sites\/12\/2026\/01\/banner-eventos-42-108x81.jpg"}}},"all_day":false,"start_date":"2026-03-13 12:00:00","start_date_details":{"year":"2026","month":"03","day":"13","hour":"12","minutes":"00","seconds":"00"},"end_date":"2026-03-13 13:30:00","end_date_details":{"year":"2026","month":"03","day":"13","hour":"13","minutes":"30","seconds":"00"},"utc_start_date":"2026-03-13 12:00:00","utc_start_date_details":{"year":"2026","month":"03","day":"13","hour":"12","minutes":"00","seconds":"00"},"utc_end_date":"2026-03-13 13:30:00","utc_end_date_details":{"year":"2026","month":"03","day":"13","hour":"13","minutes":"30","seconds":"00"},"timezone":"UTC+0","timezone_abbr":"UTC+0","cost":"","cost_details":{"currency_symbol":"","currency_position":"prefix","values":[]},"website":"","show_map":false,"show_map_link":false,"hide_from_listings":false,"sticky":false,"featured":false,"categories":[{"name":"cultura","slug":"cultura","term_group":0,"term_taxonomy_id":3987,"taxonomy":"tribe_events_cat","description":"","parent":0,"count":819,"filter":"raw","id":3987,"urls":{"self":"https:\/\/www.ull.es\/portal\/agenda\/wp-json\/tribe\/events\/v1\/categories\/3987","collection":"https:\/\/www.ull.es\/portal\/agenda\/wp-json\/tribe\/events\/v1\/categories"}},{"name":"Destacado ULL","slug":"destacado-ull","term_group":0,"term_taxonomy_id":4,"taxonomy":"tribe_events_cat","description":"","parent":0,"count":4572,"filter":"raw","id":4,"urls":{"self":"https:\/\/www.ull.es\/portal\/agenda\/wp-json\/tribe\/events\/v1\/categories\/4","collection":"https:\/\/www.ull.es\/portal\/agenda\/wp-json\/tribe\/events\/v1\/categories"}},{"name":"Escuela de Doctorado y Estudios de Posgrado","slug":"escuela-de-doctorado-y-estudios-de-posgrado","term_group":0,"term_taxonomy_id":1103,"taxonomy":"tribe_events_cat","description":"","parent":788,"count":222,"filter":"raw","id":1103,"urls":{"self":"https:\/\/www.ull.es\/portal\/agenda\/wp-json\/tribe\/events\/v1\/categories\/1103","collection":"https:\/\/www.ull.es\/portal\/agenda\/wp-json\/tribe\/events\/v1\/categories","up":"https:\/\/www.ull.es\/portal\/agenda\/wp-json\/tribe\/events\/v1\/categories\/788"}},{"name":"Perfil Estudiante","slug":"perfil-estudiante","term_group":0,"term_taxonomy_id":186,"taxonomy":"tribe_events_cat","description":"","parent":185,"count":2750,"filter":"raw","id":186,"urls":{"self":"https:\/\/www.ull.es\/portal\/agenda\/wp-json\/tribe\/events\/v1\/categories\/186","collection":"https:\/\/www.ull.es\/portal\/agenda\/wp-json\/tribe\/events\/v1\/categories","up":"https:\/\/www.ull.es\/portal\/agenda\/wp-json\/tribe\/events\/v1\/categories\/185"}},{"name":"Portada ULL","slug":"portada-ull","term_group":0,"term_taxonomy_id":191,"taxonomy":"tribe_events_cat","description":"","parent":0,"count":2104,"filter":"raw","id":191,"urls":{"self":"https:\/\/www.ull.es\/portal\/agenda\/wp-json\/tribe\/events\/v1\/categories\/191","collection":"https:\/\/www.ull.es\/portal\/agenda\/wp-json\/tribe\/events\/v1\/categories"}}],"tags":[],"venue":{"id":46642,"author":"117","status":"publish","date":"2026-02-27 09:53:50","date_utc":"2026-02-27 09:53:50","modified":"2026-03-03 13:13:03","modified_utc":"2026-03-03 13:13:03","url":"https:\/\/www.ull.es\/portal\/agenda\/local\/facultad-de-ciencias-sociales-y-de-la-comunicacion-2\/","venue":"Ciencias Sociales y de la Comunicaci\u00f3n","slug":"facultad-de-ciencias-sociales-y-de-la-comunicacion-2","address":"Campus de Guajara","city":"San Crist\u00f3bal de La Laguna","country":"Espa\u00f1a","province":"Santa Cruz de Tenerife","stateprovince":"Santa Cruz de Tenerife","json_ld":{"@type":"Place","name":"Ciencias Sociales y de la Comunicaci\u00f3n","description":"","url":"https:\/\/www.ull.es\/portal\/agenda\/local\/facultad-de-ciencias-sociales-y-de-la-comunicacion-2\/","address":{"@type":"PostalAddress","streetAddress":"Campus de Guajara","addressLocality":"San Crist\u00f3bal de La Laguna","addressRegion":"Santa Cruz de Tenerife","addressCountry":"Espa\u00f1a"},"telephone":"","sameAs":""},"show_map":false,"show_map_link":true,"global_id":"www.ull.es\/portal\/agenda?id=46642","global_id_lineage":["www.ull.es\/portal\/agenda?id=46642"]},"organizer":[{"id":1132,"author":"21","status":"publish","date":"2017-03-27 12:15:57","date_utc":"2017-03-27 12:15:57","modified":"2023-05-02 10:28:59","modified_utc":"2023-05-02 10:28:59","url":"https:\/\/www.ull.es\/portal\/agenda\/organizador\/vicerrectorado-de-relaciones-con-la-sociedad-2\/","organizer":"Vicerrectorado de Cultura y Extensi\u00f3n Universitaria","slug":"vicerrectorado-de-relaciones-con-la-sociedad-2","json_ld":{"@type":"Person","name":"Vicerrectorado de Cultura y Extensi\u00f3n Universitaria","description":"","url":"https:\/\/www.ull.es\/portal\/agenda\/organizador\/vicerrectorado-de-relaciones-con-la-sociedad-2\/","telephone":"","email":"","sameAs":""},"global_id":"www.ull.es\/portal\/agenda?id=1132","global_id_lineage":["www.ull.es\/portal\/agenda?id=1132"]}],"json_ld":{"@context":"http:\/\/schema.org","@type":"Event","name":"&#8216;En la \u00ednsula de las casas vac\u00edas&#8217;. Conversaci\u00f3n con David Ucl\u00e9s","description":"&lt;p&gt;El Vicerrectorado de Cultura y Extensi\u00f3n universitaria de la Universidad de La Laguna organiza un encuentro con el autor de una de las novelas m\u00e1s importantes y medi\u00e1ticas de los \u00faltimos a\u00f1os, David Ucl\u00e9s, que ha sido recientemente galardonado con el Premio Nadal. La actividad consistir\u00e1 en un di\u00e1logo entre David Ucl\u00e9s y dos representantes...&lt;\/p&gt;\\n","image":"https:\/\/www.ull.es\/portal\/agenda\/wp-content\/uploads\/sites\/12\/2026\/01\/banner-eventos-42.jpg","url":"https:\/\/www.ull.es\/portal\/agenda\/evento\/en-la-insula-de-las-casas-vacias-conversacion-con-david-ucles\/","startDate":"2026-03-13T12:00:00+00:00","endDate":"2026-03-13T13:30:00+00:00","location":{"@type":"Place","name":"Ciencias Sociales y de la Comunicaci\u00f3n","description":"","url":"https:\/\/www.ull.es\/portal\/agenda\/local\/facultad-de-ciencias-sociales-y-de-la-comunicacion-2\/","address":{"@type":"PostalAddress","streetAddress":"Campus de Guajara","addressLocality":"San Crist\u00f3bal de La Laguna","addressRegion":"Santa Cruz de Tenerife","addressCountry":"Espa\u00f1a"},"telephone":"","sameAs":""},"organizer":{"@type":"Person","name":"Vicerrectorado de Cultura y Extensi\u00f3n Universitaria","description":"","url":"https:\/\/www.ull.es\/portal\/agenda\/organizador\/vicerrectorado-de-relaciones-con-la-sociedad-2\/","telephone":"","email":"","sameAs":""}}}