{"id":47932,"global_id":"www.ull.es\/portal\/agenda?id=47932","global_id_lineage":["www.ull.es\/portal\/agenda?id=47932"],"author":"117","status":"publish","date":"2026-04-27 09:15:28","date_utc":"2026-04-27 09:15:28","modified":"2026-04-27 09:15:43","modified_utc":"2026-04-27 09:15:43","url":"https:\/\/www.ull.es\/portal\/agenda\/evento\/roces-y-convergencias\/","rest_url":"https:\/\/www.ull.es\/portal\/agenda\/wp-json\/tribe\/events\/v1\/events\/47932","title":"Roces y Convergencias","description":"<p>&#8216;Roces y Convergencias&#8217; parte de la voluntad de entender la pr\u00e1ctica art\u00edstica como un enclave que acoge m\u00faltiples disciplinas, enfoques y \u00e1mbitos de estudio. Lejos de separaciones r\u00edgidas, estas disciplinas dialogan y se rozan, dotando a la pr\u00e1ctica e investigaci\u00f3n art\u00edstica de un car\u00e1cter marcadamente interdisciplinar, en el que los cruces y tensiones entre saberes se convierten en un elemento fundamental. En este sentido, las jornadas pretenden generar un espacio de interacci\u00f3n y convergencia entre disciplinas que permita observar de primera mano los procesos mediante los cuales se producen estos encuentros.<\/p>","excerpt":"","slug":"roces-y-convergencias","image":{"url":"https:\/\/www.ull.es\/portal\/agenda\/wp-content\/uploads\/sites\/12\/2026\/04\/IMG_3861-CLARA-PEREZ-MONTESDEOCA.jpeg","id":47933,"extension":"jpeg","width":700,"height":350,"filesize":145062,"sizes":{"medium":{"width":300,"height":150,"mime-type":"image\/jpeg","filesize":13683,"url":"https:\/\/www.ull.es\/portal\/agenda\/wp-content\/uploads\/sites\/12\/2026\/04\/IMG_3861-CLARA-PEREZ-MONTESDEOCA-300x150.jpeg"},"thumbnail":{"width":150,"height":150,"mime-type":"image\/jpeg","filesize":7039,"url":"https:\/\/www.ull.es\/portal\/agenda\/wp-content\/uploads\/sites\/12\/2026\/04\/IMG_3861-CLARA-PEREZ-MONTESDEOCA-150x150.jpeg"},"mug-shot":{"width":150,"height":250,"mime-type":"image\/jpeg","filesize":10361,"url":"https:\/\/www.ull.es\/portal\/agenda\/wp-content\/uploads\/sites\/12\/2026\/04\/IMG_3861-CLARA-PEREZ-MONTESDEOCA-150x250.jpeg"},"sidebar":{"width":375,"height":188,"mime-type":"image\/jpeg","filesize":20209,"url":"https:\/\/www.ull.es\/portal\/agenda\/wp-content\/uploads\/sites\/12\/2026\/04\/IMG_3861-CLARA-PEREZ-MONTESDEOCA-375x188.jpeg"},"half":{"width":375,"height":188,"mime-type":"image\/jpeg","filesize":20209,"url":"https:\/\/www.ull.es\/portal\/agenda\/wp-content\/uploads\/sites\/12\/2026\/04\/IMG_3861-CLARA-PEREZ-MONTESDEOCA-375x188.jpeg"},"thimble":{"width":50,"height":50,"mime-type":"image\/jpeg","filesize":1199,"url":"https:\/\/www.ull.es\/portal\/agenda\/wp-content\/uploads\/sites\/12\/2026\/04\/IMG_3861-CLARA-PEREZ-MONTESDEOCA-50x50.jpeg"},"thumbnail-large":{"width":300,"height":300,"mime-type":"image\/jpeg","filesize":23936,"url":"https:\/\/www.ull.es\/portal\/agenda\/wp-content\/uploads\/sites\/12\/2026\/04\/IMG_3861-CLARA-PEREZ-MONTESDEOCA-300x300.jpeg"},"rss":{"width":108,"height":81,"mime-type":"image\/jpeg","filesize":3550,"url":"https:\/\/www.ull.es\/portal\/agenda\/wp-content\/uploads\/sites\/12\/2026\/04\/IMG_3861-CLARA-PEREZ-MONTESDEOCA-108x81.jpeg"}}},"all_day":false,"start_date":"2026-04-29 16:15:00","start_date_details":{"year":"2026","month":"04","day":"29","hour":"16","minutes":"15","seconds":"00"},"end_date":"2026-04-29 20:30:00","end_date_details":{"year":"2026","month":"04","day":"29","hour":"20","minutes":"30","seconds":"00"},"utc_start_date":"2026-04-29 16:15:00","utc_start_date_details":{"year":"2026","month":"04","day":"29","hour":"16","minutes":"15","seconds":"00"},"utc_end_date":"2026-04-29 20:30:00","utc_end_date_details":{"year":"2026","month":"04","day":"29","hour":"20","minutes":"30","seconds":"00"},"timezone":"UTC+0","timezone_abbr":"UTC+0","cost":"","cost_details":{"currency_symbol":"","currency_position":"prefix","values":[]},"website":"","show_map":false,"show_map_link":false,"hide_from_listings":false,"sticky":false,"featured":false,"categories":[{"name":"Escuela de Doctorado y Estudios de Posgrado","slug":"escuela-de-doctorado-y-estudios-de-posgrado","term_group":0,"term_taxonomy_id":1103,"taxonomy":"tribe_events_cat","description":"","parent":788,"count":223,"filter":"raw","id":1103,"urls":{"self":"https:\/\/www.ull.es\/portal\/agenda\/wp-json\/tribe\/events\/v1\/categories\/1103","collection":"https:\/\/www.ull.es\/portal\/agenda\/wp-json\/tribe\/events\/v1\/categories","up":"https:\/\/www.ull.es\/portal\/agenda\/wp-json\/tribe\/events\/v1\/categories\/788"}},{"name":"Facultad de Bellas Artes","slug":"facultad-de-bellas-artes","term_group":0,"term_taxonomy_id":3096,"taxonomy":"tribe_events_cat","description":"","parent":788,"count":109,"filter":"raw","id":3096,"urls":{"self":"https:\/\/www.ull.es\/portal\/agenda\/wp-json\/tribe\/events\/v1\/categories\/3096","collection":"https:\/\/www.ull.es\/portal\/agenda\/wp-json\/tribe\/events\/v1\/categories","up":"https:\/\/www.ull.es\/portal\/agenda\/wp-json\/tribe\/events\/v1\/categories\/788"}}],"tags":[],"venue":{"id":8980,"author":"43","status":"publish","date":"2018-10-23 11:49:04","date_utc":"2018-10-23 11:49:04","modified":"2018-10-23 11:49:04","modified_utc":"2018-10-23 11:49:04","url":"https:\/\/www.ull.es\/portal\/agenda\/local\/facultad-de-bellas-artes-2\/","venue":"Facultad de Bellas Artes","slug":"facultad-de-bellas-artes-2","address":"Campus de Guajara","city":"San Crist\u00f3bal de La Laguna","province":"Santa Cruz de Tenerife","zip":"38200","stateprovince":"Santa Cruz de Tenerife","json_ld":{"@type":"Place","name":"Facultad de Bellas Artes","description":"","url":"https:\/\/www.ull.es\/portal\/agenda\/local\/facultad-de-bellas-artes-2\/","address":{"@type":"PostalAddress","streetAddress":"Campus de Guajara","addressLocality":"San Crist\u00f3bal de La Laguna","addressRegion":"Santa Cruz de Tenerife","postalCode":"38200"},"telephone":"","sameAs":""},"show_map":true,"show_map_link":true,"global_id":"www.ull.es\/portal\/agenda?id=8980","global_id_lineage":["www.ull.es\/portal\/agenda?id=8980"]},"organizer":[{"id":4485,"author":"23","status":"publish","date":"2017-12-11 15:45:46","date_utc":"2017-12-11 15:45:46","modified":"2017-12-11 15:45:46","modified_utc":"2017-12-11 15:45:46","url":"https:\/\/www.ull.es\/portal\/agenda\/organizador\/escuela-de-doctorado-y-estudios-de-posgrado-2\/","organizer":"Escuela de Doctorado y Estudios de Posgrado","slug":"escuela-de-doctorado-y-estudios-de-posgrado-2","json_ld":{"@type":"Person","name":"Escuela de Doctorado y Estudios de Posgrado","description":"","url":"https:\/\/www.ull.es\/portal\/agenda\/organizador\/escuela-de-doctorado-y-estudios-de-posgrado-2\/","telephone":"","email":"","sameAs":""},"global_id":"www.ull.es\/portal\/agenda?id=4485","global_id_lineage":["www.ull.es\/portal\/agenda?id=4485"]},{"id":8853,"author":"51","status":"publish","date":"2018-10-13 18:31:32","date_utc":"2018-10-13 18:31:32","modified":"2018-10-13 18:31:32","modified_utc":"2018-10-13 18:31:32","url":"https:\/\/www.ull.es\/portal\/agenda\/organizador\/facultad-de-bellas-artes\/","organizer":"Facultad de Bellas Artes","slug":"facultad-de-bellas-artes","json_ld":{"@type":"Person","name":"Facultad de Bellas Artes","description":"","url":"https:\/\/www.ull.es\/portal\/agenda\/organizador\/facultad-de-bellas-artes\/","telephone":"","email":"","sameAs":""},"global_id":"www.ull.es\/portal\/agenda?id=8853","global_id_lineage":["www.ull.es\/portal\/agenda?id=8853"]}],"json_ld":{"@context":"http:\/\/schema.org","@type":"Event","name":"Roces y Convergencias","description":"&lt;p&gt;\\'Roces y Convergencias\\' parte de la voluntad de entender la pr\u00e1ctica art\u00edstica como un enclave que acoge m\u00faltiples disciplinas, enfoques y \u00e1mbitos de estudio. Lejos de separaciones r\u00edgidas, estas disciplinas dialogan y se rozan, dotando a la pr\u00e1ctica e investigaci\u00f3n art\u00edstica de un car\u00e1cter marcadamente interdisciplinar, en el que los cruces y tensiones entre saberes...&lt;\/p&gt;\\n","image":"https:\/\/www.ull.es\/portal\/agenda\/wp-content\/uploads\/sites\/12\/2026\/04\/IMG_3861-CLARA-PEREZ-MONTESDEOCA.jpeg","url":"https:\/\/www.ull.es\/portal\/agenda\/evento\/roces-y-convergencias\/","startDate":"2026-04-29T16:15:00+00:00","endDate":"2026-04-29T20:30:00+00:00","location":{"@type":"Place","name":"Facultad de Bellas Artes","description":"","url":"https:\/\/www.ull.es\/portal\/agenda\/local\/facultad-de-bellas-artes-2\/","address":{"@type":"PostalAddress","streetAddress":"Campus de Guajara","addressLocality":"San Crist\u00f3bal de La Laguna","addressRegion":"Santa Cruz de Tenerife","postalCode":"38200"},"telephone":"","sameAs":""},"organizer":{"@type":"Person","name":"Escuela de Doctorado y Estudios de Posgrado","description":"","url":"https:\/\/www.ull.es\/portal\/agenda\/organizador\/escuela-de-doctorado-y-estudios-de-posgrado-2\/","telephone":"","email":"","sameAs":""}}}