{"id":47943,"global_id":"www.ull.es\/portal\/agenda?id=47943","global_id_lineage":["www.ull.es\/portal\/agenda?id=47943"],"author":"117","status":"publish","date":"2026-04-28 10:57:05","date_utc":"2026-04-28 10:57:05","modified":"2026-04-28 12:00:09","modified_utc":"2026-04-28 12:00:09","url":"https:\/\/www.ull.es\/portal\/agenda\/evento\/el-nodo-clariah-iatext-del-instituto-de-analisis-y-aplicaciones-textuales-de-la-ulpgc\/","rest_url":"https:\/\/www.ull.es\/portal\/agenda\/wp-json\/tribe\/events\/v1\/events\/47943","title":"El nodo CLARIAH-IATEXT del Instituto de An\u00e1lisis y Aplicaciones Textuales de la ULPGC","description":"<div class=\"Qr7Oae\" role=\"listitem\">\n<div class=\"OxAavc NVbRL\" data-required=\"true\" data-item-id=\"527596313\">\n<div class=\"Ih4Dzb\">\n<div class=\"q4tvle JqSWld yqQS1\" tabindex=\"0\" role=\"textbox\" aria-label=\"Descripci\u00f3n del Evento\" aria-disabled=\"true\">\n<p>La actividad consiste en la presentaci\u00f3n del nodo canario de CLARIAH-ES, integrado en la red europea CLARIAH, adscrito al Instituto de An\u00e1lisis y Aplicaciones Textuales (IATEXT) de la Universidad de Las Palmas de Gran Canaria (ULPGC). CLARIAH-ES es la infraestructura digital espa\u00f1ola de investigaci\u00f3n en Humanidades Digitales y Ciencias Sociales, creada para integrar a Espa\u00f1a en los consorcios europeos CLARIN (recursos ling\u00fc\u00edsticos) y DARIAH (artes y humanidades). Funciona como una red distribuida de nodos (actualmente m\u00e1s de 10) que ofrece herramientas, datos y servicios a investigadores.<\/p>\n<p>Intervendr\u00e1n Gregorio Rodr\u00edguez, Francisco J. Carreras y Mar Hern\u00e1ndez (ULPGC), quienes expondr\u00e1n los principales recursos, herramientas y servicios digitales que esta infraestructura pone a disposici\u00f3n de la comunidad investigadora. Entre estos servicios se incluyen corpus textuales, herramientas de an\u00e1lisis ling\u00fc\u00edstico, plataformas para la gesti\u00f3n y explotaci\u00f3n de datos human\u00edsticos, as\u00ed como diversas soluciones orientadas a la investigaci\u00f3n en Humanidades y Ciencias Sociales. El objetivo de esta iniciativa es facilitar el acceso abierto a infraestructuras digitales de referencia y promover la colaboraci\u00f3n interuniversitaria.<\/p>\n<p>La actividad la organiza el Instituto de Estudios Medievales y Renacentistas (IEMYR) de la Universidad de La Laguna, a trav\u00e9s de su laboratorio de Humanidades Digitales (IEMYR-Lab) y los profesores Dulce M.\u00aa Gonz\u00e1lez Doreste, Roberto J. Gonz\u00e1lez Zalaca\u00edn, Cristian G. D\u00edaz Rodr\u00edguez y Ra\u00fal Villagrasa-El\u00edas.<\/p>\n<\/div>\n<\/div>\n<\/div>\n<\/div>","excerpt":"","slug":"el-nodo-clariah-iatext-del-instituto-de-analisis-y-aplicaciones-textuales-de-la-ulpgc","image":{"url":"https:\/\/www.ull.es\/portal\/agenda\/wp-content\/uploads\/sites\/12\/2026\/04\/Cartel-750x370-1.png","id":47956,"extension":"png","width":750,"height":370,"filesize":96859,"sizes":{"medium":{"width":300,"height":148,"mime-type":"image\/png","filesize":23867,"url":"https:\/\/www.ull.es\/portal\/agenda\/wp-content\/uploads\/sites\/12\/2026\/04\/Cartel-750x370-1-300x148.png"},"thumbnail":{"width":150,"height":150,"mime-type":"image\/png","filesize":10563,"url":"https:\/\/www.ull.es\/portal\/agenda\/wp-content\/uploads\/sites\/12\/2026\/04\/Cartel-750x370-1-150x150.png"},"mug-shot":{"width":150,"height":250,"mime-type":"image\/png","filesize":12379,"url":"https:\/\/www.ull.es\/portal\/agenda\/wp-content\/uploads\/sites\/12\/2026\/04\/Cartel-750x370-1-150x250.png"},"sidebar":{"width":375,"height":185,"mime-type":"image\/png","filesize":33823,"url":"https:\/\/www.ull.es\/portal\/agenda\/wp-content\/uploads\/sites\/12\/2026\/04\/Cartel-750x370-1-375x185.png"},"half":{"width":375,"height":185,"mime-type":"image\/png","filesize":33823,"url":"https:\/\/www.ull.es\/portal\/agenda\/wp-content\/uploads\/sites\/12\/2026\/04\/Cartel-750x370-1-375x185.png"},"thimble":{"width":50,"height":50,"mime-type":"image\/png","filesize":2103,"url":"https:\/\/www.ull.es\/portal\/agenda\/wp-content\/uploads\/sites\/12\/2026\/04\/Cartel-750x370-1-50x50.png"},"thumbnail-large":{"width":300,"height":300,"mime-type":"image\/png","filesize":32916,"url":"https:\/\/www.ull.es\/portal\/agenda\/wp-content\/uploads\/sites\/12\/2026\/04\/Cartel-750x370-1-300x300.png"},"rss":{"width":108,"height":81,"mime-type":"image\/png","filesize":5888,"url":"https:\/\/www.ull.es\/portal\/agenda\/wp-content\/uploads\/sites\/12\/2026\/04\/Cartel-750x370-1-108x81.png"}}},"all_day":false,"start_date":"2026-05-08 11:30:00","start_date_details":{"year":"2026","month":"05","day":"08","hour":"11","minutes":"30","seconds":"00"},"end_date":"2026-05-08 13:00:00","end_date_details":{"year":"2026","month":"05","day":"08","hour":"13","minutes":"00","seconds":"00"},"utc_start_date":"2026-05-08 11:30:00","utc_start_date_details":{"year":"2026","month":"05","day":"08","hour":"11","minutes":"30","seconds":"00"},"utc_end_date":"2026-05-08 13:00:00","utc_end_date_details":{"year":"2026","month":"05","day":"08","hour":"13","minutes":"00","seconds":"00"},"timezone":"UTC+0","timezone_abbr":"UTC+0","cost":"","cost_details":{"currency_symbol":"","currency_position":"prefix","values":[]},"website":"","show_map":false,"show_map_link":false,"hide_from_listings":false,"sticky":false,"featured":false,"categories":[{"name":"Destacado ULL","slug":"destacado-ull","term_group":0,"term_taxonomy_id":4,"taxonomy":"tribe_events_cat","description":"","parent":0,"count":4578,"filter":"raw","id":4,"urls":{"self":"https:\/\/www.ull.es\/portal\/agenda\/wp-json\/tribe\/events\/v1\/categories\/4","collection":"https:\/\/www.ull.es\/portal\/agenda\/wp-json\/tribe\/events\/v1\/categories"}},{"name":"Facultad de Humanidades","slug":"facultad-humanidades","term_group":0,"term_taxonomy_id":985,"taxonomy":"tribe_events_cat","description":"","parent":788,"count":357,"filter":"raw","id":985,"urls":{"self":"https:\/\/www.ull.es\/portal\/agenda\/wp-json\/tribe\/events\/v1\/categories\/985","collection":"https:\/\/www.ull.es\/portal\/agenda\/wp-json\/tribe\/events\/v1\/categories","up":"https:\/\/www.ull.es\/portal\/agenda\/wp-json\/tribe\/events\/v1\/categories\/788"}},{"name":"Instituto de Estudios Medievales y Renacentistas","slug":"instituto-estudios-medievales-renancentistas","term_group":0,"term_taxonomy_id":4253,"taxonomy":"tribe_events_cat","description":"","parent":1188,"count":21,"filter":"raw","id":4253,"urls":{"self":"https:\/\/www.ull.es\/portal\/agenda\/wp-json\/tribe\/events\/v1\/categories\/4253","collection":"https:\/\/www.ull.es\/portal\/agenda\/wp-json\/tribe\/events\/v1\/categories","up":"https:\/\/www.ull.es\/portal\/agenda\/wp-json\/tribe\/events\/v1\/categories\/1188"}},{"name":"Investigaci\u00f3n","slug":"investigacion","term_group":0,"term_taxonomy_id":5,"taxonomy":"tribe_events_cat","description":"","parent":3,"count":199,"filter":"raw","id":5,"urls":{"self":"https:\/\/www.ull.es\/portal\/agenda\/wp-json\/tribe\/events\/v1\/categories\/5","collection":"https:\/\/www.ull.es\/portal\/agenda\/wp-json\/tribe\/events\/v1\/categories","up":"https:\/\/www.ull.es\/portal\/agenda\/wp-json\/tribe\/events\/v1\/categories\/3"}}],"tags":[],"venue":{"id":36811,"author":"86","status":"publish","date":"2024-07-04 12:32:56","date_utc":"2024-07-04 12:32:56","modified":"2024-07-05 12:52:58","modified_utc":"2024-07-05 12:52:58","url":"https:\/\/www.ull.es\/portal\/agenda\/local\/sala-de-audiovisuales-de-filologia\/","venue":"Sala de audiovisuales de Filolog\u00eda","slug":"sala-de-audiovisuales-de-filologia","country":"Espa\u00f1a","json_ld":{"@type":"Place","name":"Sala de audiovisuales de Filolog\u00eda","description":"","url":"https:\/\/www.ull.es\/portal\/agenda\/local\/sala-de-audiovisuales-de-filologia\/","address":{"@type":"PostalAddress","addressCountry":"Espa\u00f1a"},"telephone":"","sameAs":""},"show_map":true,"show_map_link":true,"global_id":"www.ull.es\/portal\/agenda?id=36811","global_id_lineage":["www.ull.es\/portal\/agenda?id=36811"]},"organizer":[{"id":1367,"author":"21","status":"publish","date":"2017-04-24 11:30:19","date_utc":"2017-04-24 11:30:19","modified":"2023-01-25 11:30:31","modified_utc":"2023-01-25 11:30:31","url":"https:\/\/www.ull.es\/portal\/agenda\/organizador\/instituto-de-estudios-medievales-y-renacentistas\/","organizer":"Instituto de Estudios Medievales y Renacentistas","slug":"instituto-de-estudios-medievales-y-renacentistas","website":"https:\/\/www.ull.es\/institutos\/instituto-universitario-estudios-medievales-renacentistas\/","json_ld":{"@type":"Person","name":"Instituto de Estudios Medievales y Renacentistas","description":"","url":"https:\/\/www.ull.es\/portal\/agenda\/organizador\/instituto-de-estudios-medievales-y-renacentistas\/","telephone":"","email":"","sameAs":"https:\/\/www.ull.es\/institutos\/instituto-universitario-estudios-medievales-renacentistas\/"},"global_id":"www.ull.es\/portal\/agenda?id=1367","global_id_lineage":["www.ull.es\/portal\/agenda?id=1367"]}],"json_ld":{"@context":"http:\/\/schema.org","@type":"Event","name":"El nodo CLARIAH-IATEXT del Instituto de An\u00e1lisis y Aplicaciones Textuales de la ULPGC","description":"&lt;p&gt;La actividad consiste en la presentaci\u00f3n del nodo canario de CLARIAH-ES, integrado en la red europea CLARIAH, adscrito al Instituto de An\u00e1lisis y Aplicaciones Textuales (IATEXT) de la Universidad de Las Palmas de Gran Canaria (ULPGC). CLARIAH-ES es la infraestructura digital espa\u00f1ola de investigaci\u00f3n en Humanidades Digitales y Ciencias Sociales, creada para integrar a Espa\u00f1a...&lt;\/p&gt;\\n","image":"https:\/\/www.ull.es\/portal\/agenda\/wp-content\/uploads\/sites\/12\/2026\/04\/Cartel-750x370-1.png","url":"https:\/\/www.ull.es\/portal\/agenda\/evento\/el-nodo-clariah-iatext-del-instituto-de-analisis-y-aplicaciones-textuales-de-la-ulpgc\/","startDate":"2026-05-08T11:30:00+00:00","endDate":"2026-05-08T13:00:00+00:00","location":{"@type":"Place","name":"Sala de audiovisuales de Filolog\u00eda","description":"","url":"https:\/\/www.ull.es\/portal\/agenda\/local\/sala-de-audiovisuales-de-filologia\/","address":{"@type":"PostalAddress","addressCountry":"Espa\u00f1a"},"telephone":"","sameAs":""},"organizer":{"@type":"Person","name":"Instituto de Estudios Medievales y Renacentistas","description":"","url":"https:\/\/www.ull.es\/portal\/agenda\/organizador\/instituto-de-estudios-medievales-y-renacentistas\/","telephone":"","email":"","sameAs":"https:\/\/www.ull.es\/institutos\/instituto-universitario-estudios-medievales-renacentistas\/"}}}