{"id":47949,"global_id":"www.ull.es\/portal\/agenda?id=47949","global_id_lineage":["www.ull.es\/portal\/agenda?id=47949"],"author":"117","status":"publish","date":"2026-04-28 11:24:35","date_utc":"2026-04-28 11:24:35","modified":"2026-04-30 13:40:00","modified_utc":"2026-04-30 13:40:00","url":"https:\/\/www.ull.es\/portal\/agenda\/evento\/acto-de-reconocimiento-al-personal-jubilado-de-la-universidad-de-la-laguna\/","rest_url":"https:\/\/www.ull.es\/portal\/agenda\/wp-json\/tribe\/events\/v1\/events\/47949","title":"Acto de reconocimiento al personal jubilado de la Universidad de La Laguna","description":"<p>El d\u00eda 14 de mayo, a las 18:00 horas en el Aula Magna Blas Cabrera del Edificio de F\u00edsica y Matem\u00e1ticas, tendr\u00e1 lugar el Acto de Homenaje al personal jubilado de la Universidad de La Laguna.<\/p>\n<p>Esta instituci\u00f3n acad\u00e9mcia celebra este acto para reconocer la labor y dedicaci\u00f3n de esa parte de nuestro personal que, tras a\u00f1os de dedicaci\u00f3n, finalizaron el a\u00f1o pasado su trayectoria profesional\u00a0 para iniciar su periodo de jubilaci\u00f3n.<\/p>\n<p>El \u00e9xito de las instituciones, su eficacia y su potencial para cumplir sus objetivos, est\u00e1n \u00edntimamente relacionados con sus recursos humanos. Por ello, con esta ceremonia esta Universidad desea agradecer a estas personas todo el tiempo que han prestado para lograr que el centro siga siendo un referente educativo, cient\u00edfico y social de Canarias.<\/p>","excerpt":"","slug":"acto-de-reconocimiento-al-personal-jubilado-de-la-universidad-de-la-laguna","image":{"url":"https:\/\/www.ull.es\/portal\/agenda\/wp-content\/uploads\/sites\/12\/2026\/04\/banner-eventos-3.png","id":48025,"extension":"png","width":750,"height":370,"filesize":116343,"sizes":{"medium":{"width":300,"height":148,"mime-type":"image\/png","filesize":35230,"url":"https:\/\/www.ull.es\/portal\/agenda\/wp-content\/uploads\/sites\/12\/2026\/04\/banner-eventos-3-300x148.png"},"thumbnail":{"width":150,"height":150,"mime-type":"image\/png","filesize":17032,"url":"https:\/\/www.ull.es\/portal\/agenda\/wp-content\/uploads\/sites\/12\/2026\/04\/banner-eventos-3-150x150.png"},"mug-shot":{"width":150,"height":250,"mime-type":"image\/png","filesize":19954,"url":"https:\/\/www.ull.es\/portal\/agenda\/wp-content\/uploads\/sites\/12\/2026\/04\/banner-eventos-3-150x250.png"},"sidebar":{"width":375,"height":185,"mime-type":"image\/png","filesize":48242,"url":"https:\/\/www.ull.es\/portal\/agenda\/wp-content\/uploads\/sites\/12\/2026\/04\/banner-eventos-3-375x185.png"},"half":{"width":375,"height":185,"mime-type":"image\/png","filesize":48242,"url":"https:\/\/www.ull.es\/portal\/agenda\/wp-content\/uploads\/sites\/12\/2026\/04\/banner-eventos-3-375x185.png"},"thimble":{"width":50,"height":50,"mime-type":"image\/png","filesize":3212,"url":"https:\/\/www.ull.es\/portal\/agenda\/wp-content\/uploads\/sites\/12\/2026\/04\/banner-eventos-3-50x50.png"},"thumbnail-large":{"width":300,"height":300,"mime-type":"image\/png","filesize":42538,"url":"https:\/\/www.ull.es\/portal\/agenda\/wp-content\/uploads\/sites\/12\/2026\/04\/banner-eventos-3-300x300.png"},"rss":{"width":108,"height":81,"mime-type":"image\/png","filesize":9765,"url":"https:\/\/www.ull.es\/portal\/agenda\/wp-content\/uploads\/sites\/12\/2026\/04\/banner-eventos-3-108x81.png"}}},"all_day":false,"start_date":"2026-05-14 18:00:00","start_date_details":{"year":"2026","month":"05","day":"14","hour":"18","minutes":"00","seconds":"00"},"end_date":"2026-05-14 20:00:00","end_date_details":{"year":"2026","month":"05","day":"14","hour":"20","minutes":"00","seconds":"00"},"utc_start_date":"2026-05-14 18:00:00","utc_start_date_details":{"year":"2026","month":"05","day":"14","hour":"18","minutes":"00","seconds":"00"},"utc_end_date":"2026-05-14 20:00:00","utc_end_date_details":{"year":"2026","month":"05","day":"14","hour":"20","minutes":"00","seconds":"00"},"timezone":"UTC+0","timezone_abbr":"UTC+0","cost":"","cost_details":{"currency_symbol":"","currency_position":"prefix","values":[]},"website":"","show_map":false,"show_map_link":false,"hide_from_listings":false,"sticky":false,"featured":false,"categories":[],"tags":[],"venue":{"id":23325,"author":"65","status":"publish","date":"2022-03-08 11:08:04","date_utc":"2022-03-08 11:08:04","modified":"2023-09-08 08:49:27","modified_utc":"2023-09-08 08:49:27","url":"https:\/\/www.ull.es\/portal\/agenda\/local\/aula-magna-del-edificio-de-fisica-y-matematicas\/","venue":"Aula Magna Blas Cabrera Felipe del Edificio de F\u00edsica y Matem\u00e1ticas","slug":"aula-magna-del-edificio-de-fisica-y-matematicas","address":"Avenida Astrof\u00edsico Francisco S\u00e1nchez","city":"San Crist\u00f3bal de La Laguna","country":"Espa\u00f1a","province":"Santa Cruz de Tenerife","zip":"38200","stateprovince":"Santa Cruz de Tenerife","json_ld":{"@type":"Place","name":"Aula Magna Blas Cabrera Felipe del Edificio de F\u00edsica y Matem\u00e1ticas","description":"","url":"https:\/\/www.ull.es\/portal\/agenda\/local\/aula-magna-del-edificio-de-fisica-y-matematicas\/","address":{"@type":"PostalAddress","streetAddress":"Avenida Astrof\u00edsico Francisco S\u00e1nchez","addressLocality":"San Crist\u00f3bal de La Laguna","addressRegion":"Santa Cruz de Tenerife","postalCode":"38200","addressCountry":"Espa\u00f1a"},"telephone":"","sameAs":""},"show_map":false,"show_map_link":true,"global_id":"www.ull.es\/portal\/agenda?id=23325","global_id_lineage":["www.ull.es\/portal\/agenda?id=23325"]},"organizer":[{"id":7952,"author":"51","status":"publish","date":"2018-07-16 07:27:13","date_utc":"2018-07-16 07:27:13","modified":"2022-09-19 14:18:44","modified_utc":"2022-09-19 14:18:44","url":"https:\/\/www.ull.es\/portal\/agenda\/organizador\/universidad-de-la-laguna-10\/","organizer":"Universidad de La Laguna","slug":"universidad-de-la-laguna-10","phone":"900 43 25 26","website":"www.ull.es","json_ld":{"@type":"Person","name":"Universidad de La Laguna","description":"","url":"https:\/\/www.ull.es\/portal\/agenda\/organizador\/universidad-de-la-laguna-10\/","telephone":"900 43 25 26","email":"","sameAs":"http:\/\/www.ull.es"},"global_id":"www.ull.es\/portal\/agenda?id=7952","global_id_lineage":["www.ull.es\/portal\/agenda?id=7952"]}],"json_ld":{"@context":"http:\/\/schema.org","@type":"Event","name":"Acto de reconocimiento al personal jubilado de la Universidad de La Laguna","description":"&lt;p&gt;El d\u00eda 14 de mayo, a las 18:00 horas en el Aula Magna Blas Cabrera del Edificio de F\u00edsica y Matem\u00e1ticas, tendr\u00e1 lugar el Acto de Homenaje al personal jubilado de la Universidad de La Laguna. Esta instituci\u00f3n acad\u00e9mcia celebra este acto para reconocer la labor y dedicaci\u00f3n de esa parte de nuestro personal que,...&lt;\/p&gt;\\n","image":"https:\/\/www.ull.es\/portal\/agenda\/wp-content\/uploads\/sites\/12\/2026\/04\/banner-eventos-3.png","url":"https:\/\/www.ull.es\/portal\/agenda\/evento\/acto-de-reconocimiento-al-personal-jubilado-de-la-universidad-de-la-laguna\/","startDate":"2026-05-14T18:00:00+00:00","endDate":"2026-05-14T20:00:00+00:00","location":{"@type":"Place","name":"Aula Magna Blas Cabrera Felipe del Edificio de F\u00edsica y Matem\u00e1ticas","description":"","url":"https:\/\/www.ull.es\/portal\/agenda\/local\/aula-magna-del-edificio-de-fisica-y-matematicas\/","address":{"@type":"PostalAddress","streetAddress":"Avenida Astrof\u00edsico Francisco S\u00e1nchez","addressLocality":"San Crist\u00f3bal de La Laguna","addressRegion":"Santa Cruz de Tenerife","postalCode":"38200","addressCountry":"Espa\u00f1a"},"telephone":"","sameAs":""},"organizer":{"@type":"Person","name":"Universidad de La Laguna","description":"","url":"https:\/\/www.ull.es\/portal\/agenda\/organizador\/universidad-de-la-laguna-10\/","telephone":"900 43 25 26","email":"","sameAs":"http:\/\/www.ull.es"}}}