{"id":14554,"date":"2021-12-20T13:48:44","date_gmt":"2021-12-20T13:48:44","guid":{"rendered":"https:\/\/www.ull.es\/portal\/cienciaull\/?p=14554"},"modified":"2022-01-11T13:46:31","modified_gmt":"2022-01-11T13:46:31","slug":"nutricion-y-covid-19","status":"publish","type":"post","link":"https:\/\/www.ull.es\/portal\/cienciaull\/nutricion-y-covid-19\/","title":{"rendered":"Nutrici\u00f3n y COVID-19"},"content":{"rendered":"<h4><i><span style=\"font-weight: 400\"><img decoding=\"async\" loading=\"lazy\" class=\"alignnone size-medium wp-image-14921\" src=\"https:\/\/www.ull.es\/portal\/cienciaull\/wp-content\/uploads\/sites\/24\/2021\/12\/image4-169x300.jpg\" alt=\"\" width=\"169\" height=\"300\" srcset=\"https:\/\/www.ull.es\/portal\/cienciaull\/wp-content\/uploads\/sites\/24\/2021\/12\/image4-169x300.jpg 169w, https:\/\/www.ull.es\/portal\/cienciaull\/wp-content\/uploads\/sites\/24\/2021\/12\/image4-577x1024.jpg 577w, https:\/\/www.ull.es\/portal\/cienciaull\/wp-content\/uploads\/sites\/24\/2021\/12\/image4-375x666.jpg 375w, https:\/\/www.ull.es\/portal\/cienciaull\/wp-content\/uploads\/sites\/24\/2021\/12\/image4.jpg 640w\" sizes=\"(max-width: 169px) 100vw, 169px\" \/>N\u00e9stor Ben\u00edtez Brito Mart\u00edn, Claudia Est\u00e9vez M\u00e9ndez, Carlos D\u00edaz Romero.<\/span><\/i><\/h4>\n<h4><i><span style=\"font-weight: 400\"> Universidad de La Laguna.<\/span><\/i><\/h4>\n<p>&nbsp;<\/p>\n<p><span style=\"font-weight: 400\">La nueva pandemia producida por el coronavirus SARS-CoV-2 irrumpi\u00f3 en 2019 de manera abrupta en la sociedad, originando una emergencia sanitaria a nivel mundial sin precedentes. La enfermedad, denominada COVID-19, presenta una baja mortalidad en relaci\u00f3n a otros coronavirus pero debido a su elevada contagiosidad se ha propagado por todo el mundo <\/span><span style=\"font-weight: 400\">(Tabla 1).<\/span><\/p>\n<p><span style=\"font-weight: 400\">La gravedad y desarrollo de la infecci\u00f3n por SARS-CoV-2 est\u00e1 vinculada al estado nutricional de los pacientes. Un estado nutricional adecuado favorece la<\/span> <span style=\"font-weight: 400\">respuesta inmunitaria<\/span> <span style=\"font-weight: 400\">y por tanto mejora el pron\u00f3stico. Por el contrario la malnutrici\u00f3n, tanto por defecto como por exceso, incrementa el riesgo frente a la COVID-19 <\/span><span style=\"font-weight: 400\">(Figura 1)<\/span><span style=\"font-weight: 400\">. La desnutrici\u00f3n no es un factor de riesgo de la enfermedad sino que puede llegar a ser una consecuencia de la misma; al comprometer la respuesta inmunitaria, incrementa la estancia hospitalaria y la mortalidad con los consiguientes costes sanitarios que conlleva.<\/span><\/p>\n<p><span style=\"font-weight: 400\">Por otro lado, el S\u00edndrome Metab\u00f3lico, asociado al sobrepeso y a la obesidad, diabetes tipo 2, dislipemias e hipertensi\u00f3n se ha erigido como un\u00a0 factor de riesgo decisivo en la gravedad manifestada por el COVID-19. De hecho, aproximadamente la mitad de los pacientes ingresados con COVID-19 en las unidades de cuidados intensivos espa\u00f1olas presentaban obesidad. La obesidad restringe la respiraci\u00f3n, debilita la respuesta inmunitaria y acent\u00faa la inflamaci\u00f3n. La adiposidad visceral excesiva asociada a la enfermedad y el exceso de ingesta cal\u00f3rica sin un gasto energ\u00e9tico proporcional afecta a la cantidad y al tama\u00f1o de\u00a0 los adipocitos lo que, a su vez, inicia el proceso inflamatorio.\u00a0<\/span><\/p>\n<p><span style=\"font-weight: 400\">Durante la pandemia las pautas de alimentaci\u00f3n se modificaron. El mismo confinamiento que sirvi\u00f3 para frenar la curva de contagios tambi\u00e9n foment\u00f3 una alimentaci\u00f3n deficiente, hipercal\u00f3rica y desequilibrada as\u00ed como estilos de vida sedentarios <\/span><span style=\"font-weight: 400\">(Figura 2)<\/span><span style=\"font-weight: 400\">: aument\u00f3 el consumo de alimentos poco nutritivos, ultraprocesados y de bebidas alcoh\u00f3licas. La cuarentena produjo tambi\u00e9n estr\u00e9s psicol\u00f3gico, con sus efectos negativos sobre el sue\u00f1o (insomnio) y la ansiedad, lo que puede afectar al comportamiento alimentario y al sistema inmune.<\/span><\/p>\n<h4><i><span style=\"font-weight: 400\"><img decoding=\"async\" loading=\"lazy\" class=\"alignnone size-medium wp-image-14555\" src=\"https:\/\/www.ull.es\/portal\/cienciaull\/wp-content\/uploads\/sites\/24\/2021\/12\/PIXABAY-pit-984037_1920-1-300x121.jpg\" alt=\"\" width=\"300\" height=\"121\" srcset=\"https:\/\/www.ull.es\/portal\/cienciaull\/wp-content\/uploads\/sites\/24\/2021\/12\/PIXABAY-pit-984037_1920-1-300x121.jpg 300w, https:\/\/www.ull.es\/portal\/cienciaull\/wp-content\/uploads\/sites\/24\/2021\/12\/PIXABAY-pit-984037_1920-1-1024x412.jpg 1024w, https:\/\/www.ull.es\/portal\/cienciaull\/wp-content\/uploads\/sites\/24\/2021\/12\/PIXABAY-pit-984037_1920-1-768x309.jpg 768w, https:\/\/www.ull.es\/portal\/cienciaull\/wp-content\/uploads\/sites\/24\/2021\/12\/PIXABAY-pit-984037_1920-1-1536x618.jpg 1536w, https:\/\/www.ull.es\/portal\/cienciaull\/wp-content\/uploads\/sites\/24\/2021\/12\/PIXABAY-pit-984037_1920-1-375x151.jpg 375w, https:\/\/www.ull.es\/portal\/cienciaull\/wp-content\/uploads\/sites\/24\/2021\/12\/PIXABAY-pit-984037_1920-1-750x302.jpg 750w, https:\/\/www.ull.es\/portal\/cienciaull\/wp-content\/uploads\/sites\/24\/2021\/12\/PIXABAY-pit-984037_1920-1-1140x459.jpg 1140w, https:\/\/www.ull.es\/portal\/cienciaull\/wp-content\/uploads\/sites\/24\/2021\/12\/PIXABAY-pit-984037_1920-1.jpg 1600w\" sizes=\"(max-width: 300px) 100vw, 300px\" \/><\/span><\/i><\/h4>\n<p><span style=\"font-weight: 400\">Es importante desarrollar estrategias preventivas frente a la COVID-19, entre la<\/span><\/p>\n<p><span style=\"font-weight: 400\">s cuales el cuidado de la nutrici\u00f3n puede ser cr\u00edtico por sus efectos en el mantenimiento del sistema inmune. En este sentido la dieta mediterr\u00e1nea resulta eficaz en la prevenci\u00f3n y tratamiento de la COVID-19 <\/span><span style=\"font-weight: 400\">(Figura 3)<\/span><span style=\"font-weight: 400\"> por su elevado contenido en verduras, frutas, cereales integrales, frutos secos y aceite de oliva y tambi\u00e9n por su bajo contenido en grasas saturadas e hidrogenadas y az\u00facar.\u00a0<\/span><\/p>\n<p><span style=\"font-weight: 400\">Se debe controlar el perfil lip\u00eddico de la dieta; particularmente restringiendo los \u00e1cidos grasos saturados. El \u00e1cido oleico abundante en el aceite de oliva, debe ser el mayoritario en la dieta. Dentro de los \u00e1cidos grasos poliinsaturados los de la serie w-6, presentes en muchos aceites de semillas, tienen capacidad antimicrobiana, antiviral y antioxidante aunque presentan el inconveniente de ser pro-inflamatorios. Los \u00e1cidos grasos del pescado, mariscos y algas reducen la inflamaci\u00f3n y activan las c\u00e9lulas del sistema inmune. Entre los \u00e1cidos grasos w-3 destacan el eicosapentaenoico y el docosahexaenoico,\u00a0 por su efecto beneficioso frente a la COVID-19, incluyendo potencial para reducir d\u00edas de tratamiento, necesidad de ventiladores y tasa de mortalidad.<\/span><\/p>\n<p><span style=\"font-weight: 400\">La ingesta baja de prote\u00ednas aumenta el riesgo de infecci\u00f3n. Los pacientes con COVID-19 tienden a presentar desnutrici\u00f3n en el momento de la hospitalizaci\u00f3n; la inmovilizaci\u00f3n prolongada y respiraci\u00f3n asistida contribuyen a la p\u00e9rdida de masa muscular. Pero\u00a0 las dietas ricas en prote\u00ednas de origen animal se han asociado con efectos pro-inflamatorios; por el contrario, se atribuyen propiedades anti-inflamatorias a las prote\u00ednas de origen vegetal. Amino\u00e1cidos como la arginina o la glutamina mejoran la respuesta inmunitaria en la COVID-19.<\/span><\/p>\n<p><span style=\"font-weight: 400\">Los pacientes que padecen la COVID-19 suelen presentar deficiencia de micronutrientes (vitaminas y minerales). Sin embargo, se recomienda el uso de suplementos, solo en pacientes en los que se manifiestan deficiencias nutricionales. Adem\u00e1s, las dosis usadas no deben exceder los l\u00edmites recomendados, ya que, sobrepasarlos podr\u00eda resultar t\u00f3xico.<\/span><b>\u00a0<\/b><\/p>\n<p><span style=\"font-weight: 400\">Entre las vitaminas para el tratamiento de la COVID-19 destacan las vitaminas D y C. Los pacientes con COVID-19 suelen presentar d\u00e9ficit de la primera; se ha encontrado una relaci\u00f3n inversa entre los niveles de vitamina D y la mortalidad por COVID-19. Sin embargo, se carece de evidencia cient\u00edfica suficiente para recomendar el tratamiento en pacientes que no presentan d\u00e9ficit. En febrero de 2020 se public\u00f3 un estudio que proclamaba la efectividad de la vitamina C en el manejo de la neumon\u00eda grave secundaria a la COVID-19. As\u00ed se ha demostrado que el uso de dosis elevadas de vitamina C v\u00eda intravenosa tiene efecto protector en pacientes con s\u00edndrome de dificultad respiratoria aguda por sepsis, asoci\u00e1ndose a una r\u00e1pida resoluci\u00f3n de las lesiones pulmonares.\u00a0<\/span><\/p>\n<p><span style=\"font-weight: 400\">Entre los minerales de nuestra dieta implicados en la evoluci\u00f3n de la COVID-19 destaca el zinc. La deficiencia de este mineral se ha relacionado con una respuesta inmunitaria deficiente y un aumento de susceptibilidad frente a las infecciones y cuando los niveles son elevados se reduce la replicaci\u00f3n del SARS-COV-2. El zinc tiene inter\u00e9s tambi\u00e9n como terapia preventiva. La deficiencia de hierro se ha descrito en el 80% de pacientes con COVID-19. Esta deficiencia exacerba la respuesta pulmonar al estr\u00e9s, pero el exceso favorece la proliferaci\u00f3n de pat\u00f3genos, ya que el hierro regula el crecimiento y actividad de muchos microorganismos.\u00a0<\/span><\/p>\n<h4><span style=\"font-weight: 400\">Tambi\u00e9n se ha activado el estudio de los efectos sobre la respuesta inmunitaria de ciertos nutrac\u00e9uticos como el prop\u00f3leo de abeja, baya de sa\u00faco, algunas setas y el jengibre, as\u00ed como los efectos beneficiosos de los compuestos fen\u00f3licos, antioxidantes naturales. El resveratrol, presente en los ar\u00e1ndanos y uvas, disminuye la replicaci\u00f3n viral, siendo su principal inconveniente su baja biodisponibilidad. Las teoflavinas del t\u00e9 negro inhiben la infecci\u00f3n por coronavirus, debido a que\u00a0 bloquean los receptores del SARS-CoV-2.<\/span><\/h4>\n<h4><span style=\"font-weight: 400\">Se puede concluir que la nutrici\u00f3n es una herramienta sencilla y no invasiva de enorme inter\u00e9s en el manejo de la COVID-19, tanto a nivel preventivo como coadyuvante del tratamiento. Sin embargo, se necesitan m\u00e1s estudios cient\u00edficos que confirmen los prometedores resultados de los que se dispone en la actualidad.<\/span><\/h4>\n<p>&nbsp;<\/p>\n","protected":false},"excerpt":{"rendered":"<p>N\u00e9stor Ben\u00edtez Brito Mart\u00edn, Claudia Est\u00e9vez M\u00e9ndez, Carlos D\u00edaz Romero. Universidad de La Laguna. &nbsp; La nueva pandemia producida por el coronavirus SARS-CoV-2 irrumpi\u00f3 en 2019 de manera abrupta en la sociedad, originando una emergencia sanitaria a nivel mundial sin precedentes. La enfermedad, denominada COVID-19, presenta una baja mortalidad en relaci\u00f3n a otros coronavirus pero&#8230;<\/p>\n","protected":false},"author":56,"featured_media":14921,"comment_status":"closed","ping_status":"closed","sticky":false,"template":"","format":"standard","meta":{"inline_featured_image":false,"footnotes":""},"categories":[149,73],"tags":[],"acf":[],"yoast_head":"<!-- This site is optimized with the Yoast SEO plugin v21.3 - https:\/\/yoast.com\/wordpress\/plugins\/seo\/ -->\n<title>Nutrici\u00f3n y COVID-19 -<\/title>\n<meta name=\"robots\" content=\"index, follow, max-snippet:-1, max-image-preview:large, max-video-preview:-1\" \/>\n<link rel=\"canonical\" href=\"https:\/\/www.ull.es\/portal\/cienciaull\/nutricion-y-covid-19\/\" \/>\n<meta property=\"og:locale\" content=\"es_ES\" \/>\n<meta property=\"og:type\" content=\"article\" \/>\n<meta property=\"og:title\" content=\"Nutrici\u00f3n y COVID-19 -\" \/>\n<meta property=\"og:description\" content=\"N\u00e9stor Ben\u00edtez Brito Mart\u00edn, Claudia Est\u00e9vez M\u00e9ndez, Carlos D\u00edaz Romero. Universidad de La Laguna. &nbsp; La nueva pandemia producida por el coronavirus SARS-CoV-2 irrumpi\u00f3 en 2019 de manera abrupta en la sociedad, originando una emergencia sanitaria a nivel mundial sin precedentes. La enfermedad, denominada COVID-19, presenta una baja mortalidad en relaci\u00f3n a otros coronavirus pero...\" \/>\n<meta property=\"og:url\" content=\"https:\/\/www.ull.es\/portal\/cienciaull\/nutricion-y-covid-19\/\" \/>\n<meta property=\"article:publisher\" content=\"https:\/\/www.facebook.com\/CienciaULL\/\" \/>\n<meta property=\"article:published_time\" content=\"2021-12-20T13:48:44+00:00\" \/>\n<meta property=\"article:modified_time\" content=\"2022-01-11T13:46:31+00:00\" \/>\n<meta property=\"og:image\" content=\"https:\/\/www.ull.es\/portal\/cienciaull\/wp-content\/uploads\/sites\/24\/2021\/12\/image4.jpg\" \/>\n\t<meta property=\"og:image:width\" content=\"640\" \/>\n\t<meta property=\"og:image:height\" content=\"1136\" \/>\n\t<meta property=\"og:image:type\" content=\"image\/jpeg\" \/>\n<meta name=\"author\" content=\"gciencia\" \/>\n<meta name=\"twitter:card\" content=\"summary_large_image\" \/>\n<meta name=\"twitter:creator\" content=\"@CienciaULL\" \/>\n<meta name=\"twitter:site\" content=\"@CienciaULL\" \/>\n<meta name=\"twitter:label1\" content=\"Escrito por\" \/>\n\t<meta name=\"twitter:data1\" content=\"gciencia\" \/>\n\t<meta name=\"twitter:label2\" content=\"Tiempo de lectura\" \/>\n\t<meta name=\"twitter:data2\" content=\"5 minutos\" \/>\n<script type=\"application\/ld+json\" class=\"yoast-schema-graph\">{\"@context\":\"https:\/\/schema.org\",\"@graph\":[{\"@type\":\"WebPage\",\"@id\":\"https:\/\/www.ull.es\/portal\/cienciaull\/nutricion-y-covid-19\/\",\"url\":\"https:\/\/www.ull.es\/portal\/cienciaull\/nutricion-y-covid-19\/\",\"name\":\"Nutrici\u00f3n y COVID-19 -\",\"isPartOf\":{\"@id\":\"https:\/\/www.ull.es\/portal\/cienciaull\/#website\"},\"datePublished\":\"2021-12-20T13:48:44+00:00\",\"dateModified\":\"2022-01-11T13:46:31+00:00\",\"author\":{\"@id\":\"https:\/\/www.ull.es\/portal\/cienciaull\/#\/schema\/person\/aabbacf6b92db986f847d315495c9699\"},\"breadcrumb\":{\"@id\":\"https:\/\/www.ull.es\/portal\/cienciaull\/nutricion-y-covid-19\/#breadcrumb\"},\"inLanguage\":\"es\",\"potentialAction\":[{\"@type\":\"ReadAction\",\"target\":[\"https:\/\/www.ull.es\/portal\/cienciaull\/nutricion-y-covid-19\/\"]}]},{\"@type\":\"BreadcrumbList\",\"@id\":\"https:\/\/www.ull.es\/portal\/cienciaull\/nutricion-y-covid-19\/#breadcrumb\",\"itemListElement\":[{\"@type\":\"ListItem\",\"position\":1,\"name\":\"Portada\",\"item\":\"https:\/\/www.ull.es\/portal\/cienciaull\/\"},{\"@type\":\"ListItem\",\"position\":2,\"name\":\"Nutrici\u00f3n y COVID-19\"}]},{\"@type\":\"WebSite\",\"@id\":\"https:\/\/www.ull.es\/portal\/cienciaull\/#website\",\"url\":\"https:\/\/www.ull.es\/portal\/cienciaull\/\",\"name\":\"\",\"description\":\"Unidad de Cultura Cient\u00edfica y de la Innovaci\u00f3n de la Universidad de La Laguna\",\"potentialAction\":[{\"@type\":\"SearchAction\",\"target\":{\"@type\":\"EntryPoint\",\"urlTemplate\":\"https:\/\/www.ull.es\/portal\/cienciaull\/?s={search_term_string}\"},\"query-input\":\"required name=search_term_string\"}],\"inLanguage\":\"es\"},{\"@type\":\"Person\",\"@id\":\"https:\/\/www.ull.es\/portal\/cienciaull\/#\/schema\/person\/aabbacf6b92db986f847d315495c9699\",\"name\":\"gciencia\",\"image\":{\"@type\":\"ImageObject\",\"inLanguage\":\"es\",\"@id\":\"https:\/\/www.ull.es\/portal\/cienciaull\/#\/schema\/person\/image\/\",\"url\":\"https:\/\/secure.gravatar.com\/avatar\/72ccd1b1a4ea47e7b66bc7cc6944b4e5?s=96&d=mm&r=g\",\"contentUrl\":\"https:\/\/secure.gravatar.com\/avatar\/72ccd1b1a4ea47e7b66bc7cc6944b4e5?s=96&d=mm&r=g\",\"caption\":\"gciencia\"},\"url\":\"https:\/\/www.ull.es\/portal\/cienciaull\/author\/gciencia\/\"}]}<\/script>\n<!-- \/ Yoast SEO plugin. -->","yoast_head_json":{"title":"Nutrici\u00f3n y COVID-19 -","robots":{"index":"index","follow":"follow","max-snippet":"max-snippet:-1","max-image-preview":"max-image-preview:large","max-video-preview":"max-video-preview:-1"},"canonical":"https:\/\/www.ull.es\/portal\/cienciaull\/nutricion-y-covid-19\/","og_locale":"es_ES","og_type":"article","og_title":"Nutrici\u00f3n y COVID-19 -","og_description":"N\u00e9stor Ben\u00edtez Brito Mart\u00edn, Claudia Est\u00e9vez M\u00e9ndez, Carlos D\u00edaz Romero. Universidad de La Laguna. &nbsp; La nueva pandemia producida por el coronavirus SARS-CoV-2 irrumpi\u00f3 en 2019 de manera abrupta en la sociedad, originando una emergencia sanitaria a nivel mundial sin precedentes. La enfermedad, denominada COVID-19, presenta una baja mortalidad en relaci\u00f3n a otros coronavirus pero...","og_url":"https:\/\/www.ull.es\/portal\/cienciaull\/nutricion-y-covid-19\/","article_publisher":"https:\/\/www.facebook.com\/CienciaULL\/","article_published_time":"2021-12-20T13:48:44+00:00","article_modified_time":"2022-01-11T13:46:31+00:00","og_image":[{"width":640,"height":1136,"url":"https:\/\/www.ull.es\/portal\/cienciaull\/wp-content\/uploads\/sites\/24\/2021\/12\/image4.jpg","type":"image\/jpeg"}],"author":"gciencia","twitter_card":"summary_large_image","twitter_creator":"@CienciaULL","twitter_site":"@CienciaULL","twitter_misc":{"Escrito por":"gciencia","Tiempo de lectura":"5 minutos"},"schema":{"@context":"https:\/\/schema.org","@graph":[{"@type":"WebPage","@id":"https:\/\/www.ull.es\/portal\/cienciaull\/nutricion-y-covid-19\/","url":"https:\/\/www.ull.es\/portal\/cienciaull\/nutricion-y-covid-19\/","name":"Nutrici\u00f3n y COVID-19 -","isPartOf":{"@id":"https:\/\/www.ull.es\/portal\/cienciaull\/#website"},"datePublished":"2021-12-20T13:48:44+00:00","dateModified":"2022-01-11T13:46:31+00:00","author":{"@id":"https:\/\/www.ull.es\/portal\/cienciaull\/#\/schema\/person\/aabbacf6b92db986f847d315495c9699"},"breadcrumb":{"@id":"https:\/\/www.ull.es\/portal\/cienciaull\/nutricion-y-covid-19\/#breadcrumb"},"inLanguage":"es","potentialAction":[{"@type":"ReadAction","target":["https:\/\/www.ull.es\/portal\/cienciaull\/nutricion-y-covid-19\/"]}]},{"@type":"BreadcrumbList","@id":"https:\/\/www.ull.es\/portal\/cienciaull\/nutricion-y-covid-19\/#breadcrumb","itemListElement":[{"@type":"ListItem","position":1,"name":"Portada","item":"https:\/\/www.ull.es\/portal\/cienciaull\/"},{"@type":"ListItem","position":2,"name":"Nutrici\u00f3n y COVID-19"}]},{"@type":"WebSite","@id":"https:\/\/www.ull.es\/portal\/cienciaull\/#website","url":"https:\/\/www.ull.es\/portal\/cienciaull\/","name":"","description":"Unidad de Cultura Cient\u00edfica y de la Innovaci\u00f3n de la Universidad de La Laguna","potentialAction":[{"@type":"SearchAction","target":{"@type":"EntryPoint","urlTemplate":"https:\/\/www.ull.es\/portal\/cienciaull\/?s={search_term_string}"},"query-input":"required name=search_term_string"}],"inLanguage":"es"},{"@type":"Person","@id":"https:\/\/www.ull.es\/portal\/cienciaull\/#\/schema\/person\/aabbacf6b92db986f847d315495c9699","name":"gciencia","image":{"@type":"ImageObject","inLanguage":"es","@id":"https:\/\/www.ull.es\/portal\/cienciaull\/#\/schema\/person\/image\/","url":"https:\/\/secure.gravatar.com\/avatar\/72ccd1b1a4ea47e7b66bc7cc6944b4e5?s=96&d=mm&r=g","contentUrl":"https:\/\/secure.gravatar.com\/avatar\/72ccd1b1a4ea47e7b66bc7cc6944b4e5?s=96&d=mm&r=g","caption":"gciencia"},"url":"https:\/\/www.ull.es\/portal\/cienciaull\/author\/gciencia\/"}]}},"_links":{"self":[{"href":"https:\/\/www.ull.es\/portal\/cienciaull\/wp-json\/wp\/v2\/posts\/14554"}],"collection":[{"href":"https:\/\/www.ull.es\/portal\/cienciaull\/wp-json\/wp\/v2\/posts"}],"about":[{"href":"https:\/\/www.ull.es\/portal\/cienciaull\/wp-json\/wp\/v2\/types\/post"}],"author":[{"embeddable":true,"href":"https:\/\/www.ull.es\/portal\/cienciaull\/wp-json\/wp\/v2\/users\/56"}],"replies":[{"embeddable":true,"href":"https:\/\/www.ull.es\/portal\/cienciaull\/wp-json\/wp\/v2\/comments?post=14554"}],"version-history":[{"count":2,"href":"https:\/\/www.ull.es\/portal\/cienciaull\/wp-json\/wp\/v2\/posts\/14554\/revisions"}],"predecessor-version":[{"id":14922,"href":"https:\/\/www.ull.es\/portal\/cienciaull\/wp-json\/wp\/v2\/posts\/14554\/revisions\/14922"}],"wp:featuredmedia":[{"embeddable":true,"href":"https:\/\/www.ull.es\/portal\/cienciaull\/wp-json\/wp\/v2\/media\/14921"}],"wp:attachment":[{"href":"https:\/\/www.ull.es\/portal\/cienciaull\/wp-json\/wp\/v2\/media?parent=14554"}],"wp:term":[{"taxonomy":"category","embeddable":true,"href":"https:\/\/www.ull.es\/portal\/cienciaull\/wp-json\/wp\/v2\/categories?post=14554"},{"taxonomy":"post_tag","embeddable":true,"href":"https:\/\/www.ull.es\/portal\/cienciaull\/wp-json\/wp\/v2\/tags?post=14554"}],"curies":[{"name":"wp","href":"https:\/\/api.w.org\/{rel}","templated":true}]}}