{"id":43785,"date":"2025-09-19T12:23:26","date_gmt":"2025-09-19T12:23:26","guid":{"rendered":"https:\/\/www.ull.es\/portal\/hipotesis\/?p=43785"},"modified":"2025-10-09T12:07:33","modified_gmt":"2025-10-09T12:07:33","slug":"el-tinte-purpura-de-canarias","status":"publish","type":"post","link":"https:\/\/www.ull.es\/portal\/hipotesis\/el-tinte-purpura-de-canarias\/","title":{"rendered":"El tinte p\u00farpura de Canarias"},"content":{"rendered":"\t\t<div data-elementor-type=\"wp-post\" data-elementor-id=\"43785\" class=\"elementor elementor-43785\">\n\t\t\t\t\t\t\t\t\t<section class=\"elementor-section elementor-top-section elementor-element elementor-element-e5e108d elementor-section-boxed elementor-section-height-default elementor-section-height-default\" data-id=\"e5e108d\" data-element_type=\"section\">\n\t\t\t\t\t\t<div class=\"elementor-container elementor-column-gap-default\">\n\t\t\t\t\t<div class=\"elementor-column elementor-col-100 elementor-top-column elementor-element elementor-element-7aac84d\" data-id=\"7aac84d\" data-element_type=\"column\">\n\t\t\t<div class=\"elementor-widget-wrap elementor-element-populated\">\n\t\t\t\t\t\t\t\t<div class=\"elementor-element elementor-element-8e2472f elementor-widget elementor-widget-image\" data-id=\"8e2472f\" data-element_type=\"widget\" data-widget_type=\"image.default\">\n\t\t\t\t<div class=\"elementor-widget-container\">\n\t\t\t<style>\/*! elementor - v3.9.2 - 21-12-2022 *\/\n.elementor-widget-image{text-align:center}.elementor-widget-image a{display:inline-block}.elementor-widget-image a img[src$=\".svg\"]{width:48px}.elementor-widget-image img{vertical-align:middle;display:inline-block}<\/style>\t\t\t\t\t\t\t\t\t\t\t\t<img decoding=\"async\" loading=\"lazy\" width=\"1600\" height=\"592\" src=\"https:\/\/www.ull.es\/portal\/hipotesis\/wp-content\/uploads\/sites\/62\/2025\/10\/hipotesis_2.0_bn_fc.jpg\" class=\"attachment-full size-full wp-image-43809\" alt=\"\" srcset=\"https:\/\/www.ull.es\/portal\/hipotesis\/wp-content\/uploads\/sites\/62\/2025\/10\/hipotesis_2.0_bn_fc.jpg 1600w, https:\/\/www.ull.es\/portal\/hipotesis\/wp-content\/uploads\/sites\/62\/2025\/10\/hipotesis_2.0_bn_fc-300x111.jpg 300w, https:\/\/www.ull.es\/portal\/hipotesis\/wp-content\/uploads\/sites\/62\/2025\/10\/hipotesis_2.0_bn_fc-1024x379.jpg 1024w, https:\/\/www.ull.es\/portal\/hipotesis\/wp-content\/uploads\/sites\/62\/2025\/10\/hipotesis_2.0_bn_fc-768x284.jpg 768w, https:\/\/www.ull.es\/portal\/hipotesis\/wp-content\/uploads\/sites\/62\/2025\/10\/hipotesis_2.0_bn_fc-1536x568.jpg 1536w, https:\/\/www.ull.es\/portal\/hipotesis\/wp-content\/uploads\/sites\/62\/2025\/10\/hipotesis_2.0_bn_fc-375x139.jpg 375w, https:\/\/www.ull.es\/portal\/hipotesis\/wp-content\/uploads\/sites\/62\/2025\/10\/hipotesis_2.0_bn_fc-750x278.jpg 750w, https:\/\/www.ull.es\/portal\/hipotesis\/wp-content\/uploads\/sites\/62\/2025\/10\/hipotesis_2.0_bn_fc-1140x422.jpg 1140w\" sizes=\"(max-width: 1600px) 100vw, 1600px\" \/>\t\t\t\t\t\t\t\t\t\t\t\t\t\t\t<\/div>\n\t\t\t\t<\/div>\n\t\t\t\t<div class=\"elementor-element elementor-element-9783bf2 elementor-widget-divider--view-line elementor-widget elementor-widget-divider\" data-id=\"9783bf2\" data-element_type=\"widget\" data-widget_type=\"divider.default\">\n\t\t\t\t<div class=\"elementor-widget-container\">\n\t\t\t<style>\/*! elementor - v3.9.2 - 21-12-2022 *\/\n.elementor-widget-divider{--divider-border-style:none;--divider-border-width:1px;--divider-color:#2c2c2c;--divider-icon-size:20px;--divider-element-spacing:10px;--divider-pattern-height:24px;--divider-pattern-size:20px;--divider-pattern-url:none;--divider-pattern-repeat:repeat-x}.elementor-widget-divider .elementor-divider{display:flex}.elementor-widget-divider .elementor-divider__text{font-size:15px;line-height:1;max-width:95%}.elementor-widget-divider .elementor-divider__element{margin:0 var(--divider-element-spacing);flex-shrink:0}.elementor-widget-divider .elementor-icon{font-size:var(--divider-icon-size)}.elementor-widget-divider .elementor-divider-separator{display:flex;margin:0;direction:ltr}.elementor-widget-divider--view-line_icon .elementor-divider-separator,.elementor-widget-divider--view-line_text .elementor-divider-separator{align-items:center}.elementor-widget-divider--view-line_icon .elementor-divider-separator:after,.elementor-widget-divider--view-line_icon .elementor-divider-separator:before,.elementor-widget-divider--view-line_text .elementor-divider-separator:after,.elementor-widget-divider--view-line_text .elementor-divider-separator:before{display:block;content:\"\";border-bottom:0;flex-grow:1;border-top:var(--divider-border-width) var(--divider-border-style) var(--divider-color)}.elementor-widget-divider--element-align-left .elementor-divider .elementor-divider-separator>.elementor-divider__svg:first-of-type{flex-grow:0;flex-shrink:100}.elementor-widget-divider--element-align-left .elementor-divider-separator:before{content:none}.elementor-widget-divider--element-align-left .elementor-divider__element{margin-left:0}.elementor-widget-divider--element-align-right .elementor-divider .elementor-divider-separator>.elementor-divider__svg:last-of-type{flex-grow:0;flex-shrink:100}.elementor-widget-divider--element-align-right .elementor-divider-separator:after{content:none}.elementor-widget-divider--element-align-right .elementor-divider__element{margin-right:0}.elementor-widget-divider:not(.elementor-widget-divider--view-line_text):not(.elementor-widget-divider--view-line_icon) .elementor-divider-separator{border-top:var(--divider-border-width) var(--divider-border-style) var(--divider-color)}.elementor-widget-divider--separator-type-pattern{--divider-border-style:none}.elementor-widget-divider--separator-type-pattern.elementor-widget-divider--view-line .elementor-divider-separator,.elementor-widget-divider--separator-type-pattern:not(.elementor-widget-divider--view-line) .elementor-divider-separator:after,.elementor-widget-divider--separator-type-pattern:not(.elementor-widget-divider--view-line) .elementor-divider-separator:before,.elementor-widget-divider--separator-type-pattern:not([class*=elementor-widget-divider--view]) .elementor-divider-separator{width:100%;min-height:var(--divider-pattern-height);-webkit-mask-size:var(--divider-pattern-size) 100%;mask-size:var(--divider-pattern-size) 100%;-webkit-mask-repeat:var(--divider-pattern-repeat);mask-repeat:var(--divider-pattern-repeat);background-color:var(--divider-color);-webkit-mask-image:var(--divider-pattern-url);mask-image:var(--divider-pattern-url)}.elementor-widget-divider--no-spacing{--divider-pattern-size:auto}.elementor-widget-divider--bg-round{--divider-pattern-repeat:round}.rtl .elementor-widget-divider .elementor-divider__text{direction:rtl}.e-con-inner>.elementor-widget-divider,.e-con>.elementor-widget-divider{width:var(--container-widget-width);--flex-grow:var(--container-widget-flex-grow)}<\/style>\t\t<div class=\"elementor-divider\">\n\t\t\t<span class=\"elementor-divider-separator\">\n\t\t\t\t\t\t<\/span>\n\t\t<\/div>\n\t\t\t\t<\/div>\n\t\t\t\t<\/div>\n\t\t\t\t\t<\/div>\n\t\t<\/div>\n\t\t\t\t\t\t\t<\/div>\n\t\t<\/section>\n\t\t\t\t<section class=\"elementor-section elementor-top-section elementor-element elementor-element-49810a0 elementor-section-boxed elementor-section-height-default elementor-section-height-default\" data-id=\"49810a0\" data-element_type=\"section\">\n\t\t\t\t\t\t<div class=\"elementor-container elementor-column-gap-default\">\n\t\t\t\t\t<div class=\"elementor-column elementor-col-100 elementor-top-column elementor-element elementor-element-1c65da8\" data-id=\"1c65da8\" data-element_type=\"column\">\n\t\t\t<div class=\"elementor-widget-wrap elementor-element-populated\">\n\t\t\t\t\t\t\t\t<div class=\"elementor-element elementor-element-5c53765 elementor-widget elementor-widget-text-editor\" data-id=\"5c53765\" data-element_type=\"widget\" data-widget_type=\"text-editor.default\">\n\t\t\t\t<div class=\"elementor-widget-container\">\n\t\t\t<style>\/*! elementor - v3.9.2 - 21-12-2022 *\/\n.elementor-widget-text-editor.elementor-drop-cap-view-stacked .elementor-drop-cap{background-color:#818a91;color:#fff}.elementor-widget-text-editor.elementor-drop-cap-view-framed .elementor-drop-cap{color:#818a91;border:3px solid;background-color:transparent}.elementor-widget-text-editor:not(.elementor-drop-cap-view-default) .elementor-drop-cap{margin-top:8px}.elementor-widget-text-editor:not(.elementor-drop-cap-view-default) .elementor-drop-cap-letter{width:1em;height:1em}.elementor-widget-text-editor .elementor-drop-cap{float:left;text-align:center;line-height:1;font-size:50px}.elementor-widget-text-editor .elementor-drop-cap-letter{display:inline-block}<\/style>\t\t\t\t<h1><strong>El tinte p\u00farpura de Canarias\u00a0<\/strong><\/h1><h1><span style=\"color: #e4cac8;font-family: ArgentumSans, sans-serif;font-size: 16px\">\u00a0 <a href=\"https:\/\/www.ull.es\/portal\/hipotesis\/wp-content\/uploads\/sites\/62\/2025\/09\/image-13.jpg\" target=\"_blank\" rel=\"noopener\"><img decoding=\"async\" loading=\"lazy\" class=\"alignnone  wp-image-43786\" src=\"https:\/\/www.ull.es\/portal\/hipotesis\/wp-content\/uploads\/sites\/62\/2025\/09\/image-13-225x300.jpg\" alt=\"\" width=\"324\" height=\"432\" srcset=\"https:\/\/www.ull.es\/portal\/hipotesis\/wp-content\/uploads\/sites\/62\/2025\/09\/image-13-225x300.jpg 225w, https:\/\/www.ull.es\/portal\/hipotesis\/wp-content\/uploads\/sites\/62\/2025\/09\/image-13-375x500.jpg 375w, https:\/\/www.ull.es\/portal\/hipotesis\/wp-content\/uploads\/sites\/62\/2025\/09\/image-13.jpg 720w\" sizes=\"(max-width: 324px) 100vw, 324px\" \/><\/a>\u00a0 \u00a0<\/span><\/h1><h1><span style=\"color: #e4cac8;font-family: ArgentumSans, sans-serif;font-size: 16px\">5 de julio de 2025<\/span><\/h1><div style=\"font-family: ArgentumSans, sans-serif\"><div style=\"width: 325px\"><div style=\"margin-bottom: 13.5px;line-height: 32px\"><p><a style=\"float: left;cursor: pointer;line-height: 16px;padding: 0px 2px\" href=\"https:\/\/www.ull.es\/#facebook\" target=\"_blank\" rel=\"nofollow noopener\" target=\"_blank\" rel=\"noopener\"><span style=\"overflow: hidden;height: 1px;width: 1px;position: absolute !important\">Facebook<\/span><\/a><a style=\"float: left;cursor: pointer;line-height: 16px;padding: 0px 2px\" href=\"https:\/\/www.ull.es\/#x\" target=\"_blank\" rel=\"nofollow noopener\" target=\"_blank\" rel=\"noopener\"><span style=\"overflow: hidden;height: 1px;width: 1px;position: absolute !important\">X<\/span><\/a><a style=\"float: left;cursor: pointer;line-height: 16px;padding: 0px 2px\" href=\"https:\/\/www.ull.es\/#whatsapp\" target=\"_blank\" rel=\"nofollow noopener\" target=\"_blank\" rel=\"noopener\"><span style=\"overflow: hidden;height: 1px;width: 1px;position: absolute !important\">WhatsApp<\/span><\/a><a style=\"float: left;cursor: pointer;line-height: 16px;padding: 0px 2px\" href=\"https:\/\/www.ull.es\/#copy_link\" target=\"_blank\" rel=\"nofollow noopener\" target=\"_blank\" rel=\"noopener\"><span style=\"overflow: hidden;height: 1px;width: 1px;position: absolute !important\">Copy <\/span><\/a><a style=\"float: left;cursor: pointer;line-height: 16px;padding: 0px 2px\" href=\"https:\/\/www.ull.es\/#copy_link\" target=\"_blank\" rel=\"nofollow noopener\" target=\"_blank\" rel=\"noopener\"><span style=\"overflow: hidden;height: 1px;width: 1px;position: absolute !important\">k<\/span><\/a><\/p><\/div><\/div><\/div><div style=\"margin-top: 20px\"><div style=\"color: #192d4f;font-family: ArgentumSans, sans-serif;background: #e4cac8;padding: 2px 8px;font-size: 11px;overflow: hidden\">\u00a0<\/div><\/div><p><span style=\"font-weight: 400\">Las Islas Canarias, adem\u00e1s de su valioso entorno natural y su clima suave, han sido desde la antig\u00fcedad una fuente clave de recursos. Sin embargo, algo que quiz\u00e1s muchos de nosotros a\u00fan desconocemos es que tambi\u00e9n fueron de gran importancia para la obtenci\u00f3n de uno de los colores m\u00e1s valiosos del pasado, la p\u00farpura. Este pigmento se extra\u00eda principalmente de moluscos gaster\u00f3podos marinos, como el conocido <\/span><i><span style=\"font-weight: 400\">Murex <\/span><\/i><span style=\"font-weight: 400\">y la <\/span><i><span style=\"font-weight: 400\">Stramonita haemastoma<\/span><\/i><span style=\"font-weight: 400\">. Esta actividad comercial fue lo que convirti\u00f3 a este archipi\u00e9lago en un lugar de gran relevancia para la producci\u00f3n de tintes, llevando a conocerlo tradicionalmente por historiadores Canarios como las <\/span><i><span style=\"font-weight: 400\">\u201cIslas Purpurarias\u201d\u00a0<\/span><\/i><\/p><p><span style=\"font-weight: 400\">La p\u00farpura, un color desarrollado por los fenicios, <\/span><span style=\"font-weight: 400\">una de las civilizaciones m\u00e1s importantes y desarrolladas de la antig\u00fcedad orientada al comercio, fue al mismo tiempo el producto m\u00e1s significativo de estos. Adem\u00e1s, <\/span><span style=\"font-weight: 400\">fue considerada s\u00edmbolo de estatus social, poder y riqueza, reservada \u00fanicamente para la alta nobleza: emperadores, reyes y papas. Este pigmento tan anhelado fue mencionado por numerosos escritores de la \u00e9poca imperial, en el primer vestido te\u00f1ido de p\u00farpura de Roma, en los sof\u00e1s de telas te\u00f1idos de Cleopatra, y en las t\u00fanicas de los caballeros, reflejando lo preciado que era este pigmento para la nobleza como s\u00edmbolo de alta categor\u00eda.\u00a0<\/span><\/p><p><span style=\"font-weight: 400\">Por otro lado, podemos asegurar que Canarias fue una tierra pisada por poblaciones de las antiguas civilizaciones romanas y fenicias. Seg\u00fan la teor\u00eda m\u00e1s aceptada por diversos historiadores, basada en los escritos del autor romano Plinio el Viejo, quien hace menci\u00f3n de las islas donde se asentaron las industrias del te\u00f1ido de la p\u00farpura, las denominadas Islas Purpurarias inclu\u00edan principalmente Fuerteventura, Lanzarote y los islotes mayores. La fama e importancia de estas islas eran conocidas en el Mediterr\u00e1neo gracias a las exportaciones y comercializaci\u00f3n desarrolladas en ellas por parte de los fenicios. Fue en estos territorios donde se establecieron las numerosas industrias dedicadas al te\u00f1ido de la p\u00farpura, gracias a su abundancia de especies de moluscos en sus costas y su ubicaci\u00f3n en el Atl\u00e1ntico que facilitaba el intercambio comercial con zonas del Mediterr\u00e1neo y tambi\u00e9n de \u00c1frica.\u00a0<\/span><\/p><p><span style=\"font-weight: 400\">Para la obtenci\u00f3n de este valioso color era necesario una serie de procesos bastante complicados. El tinte no estaba presente en el molusco vivo, sino que consist\u00eda en extraer un l\u00edquido de la gl\u00e1ndula mucosa de los moluscos, el <\/span><i><span style=\"font-weight: 400\">Murex <\/span><\/i><span style=\"font-weight: 400\">segregaba un l\u00edquido de color blanquecino, viscoso, denso y de olor desagradable. Estos l\u00edquidos necesitaban ser tratados convenientemente con la acci\u00f3n del ox\u00edgeno del aire y la luz lo que daba lugar a etapas sucesivas de coloraciones amarilla, azul, verde y finalmente un pigmento p\u00farpura entre rojo y violeta. Cuando se recolectaban suficientes gl\u00e1ndulas, se les a\u00f1ad\u00eda agua de mar y se coc\u00edan durante unos d\u00edas. El tinte formado, aplicado naturalmente, era uno de los m\u00e1s resistentes y estables que exist\u00eda en la naturaleza; de all\u00ed su origen como s\u00edmbolo de estatus social.\u00a0<\/span><\/p><p><span style=\"font-weight: 400\">Sin embargo, de cada uno de los moluscos solo se consegu\u00edan unas pocas gotas de tinte, en el caso del <\/span><i><span style=\"font-weight: 400\">Murex<\/span><\/i><span style=\"font-weight: 400\">, para obtener 1,4 g de tinte, eran necesarios 12.000 de ellos, que apenas llegaba a cubrir el palmo de una manga y mucho menos una t\u00fanica, haciendo necesaria la gran recolecci\u00f3n de estos, lo cual era laboriosa, ya que estos se encontraban a m\u00e1s de 20 metros de profundidad. Es por eso que el precio de estas telas era muy elevado, estando incluso ma\u0301s valorado que el oro.<\/span><\/p><p><span style=\"font-weight: 400\">Al mismo tiempo, esto nos lleva a la consideraci\u00f3n de que los productos naturales de Canarias, han sido explotados desde la antig\u00fcedad con el prop\u00f3sito de producir tintes. Aunque posteriormente, se supo que los fenicios y los romanos llegaron a utilizar otros pigmentos generados a partir de un producto tint\u00f3reo m\u00e1s abundante, con la finalidad de suplir la carencia. Se trataba de una especie de liquen llamado la orchilla, que tambi\u00e9n generaban un color purp\u00fareo, aunque no de tanta calidad, pero lo suficientemente bello como para disminuir la escasez del pigmento extra\u00eddo de los moluscos.\u00a0<\/span><\/p><p><span style=\"font-weight: 400\">Cabe destacar que hoy en d\u00eda a\u00fan nos podemos encontrar con restos de aquellas antiguas industrias tint\u00f3reas en este archipi\u00e9lago, como el yacimiento Lobos 1 que fue descubierto hace algunos a\u00f1os en el islote de Lobos (Fuerteventura), el cual se trataba de un posible taller romano de p\u00farpura, cuya existencia se fue demostrando a partir de los numerosos concheros que se iban descubriendo, junto a grandes cantidades de la especie <\/span><i><span style=\"font-weight: 400\">Stramonita haemastoma<\/span><\/i><span style=\"font-weight: 400\">, con m\u00e1s de 66.000 ejemplares individualizados, sedimentos tintados, restos de plomo con colorante y huellas de termo alteraci\u00f3n que posiblemente est\u00e9n relacionadas con el procesado de los moluscos.\u00a0<\/span><\/p><p><span style=\"font-weight: 400\">Adem\u00e1s, se encontraron otros materiales de manufactura romana, como \u00e1nforas y recipientes de cer\u00e1mica, entre otros. Este hallazgo se convirti\u00f3 en el primer yacimiento de la \u00e9poca romana de gran importancia en Canarias y, al mismo tiempo, en uno de los talleres de te\u00f1ido de p\u00farpura mejor conocidos en el \u00e1mbito atl\u00e1ntico-mediterr\u00e1neo.\u00a0<\/span><\/p><p><span style=\"font-weight: 400\">A trav\u00e9s de este art\u00edculo se ha pretendido dar a conocer un aspecto poco difundido del pasado de las Islas Canarias, uno m\u00e1s entre los muchos que han existido y que seguir\u00e1n descubri\u00e9ndose en un futuro. Una historia que puede resultar bastante sorprendente cuando uno la escucha por primera vez y que relaciona a las antiguas civilizaciones romanas y fenicias con los tintes naturales del archipi\u00e9lago, entre ellos la p\u00farpura, elaborados a partir de las especies que habitaban en los ecosistemas de estas islas. Tintes que fueron utilizados en el comercio y en el te\u00f1ido de telas que probablemente fueron destinadas a emperadores y reyes a lo largo de la historia.<\/span><\/p><div style=\"margin-top: 20px\"><p style=\"color: #3d3d3d;font-family: ArgentumSans, sans-serif\"><strong>Autora: Yawei Chen. IES Corralejo<\/strong><\/p><\/div><hr style=\"margin-top: 27px;margin-bottom: 27px;color: #3d3d3d;font-family: ArgentumSans, sans-serif;background-color: #ffffff\" \/><p style=\"font-family: ArgentumSans, sans-serif\"><strong><span style=\"color: #2c284d\">Archivado en<\/span>: <\/strong><a href=\"https:\/\/www.ull.es\/portal\/hipotesis\/revista-hipotesis\/\" target=\"_blank\" rel=\"noopener\">Revista Hip\u00f3tesis<\/a><br \/><strong><span style=\"color: #2c284d\">Etiquetas:<\/span><\/strong><span style=\"color: #2c284d\">\u00a0<a href=\"https:\/\/www.ull.es\/portal\/hipotesis\/art\u00edculo\/\" target=\"_blank\" rel=\"noopener\">Art\u00edculo<\/a>, <a href=\"https:\/\/www.ull.es\/portal\/hipotesis\/hipotesis\/\" target=\"_blank\" rel=\"noopener\">Hip\u00f3tesis<\/a><a href=\"https:\/\/www.ull.es\/portal\/hipotesis\/isabel-varela-nieto\/\" target=\"_blank\" rel=\"noopener\">,<\/a> <a href=\"https:\/\/www.ull.es\/portal\/hipotesis\/universidad-de-la-laguna\/\" target=\"_blank\" rel=\"noopener\">Universidad de La Laguna\u00a0<\/a><\/span><\/p>\t\t\t\t\t\t<\/div>\n\t\t\t\t<\/div>\n\t\t\t\t\t<\/div>\n\t\t<\/div>\n\t\t\t\t\t\t\t<\/div>\n\t\t<\/section>\n\t\t\t\t<section class=\"elementor-section elementor-top-section elementor-element elementor-element-096eac8 elementor-section-boxed elementor-section-height-default elementor-section-height-default\" data-id=\"096eac8\" data-element_type=\"section\">\n\t\t\t\t\t\t<div class=\"elementor-container elementor-column-gap-default\">\n\t\t\t\t\t<div class=\"elementor-column elementor-col-100 elementor-top-column elementor-element elementor-element-30b499e\" data-id=\"30b499e\" data-element_type=\"column\">\n\t\t\t<div class=\"elementor-widget-wrap elementor-element-populated\">\n\t\t\t\t\t\t\t\t<div class=\"elementor-element elementor-element-5ef5f89 elementor-widget elementor-widget-image\" data-id=\"5ef5f89\" data-element_type=\"widget\" data-widget_type=\"image.default\">\n\t\t\t\t<div class=\"elementor-widget-container\">\n\t\t\t\t\t\t\t\t\t\t\t\t\t\t\t<img decoding=\"async\" loading=\"lazy\" width=\"1500\" height=\"106\" src=\"https:\/\/www.ull.es\/portal\/hipotesis\/wp-content\/uploads\/sites\/62\/2024\/06\/Footer-Logos-Hipotesis-1.png\" class=\"attachment-full size-full wp-image-30475\" alt=\"\" srcset=\"https:\/\/www.ull.es\/portal\/hipotesis\/wp-content\/uploads\/sites\/62\/2024\/06\/Footer-Logos-Hipotesis-1.png 1500w, https:\/\/www.ull.es\/portal\/hipotesis\/wp-content\/uploads\/sites\/62\/2024\/06\/Footer-Logos-Hipotesis-1-300x21.png 300w, https:\/\/www.ull.es\/portal\/hipotesis\/wp-content\/uploads\/sites\/62\/2024\/06\/Footer-Logos-Hipotesis-1-1024x72.png 1024w, https:\/\/www.ull.es\/portal\/hipotesis\/wp-content\/uploads\/sites\/62\/2024\/06\/Footer-Logos-Hipotesis-1-768x54.png 768w, https:\/\/www.ull.es\/portal\/hipotesis\/wp-content\/uploads\/sites\/62\/2024\/06\/Footer-Logos-Hipotesis-1-375x27.png 375w, https:\/\/www.ull.es\/portal\/hipotesis\/wp-content\/uploads\/sites\/62\/2024\/06\/Footer-Logos-Hipotesis-1-750x53.png 750w, https:\/\/www.ull.es\/portal\/hipotesis\/wp-content\/uploads\/sites\/62\/2024\/06\/Footer-Logos-Hipotesis-1-1140x81.png 1140w\" sizes=\"(max-width: 1500px) 100vw, 1500px\" \/>\t\t\t\t\t\t\t\t\t\t\t\t\t\t\t<\/div>\n\t\t\t\t<\/div>\n\t\t\t\t\t<\/div>\n\t\t<\/div>\n\t\t\t\t\t\t\t<\/div>\n\t\t<\/section>\n\t\t\t\t\t\t\t<\/div>\n\t\t","protected":false},"excerpt":{"rendered":"<p>El tinte p\u00farpura de Canarias\u00a0 \u00a0 \u00a0 \u00a0 5 de julio de 2025 FacebookXWhatsAppCopy k \u00a0 Las Islas Canarias, adem\u00e1s de su valioso entorno natural y su clima suave, han sido desde la antig\u00fcedad una fuente clave de recursos. Sin embargo, algo que quiz\u00e1s muchos de nosotros a\u00fan desconocemos es que tambi\u00e9n fueron de gran&#8230;<\/p>\n","protected":false},"author":111,"featured_media":43786,"comment_status":"open","ping_status":"closed","sticky":false,"template":"","format":"standard","meta":{"inline_featured_image":false,"footnotes":""},"categories":[29,673,47],"tags":[493,674,238,705,307],"acf":[],"yoast_head":"<!-- This site is optimized with the Yoast SEO plugin v21.3 - https:\/\/yoast.com\/wordpress\/plugins\/seo\/ -->\n<title>El tinte p\u00farpura de Canarias - Hipotesis<\/title>\n<meta name=\"robots\" content=\"index, follow, max-snippet:-1, max-image-preview:large, max-video-preview:-1\" \/>\n<link rel=\"canonical\" href=\"https:\/\/www.ull.es\/portal\/hipotesis\/el-tinte-purpura-de-canarias\/\" \/>\n<meta property=\"og:locale\" content=\"es_ES\" \/>\n<meta property=\"og:type\" content=\"article\" \/>\n<meta property=\"og:title\" content=\"El tinte p\u00farpura de Canarias - Hipotesis\" \/>\n<meta property=\"og:description\" content=\"El tinte p\u00farpura de Canarias\u00a0 \u00a0 \u00a0 \u00a0 5 de julio de 2025 FacebookXWhatsAppCopy k \u00a0 Las Islas Canarias, adem\u00e1s de su valioso entorno natural y su clima suave, han sido desde la antig\u00fcedad una fuente clave de recursos. Sin embargo, algo que quiz\u00e1s muchos de nosotros a\u00fan desconocemos es que tambi\u00e9n fueron de gran...\" \/>\n<meta property=\"og:url\" content=\"https:\/\/www.ull.es\/portal\/hipotesis\/el-tinte-purpura-de-canarias\/\" \/>\n<meta property=\"og:site_name\" content=\"Hipotesis\" \/>\n<meta property=\"article:publisher\" content=\"https:\/\/www.facebook.com\/CienciaULL\/\" \/>\n<meta property=\"article:published_time\" content=\"2025-09-19T12:23:26+00:00\" \/>\n<meta property=\"article:modified_time\" content=\"2025-10-09T12:07:33+00:00\" \/>\n<meta property=\"og:image\" content=\"https:\/\/www.ull.es\/portal\/hipotesis\/wp-content\/uploads\/sites\/62\/2025\/09\/image-13.jpg\" \/>\n\t<meta property=\"og:image:width\" content=\"720\" \/>\n\t<meta property=\"og:image:height\" content=\"960\" \/>\n\t<meta property=\"og:image:type\" content=\"image\/jpeg\" \/>\n<meta name=\"author\" content=\"fgjjmartin\" \/>\n<meta name=\"twitter:card\" content=\"summary_large_image\" \/>\n<meta name=\"twitter:creator\" content=\"@CienciaULL\" \/>\n<meta name=\"twitter:site\" content=\"@CienciaULL\" \/>\n<meta name=\"twitter:label1\" content=\"Escrito por\" \/>\n\t<meta name=\"twitter:data1\" content=\"fgjjmartin\" \/>\n\t<meta name=\"twitter:label2\" content=\"Tiempo de lectura\" \/>\n\t<meta name=\"twitter:data2\" content=\"5 minutos\" \/>\n<script type=\"application\/ld+json\" class=\"yoast-schema-graph\">{\"@context\":\"https:\/\/schema.org\",\"@graph\":[{\"@type\":\"WebPage\",\"@id\":\"https:\/\/www.ull.es\/portal\/hipotesis\/el-tinte-purpura-de-canarias\/\",\"url\":\"https:\/\/www.ull.es\/portal\/hipotesis\/el-tinte-purpura-de-canarias\/\",\"name\":\"El tinte p\u00farpura de Canarias - Hipotesis\",\"isPartOf\":{\"@id\":\"https:\/\/www.ull.es\/portal\/hipotesis\/#website\"},\"datePublished\":\"2025-09-19T12:23:26+00:00\",\"dateModified\":\"2025-10-09T12:07:33+00:00\",\"author\":{\"@id\":\"https:\/\/www.ull.es\/portal\/hipotesis\/#\/schema\/person\/5d5ea6ce77cd0ea17ac0e961c8ad2e1d\"},\"breadcrumb\":{\"@id\":\"https:\/\/www.ull.es\/portal\/hipotesis\/el-tinte-purpura-de-canarias\/#breadcrumb\"},\"inLanguage\":\"es\",\"potentialAction\":[{\"@type\":\"ReadAction\",\"target\":[\"https:\/\/www.ull.es\/portal\/hipotesis\/el-tinte-purpura-de-canarias\/\"]}]},{\"@type\":\"BreadcrumbList\",\"@id\":\"https:\/\/www.ull.es\/portal\/hipotesis\/el-tinte-purpura-de-canarias\/#breadcrumb\",\"itemListElement\":[{\"@type\":\"ListItem\",\"position\":1,\"name\":\"Portada\",\"item\":\"https:\/\/www.ull.es\/portal\/hipotesis\/\"},{\"@type\":\"ListItem\",\"position\":2,\"name\":\"El tinte p\u00farpura de Canarias\"}]},{\"@type\":\"WebSite\",\"@id\":\"https:\/\/www.ull.es\/portal\/hipotesis\/#website\",\"url\":\"https:\/\/www.ull.es\/portal\/hipotesis\/\",\"name\":\"Hipotesis\",\"description\":\"Unidad de Cultura Cient\u00edfica y de la Innovaci\u00f3n de la Universidad de La Laguna\",\"potentialAction\":[{\"@type\":\"SearchAction\",\"target\":{\"@type\":\"EntryPoint\",\"urlTemplate\":\"https:\/\/www.ull.es\/portal\/hipotesis\/?s={search_term_string}\"},\"query-input\":\"required name=search_term_string\"}],\"inLanguage\":\"es\"},{\"@type\":\"Person\",\"@id\":\"https:\/\/www.ull.es\/portal\/hipotesis\/#\/schema\/person\/5d5ea6ce77cd0ea17ac0e961c8ad2e1d\",\"name\":\"fgjjmartin\",\"image\":{\"@type\":\"ImageObject\",\"inLanguage\":\"es\",\"@id\":\"https:\/\/www.ull.es\/portal\/hipotesis\/#\/schema\/person\/image\/\",\"url\":\"https:\/\/secure.gravatar.com\/avatar\/40b2011be6f946688bec8bdb44310505?s=96&d=mm&r=g\",\"contentUrl\":\"https:\/\/secure.gravatar.com\/avatar\/40b2011be6f946688bec8bdb44310505?s=96&d=mm&r=g\",\"caption\":\"fgjjmartin\"},\"url\":\"https:\/\/www.ull.es\/portal\/hipotesis\/author\/fgjjmartin\/\"}]}<\/script>\n<!-- \/ Yoast SEO plugin. -->","yoast_head_json":{"title":"El tinte p\u00farpura de Canarias - Hipotesis","robots":{"index":"index","follow":"follow","max-snippet":"max-snippet:-1","max-image-preview":"max-image-preview:large","max-video-preview":"max-video-preview:-1"},"canonical":"https:\/\/www.ull.es\/portal\/hipotesis\/el-tinte-purpura-de-canarias\/","og_locale":"es_ES","og_type":"article","og_title":"El tinte p\u00farpura de Canarias - Hipotesis","og_description":"El tinte p\u00farpura de Canarias\u00a0 \u00a0 \u00a0 \u00a0 5 de julio de 2025 FacebookXWhatsAppCopy k \u00a0 Las Islas Canarias, adem\u00e1s de su valioso entorno natural y su clima suave, han sido desde la antig\u00fcedad una fuente clave de recursos. Sin embargo, algo que quiz\u00e1s muchos de nosotros a\u00fan desconocemos es que tambi\u00e9n fueron de gran...","og_url":"https:\/\/www.ull.es\/portal\/hipotesis\/el-tinte-purpura-de-canarias\/","og_site_name":"Hipotesis","article_publisher":"https:\/\/www.facebook.com\/CienciaULL\/","article_published_time":"2025-09-19T12:23:26+00:00","article_modified_time":"2025-10-09T12:07:33+00:00","og_image":[{"width":720,"height":960,"url":"https:\/\/www.ull.es\/portal\/hipotesis\/wp-content\/uploads\/sites\/62\/2025\/09\/image-13.jpg","type":"image\/jpeg"}],"author":"fgjjmartin","twitter_card":"summary_large_image","twitter_creator":"@CienciaULL","twitter_site":"@CienciaULL","twitter_misc":{"Escrito por":"fgjjmartin","Tiempo de lectura":"5 minutos"},"schema":{"@context":"https:\/\/schema.org","@graph":[{"@type":"WebPage","@id":"https:\/\/www.ull.es\/portal\/hipotesis\/el-tinte-purpura-de-canarias\/","url":"https:\/\/www.ull.es\/portal\/hipotesis\/el-tinte-purpura-de-canarias\/","name":"El tinte p\u00farpura de Canarias - Hipotesis","isPartOf":{"@id":"https:\/\/www.ull.es\/portal\/hipotesis\/#website"},"datePublished":"2025-09-19T12:23:26+00:00","dateModified":"2025-10-09T12:07:33+00:00","author":{"@id":"https:\/\/www.ull.es\/portal\/hipotesis\/#\/schema\/person\/5d5ea6ce77cd0ea17ac0e961c8ad2e1d"},"breadcrumb":{"@id":"https:\/\/www.ull.es\/portal\/hipotesis\/el-tinte-purpura-de-canarias\/#breadcrumb"},"inLanguage":"es","potentialAction":[{"@type":"ReadAction","target":["https:\/\/www.ull.es\/portal\/hipotesis\/el-tinte-purpura-de-canarias\/"]}]},{"@type":"BreadcrumbList","@id":"https:\/\/www.ull.es\/portal\/hipotesis\/el-tinte-purpura-de-canarias\/#breadcrumb","itemListElement":[{"@type":"ListItem","position":1,"name":"Portada","item":"https:\/\/www.ull.es\/portal\/hipotesis\/"},{"@type":"ListItem","position":2,"name":"El tinte p\u00farpura de Canarias"}]},{"@type":"WebSite","@id":"https:\/\/www.ull.es\/portal\/hipotesis\/#website","url":"https:\/\/www.ull.es\/portal\/hipotesis\/","name":"Hipotesis","description":"Unidad de Cultura Cient\u00edfica y de la Innovaci\u00f3n de la Universidad de La Laguna","potentialAction":[{"@type":"SearchAction","target":{"@type":"EntryPoint","urlTemplate":"https:\/\/www.ull.es\/portal\/hipotesis\/?s={search_term_string}"},"query-input":"required name=search_term_string"}],"inLanguage":"es"},{"@type":"Person","@id":"https:\/\/www.ull.es\/portal\/hipotesis\/#\/schema\/person\/5d5ea6ce77cd0ea17ac0e961c8ad2e1d","name":"fgjjmartin","image":{"@type":"ImageObject","inLanguage":"es","@id":"https:\/\/www.ull.es\/portal\/hipotesis\/#\/schema\/person\/image\/","url":"https:\/\/secure.gravatar.com\/avatar\/40b2011be6f946688bec8bdb44310505?s=96&d=mm&r=g","contentUrl":"https:\/\/secure.gravatar.com\/avatar\/40b2011be6f946688bec8bdb44310505?s=96&d=mm&r=g","caption":"fgjjmartin"},"url":"https:\/\/www.ull.es\/portal\/hipotesis\/author\/fgjjmartin\/"}]}},"_links":{"self":[{"href":"https:\/\/www.ull.es\/portal\/hipotesis\/wp-json\/wp\/v2\/posts\/43785"}],"collection":[{"href":"https:\/\/www.ull.es\/portal\/hipotesis\/wp-json\/wp\/v2\/posts"}],"about":[{"href":"https:\/\/www.ull.es\/portal\/hipotesis\/wp-json\/wp\/v2\/types\/post"}],"author":[{"embeddable":true,"href":"https:\/\/www.ull.es\/portal\/hipotesis\/wp-json\/wp\/v2\/users\/111"}],"replies":[{"embeddable":true,"href":"https:\/\/www.ull.es\/portal\/hipotesis\/wp-json\/wp\/v2\/comments?post=43785"}],"version-history":[{"count":7,"href":"https:\/\/www.ull.es\/portal\/hipotesis\/wp-json\/wp\/v2\/posts\/43785\/revisions"}],"predecessor-version":[{"id":43820,"href":"https:\/\/www.ull.es\/portal\/hipotesis\/wp-json\/wp\/v2\/posts\/43785\/revisions\/43820"}],"wp:featuredmedia":[{"embeddable":true,"href":"https:\/\/www.ull.es\/portal\/hipotesis\/wp-json\/wp\/v2\/media\/43786"}],"wp:attachment":[{"href":"https:\/\/www.ull.es\/portal\/hipotesis\/wp-json\/wp\/v2\/media?parent=43785"}],"wp:term":[{"taxonomy":"category","embeddable":true,"href":"https:\/\/www.ull.es\/portal\/hipotesis\/wp-json\/wp\/v2\/categories?post=43785"},{"taxonomy":"post_tag","embeddable":true,"href":"https:\/\/www.ull.es\/portal\/hipotesis\/wp-json\/wp\/v2\/tags?post=43785"}],"curies":[{"name":"wp","href":"https:\/\/api.w.org\/{rel}","templated":true}]}}