{"id":11038,"date":"2015-01-28T10:51:50","date_gmt":"2015-01-28T10:51:50","guid":{"rendered":"http:\/\/ddigital.webs.ull.es\/?p=11038"},"modified":"2015-01-28T10:51:50","modified_gmt":"2015-01-28T10:51:50","slug":"catedra-cultural-olivia-stone","status":"publish","type":"post","link":"https:\/\/www.ull.es\/portal\/noticias\/2015\/catedra-cultural-olivia-stone\/","title":{"rendered":"La C\u00e1tedra Cultural Alexander von Humboldt de la ULL expone el viaje de Olivia Stone a Canarias en el XIX"},"content":{"rendered":"<p>Las salas del Fuerte de Almeyda de Santa Cruz de Tenerife, sede del Centro de Historia y Cultura Militar de Canarias, acoger\u00e1n a partir de ma\u00f1ana jueves, 29 de enero a las 12.30 horas, la exposici\u00f3n \u201cOlivia Stone y la naturaleza de las palabras\u201d. Esta muestra est\u00e1 organizada por la C\u00e1tedra Cultural Alexander von Humboldt de la Universidad de La Laguna, dirigida por el profesor de la Secci\u00f3n de Filolog\u00eda Francisco Javier Castillo, con el patrocinio del Vicerrectorado de Relaciones Universidad y Sociedad del centro acad\u00e9mico.<\/p>\n<p>El prop\u00f3sito de la c\u00e1tedra cultural universitaria es la divulgaci\u00f3n del pensamiento y el legado cient\u00edfico del que se conoce, sin exageraci\u00f3n, como el pr\u00edncipe de los viajeros. \u201cDe modo particular nos interesa difundir su concepto universal del mundo, su forma personal y nueva de interpretar a la naturaleza y al ser humano, su consideraci\u00f3n de la naturaleza como el mejor amigo, el mejor recurso y la \u00fanica protecci\u00f3n del hombre\u201d, explica el precursor de esta iniciativa. De ah\u00ed la raz\u00f3n de ser de esta exposici\u00f3n \u201cOlivia Stone y la naturaleza de las palabras\u201d, que quiere profundizar en los valores humboldtianos de esta viajera inglesa, sobre todo en su valoraci\u00f3n de la naturaleza y el paisaje canarios.<\/p>\n<p>Olivia Stone llega a Tenerife en septiembre de 1883 con el objetivo de explorar en profundidad todo el archipi\u00e9lago. Afortunadamente no limit\u00f3 su visita a algunos d\u00edas ni a varias semanas, sino que dedic\u00f3 bastantes meses a su trabajo de campo. Tampoco restringi\u00f3 su visita a las principales ciudades, pues recorri\u00f3 los pueblos m\u00e1s rec\u00f3nditos, absolutamente desconocidos para los for\u00e1neos.<\/p>\n<p>Fruto de este intenso trabajo de investigaci\u00f3n y exploraci\u00f3n es el libro Tenerife and its six satellites, publicado en Londres en 1887, con segunda edici\u00f3n revisada dos a\u00f1os m\u00e1s tarde, que se convertir\u00eda en todo un cl\u00e1sico de la literatura de viajes de finales del siglo XIX.<\/p>\n<p>En esta exposici\u00f3n organizada por la Universidad de La Laguna nos acercamos a la visi\u00f3n que la viajera tiene de la naturaleza insular y de sus distintos elementos, que describe de forma detallada. La muestra consta de una veintena de paneles con ilustraciones actuales de elementos del paisaje canario, acompa\u00f1adas con los textos en los que Stone describe esos elementos.<\/p>\n","protected":false},"excerpt":{"rendered":"<p>Las salas del Fuerte de Almeyda de Santa Cruz de Tenerife, sede del Centro de Historia y Cultura Militar de&#8230;<\/p>\n","protected":false},"author":21,"featured_media":11046,"comment_status":"open","ping_status":"open","sticky":false,"template":"","format":"image","meta":{"inline_featured_image":false,"footnotes":""},"categories":[344,1],"tags":[],"acf":[],"yoast_head":"<!-- This site is optimized with the Yoast SEO plugin v21.3 - https:\/\/yoast.com\/wordpress\/plugins\/seo\/ -->\n<title>La C\u00e1tedra Cultural Alexander von Humboldt de la ULL expone el viaje de Olivia Stone a Canarias en el XIX - ULL - Noticias<\/title>\n<meta name=\"robots\" content=\"index, follow, max-snippet:-1, max-image-preview:large, max-video-preview:-1\" \/>\n<link rel=\"canonical\" href=\"https:\/\/www.ull.es\/portal\/noticias\/2015\/catedra-cultural-olivia-stone\/\" \/>\n<meta property=\"og:locale\" content=\"es_ES\" \/>\n<meta property=\"og:type\" content=\"article\" \/>\n<meta property=\"og:title\" content=\"La C\u00e1tedra Cultural Alexander von Humboldt de la ULL expone el viaje de Olivia Stone a Canarias en el XIX - ULL - Noticias\" \/>\n<meta property=\"og:description\" content=\"Las salas del Fuerte de Almeyda de Santa Cruz de Tenerife, sede del Centro de Historia y Cultura Militar de...\" \/>\n<meta property=\"og:url\" content=\"https:\/\/www.ull.es\/portal\/noticias\/2015\/catedra-cultural-olivia-stone\/\" \/>\n<meta property=\"og:site_name\" content=\"ULL - Noticias\" \/>\n<meta property=\"article:publisher\" content=\"https:\/\/www.facebook.com\/universidaddelalaguna\/\" \/>\n<meta property=\"article:published_time\" content=\"2015-01-28T10:51:50+00:00\" \/>\n<meta property=\"og:image\" content=\"https:\/\/www.ull.es\/portal\/noticias\/wp-content\/uploads\/sites\/13\/2015\/01\/exposicion-olivia-stone.jpg\" \/>\n\t<meta property=\"og:image:width\" content=\"1024\" \/>\n\t<meta property=\"og:image:height\" content=\"576\" \/>\n\t<meta property=\"og:image:type\" content=\"image\/jpeg\" \/>\n<meta name=\"author\" content=\"prensa2\" \/>\n<meta name=\"twitter:card\" content=\"summary_large_image\" \/>\n<meta name=\"twitter:creator\" content=\"@CanalULL\" \/>\n<meta name=\"twitter:site\" content=\"@CanalULL\" \/>\n<meta name=\"twitter:label1\" content=\"Escrito por\" \/>\n\t<meta name=\"twitter:data1\" content=\"prensa2\" \/>\n\t<meta name=\"twitter:label2\" content=\"Tiempo de lectura\" \/>\n\t<meta name=\"twitter:data2\" content=\"2 minutos\" \/>\n<script type=\"application\/ld+json\" class=\"yoast-schema-graph\">{\"@context\":\"https:\/\/schema.org\",\"@graph\":[{\"@type\":\"WebPage\",\"@id\":\"https:\/\/www.ull.es\/portal\/noticias\/2015\/catedra-cultural-olivia-stone\/\",\"url\":\"https:\/\/www.ull.es\/portal\/noticias\/2015\/catedra-cultural-olivia-stone\/\",\"name\":\"La C\u00e1tedra Cultural Alexander von Humboldt de la ULL expone el viaje de Olivia Stone a Canarias en el XIX - ULL - Noticias\",\"isPartOf\":{\"@id\":\"https:\/\/www.ull.es\/portal\/noticias\/#website\"},\"datePublished\":\"2015-01-28T10:51:50+00:00\",\"dateModified\":\"2015-01-28T10:51:50+00:00\",\"author\":{\"@id\":\"https:\/\/www.ull.es\/portal\/noticias\/#\/schema\/person\/c3b2aa857797592927a03740d6664376\"},\"breadcrumb\":{\"@id\":\"https:\/\/www.ull.es\/portal\/noticias\/2015\/catedra-cultural-olivia-stone\/#breadcrumb\"},\"inLanguage\":\"es\",\"potentialAction\":[{\"@type\":\"ReadAction\",\"target\":[\"https:\/\/www.ull.es\/portal\/noticias\/2015\/catedra-cultural-olivia-stone\/\"]}]},{\"@type\":\"BreadcrumbList\",\"@id\":\"https:\/\/www.ull.es\/portal\/noticias\/2015\/catedra-cultural-olivia-stone\/#breadcrumb\",\"itemListElement\":[{\"@type\":\"ListItem\",\"position\":1,\"name\":\"Portada\",\"item\":\"https:\/\/www.ull.es\/portal\/noticias\/\"},{\"@type\":\"ListItem\",\"position\":2,\"name\":\"La C\u00e1tedra Cultural Alexander von Humboldt de la ULL expone el viaje de Olivia Stone a Canarias en el XIX\"}]},{\"@type\":\"WebSite\",\"@id\":\"https:\/\/www.ull.es\/portal\/noticias\/#website\",\"url\":\"https:\/\/www.ull.es\/portal\/noticias\/\",\"name\":\"ULL - Noticias\",\"description\":\"\",\"potentialAction\":[{\"@type\":\"SearchAction\",\"target\":{\"@type\":\"EntryPoint\",\"urlTemplate\":\"https:\/\/www.ull.es\/portal\/noticias\/?s={search_term_string}\"},\"query-input\":\"required name=search_term_string\"}],\"inLanguage\":\"es\"},{\"@type\":\"Person\",\"@id\":\"https:\/\/www.ull.es\/portal\/noticias\/#\/schema\/person\/c3b2aa857797592927a03740d6664376\",\"name\":\"prensa2\",\"image\":{\"@type\":\"ImageObject\",\"inLanguage\":\"es\",\"@id\":\"https:\/\/www.ull.es\/portal\/noticias\/#\/schema\/person\/image\/\",\"url\":\"https:\/\/secure.gravatar.com\/avatar\/b58f310a5de5feb33d1e026d2493f23c?s=96&d=mm&r=g\",\"contentUrl\":\"https:\/\/secure.gravatar.com\/avatar\/b58f310a5de5feb33d1e026d2493f23c?s=96&d=mm&r=g\",\"caption\":\"prensa2\"},\"url\":\"https:\/\/www.ull.es\/portal\/noticias\/author\/prensa2\/\"}]}<\/script>\n<!-- \/ Yoast SEO plugin. -->","yoast_head_json":{"title":"La C\u00e1tedra Cultural Alexander von Humboldt de la ULL expone el viaje de Olivia Stone a Canarias en el XIX - ULL - Noticias","robots":{"index":"index","follow":"follow","max-snippet":"max-snippet:-1","max-image-preview":"max-image-preview:large","max-video-preview":"max-video-preview:-1"},"canonical":"https:\/\/www.ull.es\/portal\/noticias\/2015\/catedra-cultural-olivia-stone\/","og_locale":"es_ES","og_type":"article","og_title":"La C\u00e1tedra Cultural Alexander von Humboldt de la ULL expone el viaje de Olivia Stone a Canarias en el XIX - ULL - Noticias","og_description":"Las salas del Fuerte de Almeyda de Santa Cruz de Tenerife, sede del Centro de Historia y Cultura Militar de...","og_url":"https:\/\/www.ull.es\/portal\/noticias\/2015\/catedra-cultural-olivia-stone\/","og_site_name":"ULL - Noticias","article_publisher":"https:\/\/www.facebook.com\/universidaddelalaguna\/","article_published_time":"2015-01-28T10:51:50+00:00","og_image":[{"width":1024,"height":576,"url":"https:\/\/www.ull.es\/portal\/noticias\/wp-content\/uploads\/sites\/13\/2015\/01\/exposicion-olivia-stone.jpg","type":"image\/jpeg"}],"author":"prensa2","twitter_card":"summary_large_image","twitter_creator":"@CanalULL","twitter_site":"@CanalULL","twitter_misc":{"Escrito por":"prensa2","Tiempo de lectura":"2 minutos"},"schema":{"@context":"https:\/\/schema.org","@graph":[{"@type":"WebPage","@id":"https:\/\/www.ull.es\/portal\/noticias\/2015\/catedra-cultural-olivia-stone\/","url":"https:\/\/www.ull.es\/portal\/noticias\/2015\/catedra-cultural-olivia-stone\/","name":"La C\u00e1tedra Cultural Alexander von Humboldt de la ULL expone el viaje de Olivia Stone a Canarias en el XIX - ULL - Noticias","isPartOf":{"@id":"https:\/\/www.ull.es\/portal\/noticias\/#website"},"datePublished":"2015-01-28T10:51:50+00:00","dateModified":"2015-01-28T10:51:50+00:00","author":{"@id":"https:\/\/www.ull.es\/portal\/noticias\/#\/schema\/person\/c3b2aa857797592927a03740d6664376"},"breadcrumb":{"@id":"https:\/\/www.ull.es\/portal\/noticias\/2015\/catedra-cultural-olivia-stone\/#breadcrumb"},"inLanguage":"es","potentialAction":[{"@type":"ReadAction","target":["https:\/\/www.ull.es\/portal\/noticias\/2015\/catedra-cultural-olivia-stone\/"]}]},{"@type":"BreadcrumbList","@id":"https:\/\/www.ull.es\/portal\/noticias\/2015\/catedra-cultural-olivia-stone\/#breadcrumb","itemListElement":[{"@type":"ListItem","position":1,"name":"Portada","item":"https:\/\/www.ull.es\/portal\/noticias\/"},{"@type":"ListItem","position":2,"name":"La C\u00e1tedra Cultural Alexander von Humboldt de la ULL expone el viaje de Olivia Stone a Canarias en el XIX"}]},{"@type":"WebSite","@id":"https:\/\/www.ull.es\/portal\/noticias\/#website","url":"https:\/\/www.ull.es\/portal\/noticias\/","name":"ULL - Noticias","description":"","potentialAction":[{"@type":"SearchAction","target":{"@type":"EntryPoint","urlTemplate":"https:\/\/www.ull.es\/portal\/noticias\/?s={search_term_string}"},"query-input":"required name=search_term_string"}],"inLanguage":"es"},{"@type":"Person","@id":"https:\/\/www.ull.es\/portal\/noticias\/#\/schema\/person\/c3b2aa857797592927a03740d6664376","name":"prensa2","image":{"@type":"ImageObject","inLanguage":"es","@id":"https:\/\/www.ull.es\/portal\/noticias\/#\/schema\/person\/image\/","url":"https:\/\/secure.gravatar.com\/avatar\/b58f310a5de5feb33d1e026d2493f23c?s=96&d=mm&r=g","contentUrl":"https:\/\/secure.gravatar.com\/avatar\/b58f310a5de5feb33d1e026d2493f23c?s=96&d=mm&r=g","caption":"prensa2"},"url":"https:\/\/www.ull.es\/portal\/noticias\/author\/prensa2\/"}]}},"primary_category":null,"featured_image_thumbnail_url":"https:\/\/www.ull.es\/portal\/noticias\/wp-content\/uploads\/sites\/13\/2015\/01\/exposicion-olivia-stone-300x169.jpg","_links":{"self":[{"href":"https:\/\/www.ull.es\/portal\/noticias\/wp-json\/wp\/v2\/posts\/11038"}],"collection":[{"href":"https:\/\/www.ull.es\/portal\/noticias\/wp-json\/wp\/v2\/posts"}],"about":[{"href":"https:\/\/www.ull.es\/portal\/noticias\/wp-json\/wp\/v2\/types\/post"}],"author":[{"embeddable":true,"href":"https:\/\/www.ull.es\/portal\/noticias\/wp-json\/wp\/v2\/users\/21"}],"replies":[{"embeddable":true,"href":"https:\/\/www.ull.es\/portal\/noticias\/wp-json\/wp\/v2\/comments?post=11038"}],"version-history":[{"count":0,"href":"https:\/\/www.ull.es\/portal\/noticias\/wp-json\/wp\/v2\/posts\/11038\/revisions"}],"wp:featuredmedia":[{"embeddable":true,"href":"https:\/\/www.ull.es\/portal\/noticias\/wp-json\/wp\/v2\/media\/11046"}],"wp:attachment":[{"href":"https:\/\/www.ull.es\/portal\/noticias\/wp-json\/wp\/v2\/media?parent=11038"}],"wp:term":[{"taxonomy":"category","embeddable":true,"href":"https:\/\/www.ull.es\/portal\/noticias\/wp-json\/wp\/v2\/categories?post=11038"},{"taxonomy":"post_tag","embeddable":true,"href":"https:\/\/www.ull.es\/portal\/noticias\/wp-json\/wp\/v2\/tags?post=11038"}],"curies":[{"name":"wp","href":"https:\/\/api.w.org\/{rel}","templated":true}]}}