{"id":11062,"date":"2015-01-30T11:22:02","date_gmt":"2015-01-30T11:22:02","guid":{"rendered":"http:\/\/ddigital.webs.ull.es\/?p=11062"},"modified":"2015-01-30T11:22:02","modified_gmt":"2015-01-30T11:22:02","slug":"publicados-los-resultados-provisionales-de-las-elecciones-al-consejo-de-gobierno-de-la-ull","status":"publish","type":"post","link":"https:\/\/www.ull.es\/portal\/noticias\/2015\/publicados-los-resultados-provisionales-de-las-elecciones-al-consejo-de-gobierno-de-la-ull\/","title":{"rendered":"Publicados los resultados provisionales de las elecciones al Consejo de Gobierno de la ULL"},"content":{"rendered":"<p>La Universidad de La Laguna celebr\u00f3 ayer, jueves 29 de enero, la votaci\u00f3n para renovar parte de la composici\u00f3n de su Consejo de Gobierno. Inicialmente estaba previsto que se eligieran a 16 consejeros de tres sectores: directores de departamentos, directores de institutos de investigaci\u00f3n, y alumnos del Claustro. Finalmente, solamente se vot\u00f3 en el \u00faltimo de ellos, puesto que en los dos primeros no se alcanz\u00f3 el n\u00famero de candidaturas suficiente.<\/p>\n<p>De este modo, en el sector de alumnado con representaci\u00f3n al Claustro se vot\u00f3 para elegir a ocho personas. Los resultados otorgan dos representantes a cada una de las cuatro listas presentadas: Asamblea del Movimiento Estudiantil Canario (AMEC), Asociaci\u00f3n Canaria de Estudiantes (ACE), Libertad Estudiantil\u2013AEULL y Candidatura Unida.<\/p>\n<p>En el sector de directores de departamento deb\u00edan ser elegidos siete representantes pero solamente hubo cuatro candidaturas que, por tanto, fueron designadas autom\u00e1ticamente, mientras que las tres restantes quedar\u00e1n vacantes hasta las pr\u00f3ximas elecciones, dentro de dos a\u00f1os. Los consejeros proclamados han sido Inmaculada Perdomo Reyes, del Departamento de Historia y Filosof\u00eda de la Ciencia; Alfonso Miguel Garc\u00eda Hern\u00e1ndez, del Departamento de Enfermer\u00eda; Juan Manuel Bethencourt P\u00e9rez, del Departamento de Psicolog\u00eda Cl\u00ednica, Psicobiolog\u00eda y Metodolog\u00eda; y Antonio D\u00edaz Hern\u00e1ndez, del Departamento de F\u00edsica B\u00e1sica.<\/p>\n<p>En cuanto al sector de directores de institutos de investigaci\u00f3n, al no haber candidatos presentados, no ha podido realizarse la votaci\u00f3n y por ello ese sector quedar\u00e1 sin representaci\u00f3n en el \u00f3rgano colegiado hasta los pr\u00f3ximos comicios.<\/p>\n<p>Seg\u00fan el calendario electoral, tras la publicaci\u00f3n hoy viernes 30 de enero de los resultados provisionales, se establece el 3 y el 4 de febrero como d\u00edas para presentar alegaciones ante la Comisi\u00f3n Electoral General que, tras resolverlas, proclamar\u00e1 los resultado definitivos el d\u00eda 5 del mismo mes, con lo que finalizar\u00e1 el proceso electoral.<\/p>\n","protected":false},"excerpt":{"rendered":"<p>La Universidad de La Laguna celebr\u00f3 ayer, jueves 29 de enero, la votaci\u00f3n para renovar parte de la composici\u00f3n de&#8230;<\/p>\n","protected":false},"author":21,"featured_media":11196,"comment_status":"open","ping_status":"open","sticky":false,"template":"","format":"image","meta":{"inline_featured_image":false,"footnotes":""},"categories":[345,347,1],"tags":[],"acf":[],"yoast_head":"<!-- This site is optimized with the Yoast SEO plugin v21.3 - https:\/\/yoast.com\/wordpress\/plugins\/seo\/ -->\n<title>Publicados los resultados provisionales de las elecciones al Consejo de Gobierno de la ULL - ULL - Noticias<\/title>\n<meta name=\"robots\" content=\"index, follow, max-snippet:-1, max-image-preview:large, max-video-preview:-1\" \/>\n<link rel=\"canonical\" href=\"https:\/\/www.ull.es\/portal\/noticias\/2015\/publicados-los-resultados-provisionales-de-las-elecciones-al-consejo-de-gobierno-de-la-ull\/\" \/>\n<meta property=\"og:locale\" content=\"es_ES\" \/>\n<meta property=\"og:type\" content=\"article\" \/>\n<meta property=\"og:title\" content=\"Publicados los resultados provisionales de las elecciones al Consejo de Gobierno de la ULL - ULL - Noticias\" \/>\n<meta property=\"og:description\" content=\"La Universidad de La Laguna celebr\u00f3 ayer, jueves 29 de enero, la votaci\u00f3n para renovar parte de la composici\u00f3n de...\" \/>\n<meta property=\"og:url\" content=\"https:\/\/www.ull.es\/portal\/noticias\/2015\/publicados-los-resultados-provisionales-de-las-elecciones-al-consejo-de-gobierno-de-la-ull\/\" \/>\n<meta property=\"og:site_name\" content=\"ULL - Noticias\" \/>\n<meta property=\"article:publisher\" content=\"https:\/\/www.facebook.com\/universidaddelalaguna\/\" \/>\n<meta property=\"article:published_time\" content=\"2015-01-30T11:22:02+00:00\" \/>\n<meta property=\"og:image\" content=\"https:\/\/www.ull.es\/portal\/noticias\/wp-content\/uploads\/sites\/13\/2015\/01\/Votaciones-Cons-Gobierno-03.jpg\" \/>\n\t<meta property=\"og:image:width\" content=\"992\" \/>\n\t<meta property=\"og:image:height\" content=\"680\" \/>\n\t<meta property=\"og:image:type\" content=\"image\/jpeg\" \/>\n<meta name=\"author\" content=\"prensa2\" \/>\n<meta name=\"twitter:card\" content=\"summary_large_image\" \/>\n<meta name=\"twitter:creator\" content=\"@CanalULL\" \/>\n<meta name=\"twitter:site\" content=\"@CanalULL\" \/>\n<meta name=\"twitter:label1\" content=\"Escrito por\" \/>\n\t<meta name=\"twitter:data1\" content=\"prensa2\" \/>\n\t<meta name=\"twitter:label2\" content=\"Tiempo de lectura\" \/>\n\t<meta name=\"twitter:data2\" content=\"2 minutos\" \/>\n<script type=\"application\/ld+json\" class=\"yoast-schema-graph\">{\"@context\":\"https:\/\/schema.org\",\"@graph\":[{\"@type\":\"WebPage\",\"@id\":\"https:\/\/www.ull.es\/portal\/noticias\/2015\/publicados-los-resultados-provisionales-de-las-elecciones-al-consejo-de-gobierno-de-la-ull\/\",\"url\":\"https:\/\/www.ull.es\/portal\/noticias\/2015\/publicados-los-resultados-provisionales-de-las-elecciones-al-consejo-de-gobierno-de-la-ull\/\",\"name\":\"Publicados los resultados provisionales de las elecciones al Consejo de Gobierno de la ULL - ULL - Noticias\",\"isPartOf\":{\"@id\":\"https:\/\/www.ull.es\/portal\/noticias\/#website\"},\"datePublished\":\"2015-01-30T11:22:02+00:00\",\"dateModified\":\"2015-01-30T11:22:02+00:00\",\"author\":{\"@id\":\"https:\/\/www.ull.es\/portal\/noticias\/#\/schema\/person\/c3b2aa857797592927a03740d6664376\"},\"breadcrumb\":{\"@id\":\"https:\/\/www.ull.es\/portal\/noticias\/2015\/publicados-los-resultados-provisionales-de-las-elecciones-al-consejo-de-gobierno-de-la-ull\/#breadcrumb\"},\"inLanguage\":\"es\",\"potentialAction\":[{\"@type\":\"ReadAction\",\"target\":[\"https:\/\/www.ull.es\/portal\/noticias\/2015\/publicados-los-resultados-provisionales-de-las-elecciones-al-consejo-de-gobierno-de-la-ull\/\"]}]},{\"@type\":\"BreadcrumbList\",\"@id\":\"https:\/\/www.ull.es\/portal\/noticias\/2015\/publicados-los-resultados-provisionales-de-las-elecciones-al-consejo-de-gobierno-de-la-ull\/#breadcrumb\",\"itemListElement\":[{\"@type\":\"ListItem\",\"position\":1,\"name\":\"Portada\",\"item\":\"https:\/\/www.ull.es\/portal\/noticias\/\"},{\"@type\":\"ListItem\",\"position\":2,\"name\":\"Publicados los resultados provisionales de las elecciones al Consejo de Gobierno de la ULL\"}]},{\"@type\":\"WebSite\",\"@id\":\"https:\/\/www.ull.es\/portal\/noticias\/#website\",\"url\":\"https:\/\/www.ull.es\/portal\/noticias\/\",\"name\":\"ULL - Noticias\",\"description\":\"\",\"potentialAction\":[{\"@type\":\"SearchAction\",\"target\":{\"@type\":\"EntryPoint\",\"urlTemplate\":\"https:\/\/www.ull.es\/portal\/noticias\/?s={search_term_string}\"},\"query-input\":\"required name=search_term_string\"}],\"inLanguage\":\"es\"},{\"@type\":\"Person\",\"@id\":\"https:\/\/www.ull.es\/portal\/noticias\/#\/schema\/person\/c3b2aa857797592927a03740d6664376\",\"name\":\"prensa2\",\"image\":{\"@type\":\"ImageObject\",\"inLanguage\":\"es\",\"@id\":\"https:\/\/www.ull.es\/portal\/noticias\/#\/schema\/person\/image\/\",\"url\":\"https:\/\/secure.gravatar.com\/avatar\/b58f310a5de5feb33d1e026d2493f23c?s=96&d=mm&r=g\",\"contentUrl\":\"https:\/\/secure.gravatar.com\/avatar\/b58f310a5de5feb33d1e026d2493f23c?s=96&d=mm&r=g\",\"caption\":\"prensa2\"},\"url\":\"https:\/\/www.ull.es\/portal\/noticias\/author\/prensa2\/\"}]}<\/script>\n<!-- \/ Yoast SEO plugin. -->","yoast_head_json":{"title":"Publicados los resultados provisionales de las elecciones al Consejo de Gobierno de la ULL - ULL - Noticias","robots":{"index":"index","follow":"follow","max-snippet":"max-snippet:-1","max-image-preview":"max-image-preview:large","max-video-preview":"max-video-preview:-1"},"canonical":"https:\/\/www.ull.es\/portal\/noticias\/2015\/publicados-los-resultados-provisionales-de-las-elecciones-al-consejo-de-gobierno-de-la-ull\/","og_locale":"es_ES","og_type":"article","og_title":"Publicados los resultados provisionales de las elecciones al Consejo de Gobierno de la ULL - ULL - Noticias","og_description":"La Universidad de La Laguna celebr\u00f3 ayer, jueves 29 de enero, la votaci\u00f3n para renovar parte de la composici\u00f3n de...","og_url":"https:\/\/www.ull.es\/portal\/noticias\/2015\/publicados-los-resultados-provisionales-de-las-elecciones-al-consejo-de-gobierno-de-la-ull\/","og_site_name":"ULL - Noticias","article_publisher":"https:\/\/www.facebook.com\/universidaddelalaguna\/","article_published_time":"2015-01-30T11:22:02+00:00","og_image":[{"width":992,"height":680,"url":"https:\/\/www.ull.es\/portal\/noticias\/wp-content\/uploads\/sites\/13\/2015\/01\/Votaciones-Cons-Gobierno-03.jpg","type":"image\/jpeg"}],"author":"prensa2","twitter_card":"summary_large_image","twitter_creator":"@CanalULL","twitter_site":"@CanalULL","twitter_misc":{"Escrito por":"prensa2","Tiempo de lectura":"2 minutos"},"schema":{"@context":"https:\/\/schema.org","@graph":[{"@type":"WebPage","@id":"https:\/\/www.ull.es\/portal\/noticias\/2015\/publicados-los-resultados-provisionales-de-las-elecciones-al-consejo-de-gobierno-de-la-ull\/","url":"https:\/\/www.ull.es\/portal\/noticias\/2015\/publicados-los-resultados-provisionales-de-las-elecciones-al-consejo-de-gobierno-de-la-ull\/","name":"Publicados los resultados provisionales de las elecciones al Consejo de Gobierno de la ULL - ULL - Noticias","isPartOf":{"@id":"https:\/\/www.ull.es\/portal\/noticias\/#website"},"datePublished":"2015-01-30T11:22:02+00:00","dateModified":"2015-01-30T11:22:02+00:00","author":{"@id":"https:\/\/www.ull.es\/portal\/noticias\/#\/schema\/person\/c3b2aa857797592927a03740d6664376"},"breadcrumb":{"@id":"https:\/\/www.ull.es\/portal\/noticias\/2015\/publicados-los-resultados-provisionales-de-las-elecciones-al-consejo-de-gobierno-de-la-ull\/#breadcrumb"},"inLanguage":"es","potentialAction":[{"@type":"ReadAction","target":["https:\/\/www.ull.es\/portal\/noticias\/2015\/publicados-los-resultados-provisionales-de-las-elecciones-al-consejo-de-gobierno-de-la-ull\/"]}]},{"@type":"BreadcrumbList","@id":"https:\/\/www.ull.es\/portal\/noticias\/2015\/publicados-los-resultados-provisionales-de-las-elecciones-al-consejo-de-gobierno-de-la-ull\/#breadcrumb","itemListElement":[{"@type":"ListItem","position":1,"name":"Portada","item":"https:\/\/www.ull.es\/portal\/noticias\/"},{"@type":"ListItem","position":2,"name":"Publicados los resultados provisionales de las elecciones al Consejo de Gobierno de la ULL"}]},{"@type":"WebSite","@id":"https:\/\/www.ull.es\/portal\/noticias\/#website","url":"https:\/\/www.ull.es\/portal\/noticias\/","name":"ULL - Noticias","description":"","potentialAction":[{"@type":"SearchAction","target":{"@type":"EntryPoint","urlTemplate":"https:\/\/www.ull.es\/portal\/noticias\/?s={search_term_string}"},"query-input":"required name=search_term_string"}],"inLanguage":"es"},{"@type":"Person","@id":"https:\/\/www.ull.es\/portal\/noticias\/#\/schema\/person\/c3b2aa857797592927a03740d6664376","name":"prensa2","image":{"@type":"ImageObject","inLanguage":"es","@id":"https:\/\/www.ull.es\/portal\/noticias\/#\/schema\/person\/image\/","url":"https:\/\/secure.gravatar.com\/avatar\/b58f310a5de5feb33d1e026d2493f23c?s=96&d=mm&r=g","contentUrl":"https:\/\/secure.gravatar.com\/avatar\/b58f310a5de5feb33d1e026d2493f23c?s=96&d=mm&r=g","caption":"prensa2"},"url":"https:\/\/www.ull.es\/portal\/noticias\/author\/prensa2\/"}]}},"primary_category":null,"featured_image_thumbnail_url":"https:\/\/www.ull.es\/portal\/noticias\/wp-content\/uploads\/sites\/13\/2015\/01\/Votaciones-Cons-Gobierno-03-300x206.jpg","_links":{"self":[{"href":"https:\/\/www.ull.es\/portal\/noticias\/wp-json\/wp\/v2\/posts\/11062"}],"collection":[{"href":"https:\/\/www.ull.es\/portal\/noticias\/wp-json\/wp\/v2\/posts"}],"about":[{"href":"https:\/\/www.ull.es\/portal\/noticias\/wp-json\/wp\/v2\/types\/post"}],"author":[{"embeddable":true,"href":"https:\/\/www.ull.es\/portal\/noticias\/wp-json\/wp\/v2\/users\/21"}],"replies":[{"embeddable":true,"href":"https:\/\/www.ull.es\/portal\/noticias\/wp-json\/wp\/v2\/comments?post=11062"}],"version-history":[{"count":0,"href":"https:\/\/www.ull.es\/portal\/noticias\/wp-json\/wp\/v2\/posts\/11062\/revisions"}],"wp:featuredmedia":[{"embeddable":true,"href":"https:\/\/www.ull.es\/portal\/noticias\/wp-json\/wp\/v2\/media\/11196"}],"wp:attachment":[{"href":"https:\/\/www.ull.es\/portal\/noticias\/wp-json\/wp\/v2\/media?parent=11062"}],"wp:term":[{"taxonomy":"category","embeddable":true,"href":"https:\/\/www.ull.es\/portal\/noticias\/wp-json\/wp\/v2\/categories?post=11062"},{"taxonomy":"post_tag","embeddable":true,"href":"https:\/\/www.ull.es\/portal\/noticias\/wp-json\/wp\/v2\/tags?post=11062"}],"curies":[{"name":"wp","href":"https:\/\/api.w.org\/{rel}","templated":true}]}}