{"id":11068,"date":"2015-01-16T11:29:42","date_gmt":"2015-01-16T11:29:42","guid":{"rendered":"http:\/\/ddigital.webs.ull.es\/?p=11068"},"modified":"2015-01-16T11:29:42","modified_gmt":"2015-01-16T11:29:42","slug":"la-figura-de-juan-regulo-perez-es-homenajeada-en-la-sala-de-arte-paraninfo-de-la-ull","status":"publish","type":"post","link":"https:\/\/www.ull.es\/portal\/noticias\/2015\/la-figura-de-juan-regulo-perez-es-homenajeada-en-la-sala-de-arte-paraninfo-de-la-ull\/","title":{"rendered":"La figura de Juan R\u00e9gulo P\u00e9rez es homenajeada en la Sala de Arte Paraninfo de la ULL"},"content":{"rendered":"<h3>La colectiva est\u00e1 disponible hasta el 31 de enero.<\/h3>\n<p>La muestra \u201cDespu\u00e9s de Babel. El sue\u00f1o de Juan R\u00e9gulo P\u00e9rez\u201d recala en la Sala de Arte Paraninfo Pablo Gonz\u00e1lez Vera de la Universidad de La Laguna tras su paso por Garaf\u00eda y Santa Cruz de La Palma, en homenaje a la trayectoria del profesor de este centro acad\u00e9mico Juan R\u00e9gulo P\u00e9rez, en el centenario de su nacimiento.<\/p>\n<p>La exposici\u00f3n permanecer\u00e1 abierta hasta el 31 de enero y podr\u00e1 visitarse gratuitamente los d\u00edas de espect\u00e1culo en el Paraninfo. La programaci\u00f3n puede consultarse en <a href=\"http:\/\/www.ull.es\/paraninfo\" target=\"_blank\" target=\"_blank\" rel=\"noopener\">www.ull.es\/paraninfo<\/a>. Los asistentes disponen de estacionamiento gratis en el aparcamiento del Edificio Central de la Universidad de La Laguna.<\/p>\n<p>Celestino Celso Hern\u00e1ndez, comisario de esta exposici\u00f3n y conocedor de la relevancia de Juan R\u00e9gulo P\u00e9rez, ha sido el art\u00edfice de este proyecto que cuenta con la colaboraci\u00f3n del Ayuntamiento de Garaf\u00eda. El comisario ha reunido a diez artistas en esta iniciativa: Juan Darias, Miguel \u00c1ngel D\u00edaz Palarea, Seraf\u00edn Dopazo, Alexej Dvorak, Pedro Fausto, Alfonso Garc\u00eda, Fernando de As\u00eds Leal, Med\u00edn Mart\u00edn, Juan Lorenzo Padr\u00f3n y D\u00e1cil Travieso, con el objeto de que narraran a trav\u00e9s sus obras la vida de este intelectual.<\/p>\n<p>\u201cTransmitimos a los artistas el papel destacado de nuestro personaje, en la b\u00fasqueda de una lengua de entendimiento com\u00fan, dando al mismo tiempo la oportunidad para que pudiesen interesarse tambi\u00e9n por los or\u00edgenes de Juan R\u00e9gulo, en el barrio de Cueva de Agua y la Villa de Garaf\u00eda\u201d, se\u00f1ala Celestino Celso.<\/p>\n<p>As\u00ed, Alexej Dvorak pone rostro a Juan R\u00e9gulo en un cuadro de \u00f3leo sobre lienzo donde a trav\u00e9s de una composici\u00f3n retrata al profesor rodeado de letras y s\u00edmbolos que pululan a su alrededor. Su estudio del lenguaje se refleja en las esculturas que presiden la sala y en algunas pinturas. Por su parte, Pedro Fausto regala a los visitantes algunos de sus personales retratos infantiles, en los que el libro tiene un papel destacado, exponiendo tambi\u00e9n alguno de los paisajes de las calles de Santo Domingo de Garaf\u00eda.<\/p>\n<p>La villa natal de Juan R\u00e9gulo se refleja tambi\u00e9n en las obras de Leal P\u00e1ez. D\u00e1cil Travieso muestra la \u201cTorre de Babel\u201d, con madera patinada, a lo que ha unido una pieza en hierro y m\u00e1rmol travertino, de los a\u00f1os 90, junto con una composici\u00f3n en arpillera y papel secante, con acuarela y tinta, representaci\u00f3n de tapices antiguos, perteneciente a su serie \u2018Paleograf\u00eda\u2019.<\/p>\n<p>La comunicaci\u00f3n y la relaci\u00f3n entre los pueblos se manifiestan en las obras de Jos\u00e9 Juan Darias, Miguel \u00c1ngel D\u00edaz Palarea y Seraf\u00edn Dopazo. Este \u00faltimo expone dos obras, en l\u00e1piz a color sobre papel, pertenecientes a su serie \u2018Genealog\u00eda del color\u2019. Juan Lorenzo Padr\u00f3n a\u00f1ade dos acr\u00edlicos sobre chapa marina, del a\u00f1o 2012, que representan interiores de sencillas casas populares.<\/p>\n<p>Juan R\u00e9gulo P\u00e9rez naci\u00f3 el 30 de marzo de 1914 en Cueva del Agua, Garaf\u00eda. Con diez a\u00f1os se traslada con su madre y su hermano a Santa Cruz de La Palma. Juan R\u00e9gulo se gradu\u00f3 en Magisterio (1933), se licenci\u00f3 en Filolog\u00eda (1945) y se doctor\u00f3 en 1956. Su carrera universitaria la desarroll\u00f3 desde 1941. Fue miembro y directivo de las principales instituciones de Tenerife: Instituto de Estudios Canarios, Real Sociedad Econ\u00f3mica de Amigos del Pa\u00eds, Revista Historia de Canarias o la Sociedad Esperantista.<\/p>\n","protected":false},"excerpt":{"rendered":"<p>La colectiva est\u00e1 disponible hasta el 31 de enero. La muestra \u201cDespu\u00e9s de Babel. El sue\u00f1o de Juan R\u00e9gulo P\u00e9rez\u201d&#8230;<\/p>\n","protected":false},"author":21,"featured_media":11835,"comment_status":"open","ping_status":"open","sticky":false,"template":"","format":"video","meta":{"inline_featured_image":false,"footnotes":""},"categories":[344,1,352],"tags":[],"acf":[],"yoast_head":"<!-- This site is optimized with the Yoast SEO plugin v21.3 - https:\/\/yoast.com\/wordpress\/plugins\/seo\/ -->\n<title>La figura de Juan R\u00e9gulo P\u00e9rez es homenajeada en la Sala de Arte Paraninfo de la ULL - ULL - Noticias<\/title>\n<meta name=\"robots\" content=\"index, follow, max-snippet:-1, max-image-preview:large, max-video-preview:-1\" \/>\n<link rel=\"canonical\" href=\"https:\/\/www.ull.es\/portal\/noticias\/2015\/la-figura-de-juan-regulo-perez-es-homenajeada-en-la-sala-de-arte-paraninfo-de-la-ull\/\" \/>\n<meta property=\"og:locale\" content=\"es_ES\" \/>\n<meta property=\"og:type\" content=\"article\" \/>\n<meta property=\"og:title\" content=\"La figura de Juan R\u00e9gulo P\u00e9rez es homenajeada en la Sala de Arte Paraninfo de la ULL - ULL - Noticias\" \/>\n<meta property=\"og:description\" content=\"La colectiva est\u00e1 disponible hasta el 31 de enero. La muestra \u201cDespu\u00e9s de Babel. El sue\u00f1o de Juan R\u00e9gulo P\u00e9rez\u201d...\" \/>\n<meta property=\"og:url\" content=\"https:\/\/www.ull.es\/portal\/noticias\/2015\/la-figura-de-juan-regulo-perez-es-homenajeada-en-la-sala-de-arte-paraninfo-de-la-ull\/\" \/>\n<meta property=\"og:site_name\" content=\"ULL - Noticias\" \/>\n<meta property=\"article:publisher\" content=\"https:\/\/www.facebook.com\/universidaddelalaguna\/\" \/>\n<meta property=\"article:published_time\" content=\"2015-01-16T11:29:42+00:00\" \/>\n<meta property=\"og:image\" content=\"https:\/\/www.ull.es\/portal\/noticias\/wp-content\/uploads\/sites\/13\/2015\/01\/expo-juan-regulo2.jpg\" \/>\n\t<meta property=\"og:image:width\" content=\"1034\" \/>\n\t<meta property=\"og:image:height\" content=\"708\" \/>\n\t<meta property=\"og:image:type\" content=\"image\/jpeg\" \/>\n<meta name=\"author\" content=\"prensa2\" \/>\n<meta name=\"twitter:card\" content=\"summary_large_image\" \/>\n<meta name=\"twitter:creator\" content=\"@CanalULL\" \/>\n<meta name=\"twitter:site\" content=\"@CanalULL\" \/>\n<meta name=\"twitter:label1\" content=\"Escrito por\" \/>\n\t<meta name=\"twitter:data1\" content=\"prensa2\" \/>\n\t<meta name=\"twitter:label2\" content=\"Tiempo de lectura\" \/>\n\t<meta name=\"twitter:data2\" content=\"3 minutos\" \/>\n<script type=\"application\/ld+json\" class=\"yoast-schema-graph\">{\"@context\":\"https:\/\/schema.org\",\"@graph\":[{\"@type\":\"WebPage\",\"@id\":\"https:\/\/www.ull.es\/portal\/noticias\/2015\/la-figura-de-juan-regulo-perez-es-homenajeada-en-la-sala-de-arte-paraninfo-de-la-ull\/\",\"url\":\"https:\/\/www.ull.es\/portal\/noticias\/2015\/la-figura-de-juan-regulo-perez-es-homenajeada-en-la-sala-de-arte-paraninfo-de-la-ull\/\",\"name\":\"La figura de Juan R\u00e9gulo P\u00e9rez es homenajeada en la Sala de Arte Paraninfo de la ULL - ULL - Noticias\",\"isPartOf\":{\"@id\":\"https:\/\/www.ull.es\/portal\/noticias\/#website\"},\"datePublished\":\"2015-01-16T11:29:42+00:00\",\"dateModified\":\"2015-01-16T11:29:42+00:00\",\"author\":{\"@id\":\"https:\/\/www.ull.es\/portal\/noticias\/#\/schema\/person\/c3b2aa857797592927a03740d6664376\"},\"breadcrumb\":{\"@id\":\"https:\/\/www.ull.es\/portal\/noticias\/2015\/la-figura-de-juan-regulo-perez-es-homenajeada-en-la-sala-de-arte-paraninfo-de-la-ull\/#breadcrumb\"},\"inLanguage\":\"es\",\"potentialAction\":[{\"@type\":\"ReadAction\",\"target\":[\"https:\/\/www.ull.es\/portal\/noticias\/2015\/la-figura-de-juan-regulo-perez-es-homenajeada-en-la-sala-de-arte-paraninfo-de-la-ull\/\"]}]},{\"@type\":\"BreadcrumbList\",\"@id\":\"https:\/\/www.ull.es\/portal\/noticias\/2015\/la-figura-de-juan-regulo-perez-es-homenajeada-en-la-sala-de-arte-paraninfo-de-la-ull\/#breadcrumb\",\"itemListElement\":[{\"@type\":\"ListItem\",\"position\":1,\"name\":\"Portada\",\"item\":\"https:\/\/www.ull.es\/portal\/noticias\/\"},{\"@type\":\"ListItem\",\"position\":2,\"name\":\"La figura de Juan R\u00e9gulo P\u00e9rez es homenajeada en la Sala de Arte Paraninfo de la ULL\"}]},{\"@type\":\"WebSite\",\"@id\":\"https:\/\/www.ull.es\/portal\/noticias\/#website\",\"url\":\"https:\/\/www.ull.es\/portal\/noticias\/\",\"name\":\"ULL - Noticias\",\"description\":\"\",\"potentialAction\":[{\"@type\":\"SearchAction\",\"target\":{\"@type\":\"EntryPoint\",\"urlTemplate\":\"https:\/\/www.ull.es\/portal\/noticias\/?s={search_term_string}\"},\"query-input\":\"required name=search_term_string\"}],\"inLanguage\":\"es\"},{\"@type\":\"Person\",\"@id\":\"https:\/\/www.ull.es\/portal\/noticias\/#\/schema\/person\/c3b2aa857797592927a03740d6664376\",\"name\":\"prensa2\",\"image\":{\"@type\":\"ImageObject\",\"inLanguage\":\"es\",\"@id\":\"https:\/\/www.ull.es\/portal\/noticias\/#\/schema\/person\/image\/\",\"url\":\"https:\/\/secure.gravatar.com\/avatar\/b58f310a5de5feb33d1e026d2493f23c?s=96&d=mm&r=g\",\"contentUrl\":\"https:\/\/secure.gravatar.com\/avatar\/b58f310a5de5feb33d1e026d2493f23c?s=96&d=mm&r=g\",\"caption\":\"prensa2\"},\"url\":\"https:\/\/www.ull.es\/portal\/noticias\/author\/prensa2\/\"}]}<\/script>\n<!-- \/ Yoast SEO plugin. -->","yoast_head_json":{"title":"La figura de Juan R\u00e9gulo P\u00e9rez es homenajeada en la Sala de Arte Paraninfo de la ULL - ULL - Noticias","robots":{"index":"index","follow":"follow","max-snippet":"max-snippet:-1","max-image-preview":"max-image-preview:large","max-video-preview":"max-video-preview:-1"},"canonical":"https:\/\/www.ull.es\/portal\/noticias\/2015\/la-figura-de-juan-regulo-perez-es-homenajeada-en-la-sala-de-arte-paraninfo-de-la-ull\/","og_locale":"es_ES","og_type":"article","og_title":"La figura de Juan R\u00e9gulo P\u00e9rez es homenajeada en la Sala de Arte Paraninfo de la ULL - ULL - Noticias","og_description":"La colectiva est\u00e1 disponible hasta el 31 de enero. La muestra \u201cDespu\u00e9s de Babel. El sue\u00f1o de Juan R\u00e9gulo P\u00e9rez\u201d...","og_url":"https:\/\/www.ull.es\/portal\/noticias\/2015\/la-figura-de-juan-regulo-perez-es-homenajeada-en-la-sala-de-arte-paraninfo-de-la-ull\/","og_site_name":"ULL - Noticias","article_publisher":"https:\/\/www.facebook.com\/universidaddelalaguna\/","article_published_time":"2015-01-16T11:29:42+00:00","og_image":[{"width":1034,"height":708,"url":"https:\/\/www.ull.es\/portal\/noticias\/wp-content\/uploads\/sites\/13\/2015\/01\/expo-juan-regulo2.jpg","type":"image\/jpeg"}],"author":"prensa2","twitter_card":"summary_large_image","twitter_creator":"@CanalULL","twitter_site":"@CanalULL","twitter_misc":{"Escrito por":"prensa2","Tiempo de lectura":"3 minutos"},"schema":{"@context":"https:\/\/schema.org","@graph":[{"@type":"WebPage","@id":"https:\/\/www.ull.es\/portal\/noticias\/2015\/la-figura-de-juan-regulo-perez-es-homenajeada-en-la-sala-de-arte-paraninfo-de-la-ull\/","url":"https:\/\/www.ull.es\/portal\/noticias\/2015\/la-figura-de-juan-regulo-perez-es-homenajeada-en-la-sala-de-arte-paraninfo-de-la-ull\/","name":"La figura de Juan R\u00e9gulo P\u00e9rez es homenajeada en la Sala de Arte Paraninfo de la ULL - ULL - Noticias","isPartOf":{"@id":"https:\/\/www.ull.es\/portal\/noticias\/#website"},"datePublished":"2015-01-16T11:29:42+00:00","dateModified":"2015-01-16T11:29:42+00:00","author":{"@id":"https:\/\/www.ull.es\/portal\/noticias\/#\/schema\/person\/c3b2aa857797592927a03740d6664376"},"breadcrumb":{"@id":"https:\/\/www.ull.es\/portal\/noticias\/2015\/la-figura-de-juan-regulo-perez-es-homenajeada-en-la-sala-de-arte-paraninfo-de-la-ull\/#breadcrumb"},"inLanguage":"es","potentialAction":[{"@type":"ReadAction","target":["https:\/\/www.ull.es\/portal\/noticias\/2015\/la-figura-de-juan-regulo-perez-es-homenajeada-en-la-sala-de-arte-paraninfo-de-la-ull\/"]}]},{"@type":"BreadcrumbList","@id":"https:\/\/www.ull.es\/portal\/noticias\/2015\/la-figura-de-juan-regulo-perez-es-homenajeada-en-la-sala-de-arte-paraninfo-de-la-ull\/#breadcrumb","itemListElement":[{"@type":"ListItem","position":1,"name":"Portada","item":"https:\/\/www.ull.es\/portal\/noticias\/"},{"@type":"ListItem","position":2,"name":"La figura de Juan R\u00e9gulo P\u00e9rez es homenajeada en la Sala de Arte Paraninfo de la ULL"}]},{"@type":"WebSite","@id":"https:\/\/www.ull.es\/portal\/noticias\/#website","url":"https:\/\/www.ull.es\/portal\/noticias\/","name":"ULL - Noticias","description":"","potentialAction":[{"@type":"SearchAction","target":{"@type":"EntryPoint","urlTemplate":"https:\/\/www.ull.es\/portal\/noticias\/?s={search_term_string}"},"query-input":"required name=search_term_string"}],"inLanguage":"es"},{"@type":"Person","@id":"https:\/\/www.ull.es\/portal\/noticias\/#\/schema\/person\/c3b2aa857797592927a03740d6664376","name":"prensa2","image":{"@type":"ImageObject","inLanguage":"es","@id":"https:\/\/www.ull.es\/portal\/noticias\/#\/schema\/person\/image\/","url":"https:\/\/secure.gravatar.com\/avatar\/b58f310a5de5feb33d1e026d2493f23c?s=96&d=mm&r=g","contentUrl":"https:\/\/secure.gravatar.com\/avatar\/b58f310a5de5feb33d1e026d2493f23c?s=96&d=mm&r=g","caption":"prensa2"},"url":"https:\/\/www.ull.es\/portal\/noticias\/author\/prensa2\/"}]}},"primary_category":null,"featured_image_thumbnail_url":"https:\/\/www.ull.es\/portal\/noticias\/wp-content\/uploads\/sites\/13\/2015\/01\/expo-juan-regulo2-300x205.jpg","_links":{"self":[{"href":"https:\/\/www.ull.es\/portal\/noticias\/wp-json\/wp\/v2\/posts\/11068"}],"collection":[{"href":"https:\/\/www.ull.es\/portal\/noticias\/wp-json\/wp\/v2\/posts"}],"about":[{"href":"https:\/\/www.ull.es\/portal\/noticias\/wp-json\/wp\/v2\/types\/post"}],"author":[{"embeddable":true,"href":"https:\/\/www.ull.es\/portal\/noticias\/wp-json\/wp\/v2\/users\/21"}],"replies":[{"embeddable":true,"href":"https:\/\/www.ull.es\/portal\/noticias\/wp-json\/wp\/v2\/comments?post=11068"}],"version-history":[{"count":0,"href":"https:\/\/www.ull.es\/portal\/noticias\/wp-json\/wp\/v2\/posts\/11068\/revisions"}],"wp:featuredmedia":[{"embeddable":true,"href":"https:\/\/www.ull.es\/portal\/noticias\/wp-json\/wp\/v2\/media\/11835"}],"wp:attachment":[{"href":"https:\/\/www.ull.es\/portal\/noticias\/wp-json\/wp\/v2\/media?parent=11068"}],"wp:term":[{"taxonomy":"category","embeddable":true,"href":"https:\/\/www.ull.es\/portal\/noticias\/wp-json\/wp\/v2\/categories?post=11068"},{"taxonomy":"post_tag","embeddable":true,"href":"https:\/\/www.ull.es\/portal\/noticias\/wp-json\/wp\/v2\/tags?post=11068"}],"curies":[{"name":"wp","href":"https:\/\/api.w.org\/{rel}","templated":true}]}}