{"id":11202,"date":"2015-04-06T08:03:11","date_gmt":"2015-04-06T08:03:11","guid":{"rendered":"http:\/\/ddigital.webs.ull.es\/?p=11202"},"modified":"2015-04-06T08:03:11","modified_gmt":"2015-04-06T08:03:11","slug":"el-consejo-social-y-la-audiencia-de-cuentas-de-canarias-celebran-las-jornadas-informativas-sobre-el-control-externo-de-canarias","status":"publish","type":"post","link":"https:\/\/www.ull.es\/portal\/noticias\/2015\/el-consejo-social-y-la-audiencia-de-cuentas-de-canarias-celebran-las-jornadas-informativas-sobre-el-control-externo-de-canarias\/","title":{"rendered":"El Consejo Social y la Audiencia de Cuentas de Canarias celebran las \u2018Jornadas Informativas sobre el Control Externo de Canarias\u2019"},"content":{"rendered":"<p>El Consejo Social de la Universidad de La Laguna (ULL) y la Audiencia de Cuentas de Canarias celebrar\u00e1n el viernes 17 de abril unas Jornadas Formativas sobre el Control Externo en Canarias, dirigida a los alumnos que cursen estudios acad\u00e9micos relacionados con esta materia. La actividad se llevar\u00e1 a cabo a partir de las 9:00 horas en el Aula Magna de la Facultad de Econom\u00eda, Empresa y Turismo.<br \/>\nEl acto estar\u00e1 presidido por los presidentes del Consejo Social de la ULL y de la Audiencia de Cuentas de Canarias, Jos\u00e9 Miguel Gonz\u00e1lez y Rafael D\u00edaz, respectivamente, adem\u00e1s del rector de la Universidad de La Laguna, Eduardo Dom\u00e9nech y los decanos de las facultades de Econom\u00eda y Derecho.<\/p>\n<p>Tras la inauguraci\u00f3n, se ofrecer\u00e1 la ponencia titulada Organizaci\u00f3n, funciones y metodolog\u00eda de la Audiencia de Cuentas de Canarias, a la que seguir\u00e1 dos charlas: El Procedimiento fiscalizador y La fiscalizaci\u00f3n de las Cuentas generales del servicio p\u00fablico local.<\/p>\n<p>Las jornadas finalizar\u00e1n con la puesta en com\u00fan de un caso pr\u00e1ctico donde los alumnos y dem\u00e1s participantes podr\u00e1n conocer de primera\u00a0 mano los procedimientos y resultados de uno de los trabajos de fiscalizaci\u00f3n desarrollados por la Audiencia de Cuentas de Canarias.<\/p>\n<p><strong>Acuerdo de colaboraci\u00f3n<br \/>\n<\/strong><br \/>\nLa celebraci\u00f3n de esta iniciativa se enmarca en el acuerdo de colaboraci\u00f3n suscrito por la Universidad de La Laguna, a trav\u00e9s de su Consejo Social, y la Audiencia de Cuentas de Canarias para impulsar un programa de formaci\u00f3n continua en relaci\u00f3n a los sistemas de control de la gesti\u00f3n econ\u00f3mica, financiera y contable de los fondos p\u00fablicos y colaborar, al mismo tiempo, en el desarrollo de estudios y trabajos de car\u00e1cter t\u00e9cnico sobre la actividad fiscalizadora de la Audiencia de Cuentas de Canarias.<\/p>\n<p>En este sentido, cabe destacar que mediante este acuerdo se han llevado a cabo diversas actividades formativas dirigidas al personal de administraci\u00f3n y servicios de la ULL, as\u00ed como la puesta en marcha de la rendici\u00f3n de cuentas a trav\u00e9s de un proceso de informatizaci\u00f3n de las cuentas de las universidades canarias. Igualmente, se ha entrado en la primera fase del proceso por el que varios becarios realizar\u00e1n pr\u00e1cticas en la Audiencia de Cuentas de Canarias.<\/p>\n<p>(Nota cedida por el Consejo Social)<\/p>\n","protected":false},"excerpt":{"rendered":"<p>El Consejo Social de la Universidad de La Laguna (ULL) y la Audiencia de Cuentas de Canarias celebrar\u00e1n el viernes&#8230;<\/p>\n","protected":false},"author":23,"featured_media":0,"comment_status":"open","ping_status":"open","sticky":false,"template":"","format":"standard","meta":{"inline_featured_image":false,"footnotes":""},"categories":[347,1],"tags":[],"acf":[],"yoast_head":"<!-- This site is optimized with the Yoast SEO plugin v21.3 - https:\/\/yoast.com\/wordpress\/plugins\/seo\/ -->\n<title>El Consejo Social y la Audiencia de Cuentas de Canarias celebran las \u2018Jornadas Informativas sobre el Control Externo de Canarias\u2019 - ULL - Noticias<\/title>\n<meta name=\"robots\" content=\"index, follow, max-snippet:-1, max-image-preview:large, max-video-preview:-1\" \/>\n<link rel=\"canonical\" href=\"https:\/\/www.ull.es\/portal\/noticias\/2015\/el-consejo-social-y-la-audiencia-de-cuentas-de-canarias-celebran-las-jornadas-informativas-sobre-el-control-externo-de-canarias\/\" \/>\n<meta property=\"og:locale\" content=\"es_ES\" \/>\n<meta property=\"og:type\" content=\"article\" \/>\n<meta property=\"og:title\" content=\"El Consejo Social y la Audiencia de Cuentas de Canarias celebran las \u2018Jornadas Informativas sobre el Control Externo de Canarias\u2019 - ULL - Noticias\" \/>\n<meta property=\"og:description\" content=\"El Consejo Social de la Universidad de La Laguna (ULL) y la Audiencia de Cuentas de Canarias celebrar\u00e1n el viernes...\" \/>\n<meta property=\"og:url\" content=\"https:\/\/www.ull.es\/portal\/noticias\/2015\/el-consejo-social-y-la-audiencia-de-cuentas-de-canarias-celebran-las-jornadas-informativas-sobre-el-control-externo-de-canarias\/\" \/>\n<meta property=\"og:site_name\" content=\"ULL - Noticias\" \/>\n<meta property=\"article:publisher\" content=\"https:\/\/www.facebook.com\/universidaddelalaguna\/\" \/>\n<meta property=\"article:published_time\" content=\"2015-04-06T08:03:11+00:00\" \/>\n<meta property=\"og:image\" content=\"https:\/\/www.ull.es\/portal\/noticias\/wp-content\/uploads\/sites\/13\/2023\/06\/logo-redimensionado.png\" \/>\n\t<meta property=\"og:image:width\" content=\"1200\" \/>\n\t<meta property=\"og:image:height\" content=\"630\" \/>\n\t<meta property=\"og:image:type\" content=\"image\/png\" \/>\n<meta name=\"author\" content=\"gaprsa\" \/>\n<meta name=\"twitter:card\" content=\"summary_large_image\" \/>\n<meta name=\"twitter:creator\" content=\"@CanalULL\" \/>\n<meta name=\"twitter:site\" content=\"@CanalULL\" \/>\n<meta name=\"twitter:label1\" content=\"Escrito por\" \/>\n\t<meta name=\"twitter:data1\" content=\"gaprsa\" \/>\n\t<meta name=\"twitter:label2\" content=\"Tiempo de lectura\" \/>\n\t<meta name=\"twitter:data2\" content=\"2 minutos\" \/>\n<script type=\"application\/ld+json\" class=\"yoast-schema-graph\">{\"@context\":\"https:\/\/schema.org\",\"@graph\":[{\"@type\":\"WebPage\",\"@id\":\"https:\/\/www.ull.es\/portal\/noticias\/2015\/el-consejo-social-y-la-audiencia-de-cuentas-de-canarias-celebran-las-jornadas-informativas-sobre-el-control-externo-de-canarias\/\",\"url\":\"https:\/\/www.ull.es\/portal\/noticias\/2015\/el-consejo-social-y-la-audiencia-de-cuentas-de-canarias-celebran-las-jornadas-informativas-sobre-el-control-externo-de-canarias\/\",\"name\":\"El Consejo Social y la Audiencia de Cuentas de Canarias celebran las \u2018Jornadas Informativas sobre el Control Externo de Canarias\u2019 - ULL - Noticias\",\"isPartOf\":{\"@id\":\"https:\/\/www.ull.es\/portal\/noticias\/#website\"},\"datePublished\":\"2015-04-06T08:03:11+00:00\",\"dateModified\":\"2015-04-06T08:03:11+00:00\",\"author\":{\"@id\":\"https:\/\/www.ull.es\/portal\/noticias\/#\/schema\/person\/b2b1a89d43ffa609e591f7df8ef3e817\"},\"breadcrumb\":{\"@id\":\"https:\/\/www.ull.es\/portal\/noticias\/2015\/el-consejo-social-y-la-audiencia-de-cuentas-de-canarias-celebran-las-jornadas-informativas-sobre-el-control-externo-de-canarias\/#breadcrumb\"},\"inLanguage\":\"es\",\"potentialAction\":[{\"@type\":\"ReadAction\",\"target\":[\"https:\/\/www.ull.es\/portal\/noticias\/2015\/el-consejo-social-y-la-audiencia-de-cuentas-de-canarias-celebran-las-jornadas-informativas-sobre-el-control-externo-de-canarias\/\"]}]},{\"@type\":\"BreadcrumbList\",\"@id\":\"https:\/\/www.ull.es\/portal\/noticias\/2015\/el-consejo-social-y-la-audiencia-de-cuentas-de-canarias-celebran-las-jornadas-informativas-sobre-el-control-externo-de-canarias\/#breadcrumb\",\"itemListElement\":[{\"@type\":\"ListItem\",\"position\":1,\"name\":\"Portada\",\"item\":\"https:\/\/www.ull.es\/portal\/noticias\/\"},{\"@type\":\"ListItem\",\"position\":2,\"name\":\"El Consejo Social y la Audiencia de Cuentas de Canarias celebran las \u2018Jornadas Informativas sobre el Control Externo de Canarias\u2019\"}]},{\"@type\":\"WebSite\",\"@id\":\"https:\/\/www.ull.es\/portal\/noticias\/#website\",\"url\":\"https:\/\/www.ull.es\/portal\/noticias\/\",\"name\":\"ULL - Noticias\",\"description\":\"\",\"potentialAction\":[{\"@type\":\"SearchAction\",\"target\":{\"@type\":\"EntryPoint\",\"urlTemplate\":\"https:\/\/www.ull.es\/portal\/noticias\/?s={search_term_string}\"},\"query-input\":\"required name=search_term_string\"}],\"inLanguage\":\"es\"},{\"@type\":\"Person\",\"@id\":\"https:\/\/www.ull.es\/portal\/noticias\/#\/schema\/person\/b2b1a89d43ffa609e591f7df8ef3e817\",\"name\":\"gaprsa\",\"image\":{\"@type\":\"ImageObject\",\"inLanguage\":\"es\",\"@id\":\"https:\/\/www.ull.es\/portal\/noticias\/#\/schema\/person\/image\/\",\"url\":\"https:\/\/secure.gravatar.com\/avatar\/443820550921091458b4823867723b3d?s=96&d=mm&r=g\",\"contentUrl\":\"https:\/\/secure.gravatar.com\/avatar\/443820550921091458b4823867723b3d?s=96&d=mm&r=g\",\"caption\":\"gaprsa\"},\"url\":\"https:\/\/www.ull.es\/portal\/noticias\/author\/gaprsa\/\"}]}<\/script>\n<!-- \/ Yoast SEO plugin. -->","yoast_head_json":{"title":"El Consejo Social y la Audiencia de Cuentas de Canarias celebran las \u2018Jornadas Informativas sobre el Control Externo de Canarias\u2019 - ULL - Noticias","robots":{"index":"index","follow":"follow","max-snippet":"max-snippet:-1","max-image-preview":"max-image-preview:large","max-video-preview":"max-video-preview:-1"},"canonical":"https:\/\/www.ull.es\/portal\/noticias\/2015\/el-consejo-social-y-la-audiencia-de-cuentas-de-canarias-celebran-las-jornadas-informativas-sobre-el-control-externo-de-canarias\/","og_locale":"es_ES","og_type":"article","og_title":"El Consejo Social y la Audiencia de Cuentas de Canarias celebran las \u2018Jornadas Informativas sobre el Control Externo de Canarias\u2019 - ULL - Noticias","og_description":"El Consejo Social de la Universidad de La Laguna (ULL) y la Audiencia de Cuentas de Canarias celebrar\u00e1n el viernes...","og_url":"https:\/\/www.ull.es\/portal\/noticias\/2015\/el-consejo-social-y-la-audiencia-de-cuentas-de-canarias-celebran-las-jornadas-informativas-sobre-el-control-externo-de-canarias\/","og_site_name":"ULL - Noticias","article_publisher":"https:\/\/www.facebook.com\/universidaddelalaguna\/","article_published_time":"2015-04-06T08:03:11+00:00","og_image":[{"width":1200,"height":630,"url":"https:\/\/www.ull.es\/portal\/noticias\/wp-content\/uploads\/sites\/13\/2023\/06\/logo-redimensionado.png","type":"image\/png"}],"author":"gaprsa","twitter_card":"summary_large_image","twitter_creator":"@CanalULL","twitter_site":"@CanalULL","twitter_misc":{"Escrito por":"gaprsa","Tiempo de lectura":"2 minutos"},"schema":{"@context":"https:\/\/schema.org","@graph":[{"@type":"WebPage","@id":"https:\/\/www.ull.es\/portal\/noticias\/2015\/el-consejo-social-y-la-audiencia-de-cuentas-de-canarias-celebran-las-jornadas-informativas-sobre-el-control-externo-de-canarias\/","url":"https:\/\/www.ull.es\/portal\/noticias\/2015\/el-consejo-social-y-la-audiencia-de-cuentas-de-canarias-celebran-las-jornadas-informativas-sobre-el-control-externo-de-canarias\/","name":"El Consejo Social y la Audiencia de Cuentas de Canarias celebran las \u2018Jornadas Informativas sobre el Control Externo de Canarias\u2019 - ULL - Noticias","isPartOf":{"@id":"https:\/\/www.ull.es\/portal\/noticias\/#website"},"datePublished":"2015-04-06T08:03:11+00:00","dateModified":"2015-04-06T08:03:11+00:00","author":{"@id":"https:\/\/www.ull.es\/portal\/noticias\/#\/schema\/person\/b2b1a89d43ffa609e591f7df8ef3e817"},"breadcrumb":{"@id":"https:\/\/www.ull.es\/portal\/noticias\/2015\/el-consejo-social-y-la-audiencia-de-cuentas-de-canarias-celebran-las-jornadas-informativas-sobre-el-control-externo-de-canarias\/#breadcrumb"},"inLanguage":"es","potentialAction":[{"@type":"ReadAction","target":["https:\/\/www.ull.es\/portal\/noticias\/2015\/el-consejo-social-y-la-audiencia-de-cuentas-de-canarias-celebran-las-jornadas-informativas-sobre-el-control-externo-de-canarias\/"]}]},{"@type":"BreadcrumbList","@id":"https:\/\/www.ull.es\/portal\/noticias\/2015\/el-consejo-social-y-la-audiencia-de-cuentas-de-canarias-celebran-las-jornadas-informativas-sobre-el-control-externo-de-canarias\/#breadcrumb","itemListElement":[{"@type":"ListItem","position":1,"name":"Portada","item":"https:\/\/www.ull.es\/portal\/noticias\/"},{"@type":"ListItem","position":2,"name":"El Consejo Social y la Audiencia de Cuentas de Canarias celebran las \u2018Jornadas Informativas sobre el Control Externo de Canarias\u2019"}]},{"@type":"WebSite","@id":"https:\/\/www.ull.es\/portal\/noticias\/#website","url":"https:\/\/www.ull.es\/portal\/noticias\/","name":"ULL - Noticias","description":"","potentialAction":[{"@type":"SearchAction","target":{"@type":"EntryPoint","urlTemplate":"https:\/\/www.ull.es\/portal\/noticias\/?s={search_term_string}"},"query-input":"required name=search_term_string"}],"inLanguage":"es"},{"@type":"Person","@id":"https:\/\/www.ull.es\/portal\/noticias\/#\/schema\/person\/b2b1a89d43ffa609e591f7df8ef3e817","name":"gaprsa","image":{"@type":"ImageObject","inLanguage":"es","@id":"https:\/\/www.ull.es\/portal\/noticias\/#\/schema\/person\/image\/","url":"https:\/\/secure.gravatar.com\/avatar\/443820550921091458b4823867723b3d?s=96&d=mm&r=g","contentUrl":"https:\/\/secure.gravatar.com\/avatar\/443820550921091458b4823867723b3d?s=96&d=mm&r=g","caption":"gaprsa"},"url":"https:\/\/www.ull.es\/portal\/noticias\/author\/gaprsa\/"}]}},"primary_category":null,"featured_image_thumbnail_url":null,"_links":{"self":[{"href":"https:\/\/www.ull.es\/portal\/noticias\/wp-json\/wp\/v2\/posts\/11202"}],"collection":[{"href":"https:\/\/www.ull.es\/portal\/noticias\/wp-json\/wp\/v2\/posts"}],"about":[{"href":"https:\/\/www.ull.es\/portal\/noticias\/wp-json\/wp\/v2\/types\/post"}],"author":[{"embeddable":true,"href":"https:\/\/www.ull.es\/portal\/noticias\/wp-json\/wp\/v2\/users\/23"}],"replies":[{"embeddable":true,"href":"https:\/\/www.ull.es\/portal\/noticias\/wp-json\/wp\/v2\/comments?post=11202"}],"version-history":[{"count":0,"href":"https:\/\/www.ull.es\/portal\/noticias\/wp-json\/wp\/v2\/posts\/11202\/revisions"}],"wp:attachment":[{"href":"https:\/\/www.ull.es\/portal\/noticias\/wp-json\/wp\/v2\/media?parent=11202"}],"wp:term":[{"taxonomy":"category","embeddable":true,"href":"https:\/\/www.ull.es\/portal\/noticias\/wp-json\/wp\/v2\/categories?post=11202"},{"taxonomy":"post_tag","embeddable":true,"href":"https:\/\/www.ull.es\/portal\/noticias\/wp-json\/wp\/v2\/tags?post=11202"}],"curies":[{"name":"wp","href":"https:\/\/api.w.org\/{rel}","templated":true}]}}