{"id":11241,"date":"2015-04-10T12:41:10","date_gmt":"2015-04-10T12:41:10","guid":{"rendered":"http:\/\/ddigital.webs.ull.es\/?p=11241"},"modified":"2015-04-10T12:41:10","modified_gmt":"2015-04-10T12:41:10","slug":"la-universidad-de-la-laguna-afronta-su-cuarto-campus-de-participacion","status":"publish","type":"post","link":"https:\/\/www.ull.es\/portal\/noticias\/2015\/la-universidad-de-la-laguna-afronta-su-cuarto-campus-de-participacion\/","title":{"rendered":"La Universidad de La Laguna afronta su cuarto Campus de Participaci\u00f3n"},"content":{"rendered":"<h4>Un centenar de delegados de clase, representantes claustrales y de juntas de centro debaten sobre su modelo de implicaci\u00f3n de la vida universitaria<\/h4>\n<p>La Secci\u00f3n de Qu\u00edmica de la Facultad de Ciencias de la Universidad de La Laguna celebra la und\u00e9cima edici\u00f3n de su congreso de estudiantes, que comenzar\u00e1 el pr\u00f3ximo lunes 13 de abril y se desarrollar\u00e1 hasta el mi\u00e9rcoles 15 en el Sal\u00f3n de Grado de la Secci\u00f3n. Esta iniciativa se ha ido consolidando a lo largo de los a\u00f1os con la finalidad de estimular en el alumnado el aprendizaje por la ciencia, desde el conocimiento b\u00e1sico hasta el proceso de investigaci\u00f3n y divulgaci\u00f3n cient\u00edfica.<\/p>\n<p>Este evento brinda la oportunidad a los estudiantes de participar como organizadores, como participantes de comunicaciones orales o en formato cartel, o como asistentes a las charlas, donde pueden plantear cuestiones directamente a los ponentes en las distintas sesiones. En esta ocasi\u00f3n se presentar\u00e1n 40 carteles y 20 comunicaciones orales con los resultados de los trabajos desarrollados y se cuenta con 80 inscritos en el congreso.<\/p>\n<p>Adem\u00e1s de las sesiones de presentaci\u00f3n de trabajos del alumnado, habr\u00e1 una serie de conferencias invitadas y mesas redondas intercaladas a lo largo del programa. De este modo, la charla de inauguraci\u00f3n, el lunes 13 a las 17:30 horas, versar\u00e1 sobre \u201cEl periodismo cient\u00edfico y la divulgaci\u00f3n como profesi\u00f3n y como investigaci\u00f3n acad\u00e9mica\u201d, y ser\u00e1 impartida por Carlos El\u00edas P\u00e9rez, catedr\u00e1tico de Periodismo de la Universidad Carlos III y exalumno de la Facultad de Qu\u00edmica de la ULL.<\/p>\n<p>Tambi\u00e9n se contar\u00e1 con una conferencia a cargo de Eduardo L. Mart\u00edn Guerrero de Escalante, profesor de investigaci\u00f3n del Centro de Astrobiolog\u00eda CSIC-INTA, en la que comentar\u00e1 \u201cLa misteriosa qu\u00edmica de las estrellas\u201d. Asimismo, Lucien Petrova Veleva, responsable del Laboratorio de Fisicoqu\u00edmica de M\u00e9rida (Yucat\u00e1n, M\u00e9xico) disertar\u00e1 sobre \u201cLa corrosi\u00f3n electroqu\u00edmica y su impacto ambiental\u201d.<\/p>\n<p>Otro asunto que se abordar\u00e1 en este encuentro ser\u00e1 el acercamiento a las distintas salidas profesionales y a la carrera investigadora, mediante una mesa\u00a0 redonda que se desarrollar\u00e1 el martes 14. La conferencia de clausura, a cargo de Alberto Hern\u00e1ndez Creus, catedr\u00e1tico de Qu\u00edmica F\u00edsica de la ULL, tratar\u00e1 sobre \u201cLa belleza de lo diminuto a trav\u00e9s de los m\u00e1s grandes\u201d y, por \u00faltimo, una entrega de premios cerrar\u00e1 esta edici\u00f3n.<\/p>\n<p>La participaci\u00f3n en este congreso podr\u00e1 ser convalidada por cr\u00e9ditos de libre elecci\u00f3n o ECTS: uno por la asistencia, otro por la presentaci\u00f3n de p\u00f3ster o comunicaci\u00f3n oral, y dos cr\u00e9ditos por hacer ambas cosas. El programa puede ser consultado en la web: <a href=\"http:\/\/facquim.webs.ull.es\/\" target=\"_blank\" target=\"_blank\" rel=\"noopener\">http:\/\/facquim.webs.ull.es\/<\/a><\/p>\n<p><strong>A\u00f1o Internacional de los Suelos<br \/>\n<\/strong><\/p>\n<p>En esta edici\u00f3n del congreso, coincidiendo con la declaraci\u00f3n por la Organizaci\u00f3n de las Naciones Unidas del a\u00f1o 2015 como A\u00f1o Internacional de los Suelos, se organizar\u00e1n una serie de actividades paralelas al congreso los d\u00edas 13 y 14 de abril.<\/p>\n<p>As\u00ed, se presentar\u00e1 una exposici\u00f3n de la Sociedad Espa\u00f1ola de la Ciencia del Suelo y se impartir\u00e1 la conferencia titulada \u201cSuelo, sociedad y cambio global\u201d, a cargo de Winfried E.H. Blum, presidente de la Uni\u00f3n Internacional de Sociedades Nacionales de la Ciencia del Suelo IUSSS. Todo ello con el prop\u00f3sito de contribuir a sus objetivos de tomar conciencia sobre la profunda importancia del suelo para la vida humana.<\/p>\n\n","protected":false},"excerpt":{"rendered":"<p>Un centenar de delegados de clase, representantes claustrales y de juntas de centro debaten sobre su modelo de implicaci\u00f3n de&#8230;<\/p>\n","protected":false},"author":23,"featured_media":11242,"comment_status":"open","ping_status":"open","sticky":false,"template":"","format":"standard","meta":{"inline_featured_image":false,"footnotes":""},"categories":[343,345,1],"tags":[],"acf":[],"yoast_head":"<!-- This site is optimized with the Yoast SEO plugin v21.3 - https:\/\/yoast.com\/wordpress\/plugins\/seo\/ -->\n<title>La Universidad de La Laguna afronta su cuarto Campus de Participaci\u00f3n - ULL - Noticias<\/title>\n<meta name=\"robots\" content=\"index, follow, max-snippet:-1, max-image-preview:large, max-video-preview:-1\" \/>\n<link rel=\"canonical\" href=\"https:\/\/www.ull.es\/portal\/noticias\/2015\/la-universidad-de-la-laguna-afronta-su-cuarto-campus-de-participacion\/\" \/>\n<meta property=\"og:locale\" content=\"es_ES\" \/>\n<meta property=\"og:type\" content=\"article\" \/>\n<meta property=\"og:title\" content=\"La Universidad de La Laguna afronta su cuarto Campus de Participaci\u00f3n - ULL - Noticias\" \/>\n<meta property=\"og:description\" content=\"Un centenar de delegados de clase, representantes claustrales y de juntas de centro debaten sobre su modelo de implicaci\u00f3n de...\" \/>\n<meta property=\"og:url\" content=\"https:\/\/www.ull.es\/portal\/noticias\/2015\/la-universidad-de-la-laguna-afronta-su-cuarto-campus-de-participacion\/\" \/>\n<meta property=\"og:site_name\" content=\"ULL - Noticias\" \/>\n<meta property=\"article:publisher\" content=\"https:\/\/www.facebook.com\/universidaddelalaguna\/\" \/>\n<meta property=\"article:published_time\" content=\"2015-04-10T12:41:10+00:00\" \/>\n<meta property=\"og:image\" content=\"https:\/\/www.ull.es\/portal\/noticias\/wp-content\/uploads\/sites\/13\/2015\/04\/Participacion-estudiantil-019.jpg\" \/>\n\t<meta property=\"og:image:width\" content=\"1034\" \/>\n\t<meta property=\"og:image:height\" content=\"708\" \/>\n\t<meta property=\"og:image:type\" content=\"image\/jpeg\" \/>\n<meta name=\"author\" content=\"gaprsa\" \/>\n<meta name=\"twitter:card\" content=\"summary_large_image\" \/>\n<meta name=\"twitter:creator\" content=\"@CanalULL\" \/>\n<meta name=\"twitter:site\" content=\"@CanalULL\" \/>\n<meta name=\"twitter:label1\" content=\"Escrito por\" \/>\n\t<meta name=\"twitter:data1\" content=\"gaprsa\" \/>\n\t<meta name=\"twitter:label2\" content=\"Tiempo de lectura\" \/>\n\t<meta name=\"twitter:data2\" content=\"3 minutos\" \/>\n<script type=\"application\/ld+json\" class=\"yoast-schema-graph\">{\"@context\":\"https:\/\/schema.org\",\"@graph\":[{\"@type\":\"WebPage\",\"@id\":\"https:\/\/www.ull.es\/portal\/noticias\/2015\/la-universidad-de-la-laguna-afronta-su-cuarto-campus-de-participacion\/\",\"url\":\"https:\/\/www.ull.es\/portal\/noticias\/2015\/la-universidad-de-la-laguna-afronta-su-cuarto-campus-de-participacion\/\",\"name\":\"La Universidad de La Laguna afronta su cuarto Campus de Participaci\u00f3n - ULL - Noticias\",\"isPartOf\":{\"@id\":\"https:\/\/www.ull.es\/portal\/noticias\/#website\"},\"datePublished\":\"2015-04-10T12:41:10+00:00\",\"dateModified\":\"2015-04-10T12:41:10+00:00\",\"author\":{\"@id\":\"https:\/\/www.ull.es\/portal\/noticias\/#\/schema\/person\/b2b1a89d43ffa609e591f7df8ef3e817\"},\"breadcrumb\":{\"@id\":\"https:\/\/www.ull.es\/portal\/noticias\/2015\/la-universidad-de-la-laguna-afronta-su-cuarto-campus-de-participacion\/#breadcrumb\"},\"inLanguage\":\"es\",\"potentialAction\":[{\"@type\":\"ReadAction\",\"target\":[\"https:\/\/www.ull.es\/portal\/noticias\/2015\/la-universidad-de-la-laguna-afronta-su-cuarto-campus-de-participacion\/\"]}]},{\"@type\":\"BreadcrumbList\",\"@id\":\"https:\/\/www.ull.es\/portal\/noticias\/2015\/la-universidad-de-la-laguna-afronta-su-cuarto-campus-de-participacion\/#breadcrumb\",\"itemListElement\":[{\"@type\":\"ListItem\",\"position\":1,\"name\":\"Portada\",\"item\":\"https:\/\/www.ull.es\/portal\/noticias\/\"},{\"@type\":\"ListItem\",\"position\":2,\"name\":\"La Universidad de La Laguna afronta su cuarto Campus de Participaci\u00f3n\"}]},{\"@type\":\"WebSite\",\"@id\":\"https:\/\/www.ull.es\/portal\/noticias\/#website\",\"url\":\"https:\/\/www.ull.es\/portal\/noticias\/\",\"name\":\"ULL - Noticias\",\"description\":\"\",\"potentialAction\":[{\"@type\":\"SearchAction\",\"target\":{\"@type\":\"EntryPoint\",\"urlTemplate\":\"https:\/\/www.ull.es\/portal\/noticias\/?s={search_term_string}\"},\"query-input\":\"required name=search_term_string\"}],\"inLanguage\":\"es\"},{\"@type\":\"Person\",\"@id\":\"https:\/\/www.ull.es\/portal\/noticias\/#\/schema\/person\/b2b1a89d43ffa609e591f7df8ef3e817\",\"name\":\"gaprsa\",\"image\":{\"@type\":\"ImageObject\",\"inLanguage\":\"es\",\"@id\":\"https:\/\/www.ull.es\/portal\/noticias\/#\/schema\/person\/image\/\",\"url\":\"https:\/\/secure.gravatar.com\/avatar\/443820550921091458b4823867723b3d?s=96&d=mm&r=g\",\"contentUrl\":\"https:\/\/secure.gravatar.com\/avatar\/443820550921091458b4823867723b3d?s=96&d=mm&r=g\",\"caption\":\"gaprsa\"},\"url\":\"https:\/\/www.ull.es\/portal\/noticias\/author\/gaprsa\/\"}]}<\/script>\n<!-- \/ Yoast SEO plugin. -->","yoast_head_json":{"title":"La Universidad de La Laguna afronta su cuarto Campus de Participaci\u00f3n - ULL - Noticias","robots":{"index":"index","follow":"follow","max-snippet":"max-snippet:-1","max-image-preview":"max-image-preview:large","max-video-preview":"max-video-preview:-1"},"canonical":"https:\/\/www.ull.es\/portal\/noticias\/2015\/la-universidad-de-la-laguna-afronta-su-cuarto-campus-de-participacion\/","og_locale":"es_ES","og_type":"article","og_title":"La Universidad de La Laguna afronta su cuarto Campus de Participaci\u00f3n - ULL - Noticias","og_description":"Un centenar de delegados de clase, representantes claustrales y de juntas de centro debaten sobre su modelo de implicaci\u00f3n de...","og_url":"https:\/\/www.ull.es\/portal\/noticias\/2015\/la-universidad-de-la-laguna-afronta-su-cuarto-campus-de-participacion\/","og_site_name":"ULL - Noticias","article_publisher":"https:\/\/www.facebook.com\/universidaddelalaguna\/","article_published_time":"2015-04-10T12:41:10+00:00","og_image":[{"width":1034,"height":708,"url":"https:\/\/www.ull.es\/portal\/noticias\/wp-content\/uploads\/sites\/13\/2015\/04\/Participacion-estudiantil-019.jpg","type":"image\/jpeg"}],"author":"gaprsa","twitter_card":"summary_large_image","twitter_creator":"@CanalULL","twitter_site":"@CanalULL","twitter_misc":{"Escrito por":"gaprsa","Tiempo de lectura":"3 minutos"},"schema":{"@context":"https:\/\/schema.org","@graph":[{"@type":"WebPage","@id":"https:\/\/www.ull.es\/portal\/noticias\/2015\/la-universidad-de-la-laguna-afronta-su-cuarto-campus-de-participacion\/","url":"https:\/\/www.ull.es\/portal\/noticias\/2015\/la-universidad-de-la-laguna-afronta-su-cuarto-campus-de-participacion\/","name":"La Universidad de La Laguna afronta su cuarto Campus de Participaci\u00f3n - ULL - Noticias","isPartOf":{"@id":"https:\/\/www.ull.es\/portal\/noticias\/#website"},"datePublished":"2015-04-10T12:41:10+00:00","dateModified":"2015-04-10T12:41:10+00:00","author":{"@id":"https:\/\/www.ull.es\/portal\/noticias\/#\/schema\/person\/b2b1a89d43ffa609e591f7df8ef3e817"},"breadcrumb":{"@id":"https:\/\/www.ull.es\/portal\/noticias\/2015\/la-universidad-de-la-laguna-afronta-su-cuarto-campus-de-participacion\/#breadcrumb"},"inLanguage":"es","potentialAction":[{"@type":"ReadAction","target":["https:\/\/www.ull.es\/portal\/noticias\/2015\/la-universidad-de-la-laguna-afronta-su-cuarto-campus-de-participacion\/"]}]},{"@type":"BreadcrumbList","@id":"https:\/\/www.ull.es\/portal\/noticias\/2015\/la-universidad-de-la-laguna-afronta-su-cuarto-campus-de-participacion\/#breadcrumb","itemListElement":[{"@type":"ListItem","position":1,"name":"Portada","item":"https:\/\/www.ull.es\/portal\/noticias\/"},{"@type":"ListItem","position":2,"name":"La Universidad de La Laguna afronta su cuarto Campus de Participaci\u00f3n"}]},{"@type":"WebSite","@id":"https:\/\/www.ull.es\/portal\/noticias\/#website","url":"https:\/\/www.ull.es\/portal\/noticias\/","name":"ULL - Noticias","description":"","potentialAction":[{"@type":"SearchAction","target":{"@type":"EntryPoint","urlTemplate":"https:\/\/www.ull.es\/portal\/noticias\/?s={search_term_string}"},"query-input":"required name=search_term_string"}],"inLanguage":"es"},{"@type":"Person","@id":"https:\/\/www.ull.es\/portal\/noticias\/#\/schema\/person\/b2b1a89d43ffa609e591f7df8ef3e817","name":"gaprsa","image":{"@type":"ImageObject","inLanguage":"es","@id":"https:\/\/www.ull.es\/portal\/noticias\/#\/schema\/person\/image\/","url":"https:\/\/secure.gravatar.com\/avatar\/443820550921091458b4823867723b3d?s=96&d=mm&r=g","contentUrl":"https:\/\/secure.gravatar.com\/avatar\/443820550921091458b4823867723b3d?s=96&d=mm&r=g","caption":"gaprsa"},"url":"https:\/\/www.ull.es\/portal\/noticias\/author\/gaprsa\/"}]}},"primary_category":null,"featured_image_thumbnail_url":"https:\/\/www.ull.es\/portal\/noticias\/wp-content\/uploads\/sites\/13\/2015\/04\/Participacion-estudiantil-019-300x205.jpg","_links":{"self":[{"href":"https:\/\/www.ull.es\/portal\/noticias\/wp-json\/wp\/v2\/posts\/11241"}],"collection":[{"href":"https:\/\/www.ull.es\/portal\/noticias\/wp-json\/wp\/v2\/posts"}],"about":[{"href":"https:\/\/www.ull.es\/portal\/noticias\/wp-json\/wp\/v2\/types\/post"}],"author":[{"embeddable":true,"href":"https:\/\/www.ull.es\/portal\/noticias\/wp-json\/wp\/v2\/users\/23"}],"replies":[{"embeddable":true,"href":"https:\/\/www.ull.es\/portal\/noticias\/wp-json\/wp\/v2\/comments?post=11241"}],"version-history":[{"count":0,"href":"https:\/\/www.ull.es\/portal\/noticias\/wp-json\/wp\/v2\/posts\/11241\/revisions"}],"wp:featuredmedia":[{"embeddable":true,"href":"https:\/\/www.ull.es\/portal\/noticias\/wp-json\/wp\/v2\/media\/11242"}],"wp:attachment":[{"href":"https:\/\/www.ull.es\/portal\/noticias\/wp-json\/wp\/v2\/media?parent=11241"}],"wp:term":[{"taxonomy":"category","embeddable":true,"href":"https:\/\/www.ull.es\/portal\/noticias\/wp-json\/wp\/v2\/categories?post=11241"},{"taxonomy":"post_tag","embeddable":true,"href":"https:\/\/www.ull.es\/portal\/noticias\/wp-json\/wp\/v2\/tags?post=11241"}],"curies":[{"name":"wp","href":"https:\/\/api.w.org\/{rel}","templated":true}]}}