{"id":11271,"date":"2015-04-15T08:41:06","date_gmt":"2015-04-15T08:41:06","guid":{"rendered":"http:\/\/ddigital.webs.ull.es\/?p=11271"},"modified":"2015-04-15T08:41:06","modified_gmt":"2015-04-15T08:41:06","slug":"estudiantes-de-trabajo-social-de-la-ull-organizan-un-partido-de-futbol-sala-con-fines-solidarios","status":"publish","type":"post","link":"https:\/\/www.ull.es\/portal\/noticias\/2015\/estudiantes-de-trabajo-social-de-la-ull-organizan-un-partido-de-futbol-sala-con-fines-solidarios\/","title":{"rendered":"Estudiantes de Trabajo Social de la ULL organizan un partido de f\u00fatbol sala con fines solidarios"},"content":{"rendered":"<h4>El encuentro recoger\u00e1 alimentos y dinero para la parroquia de Santa Mar\u00eda de A\u00f1aza<\/h4>\n<p>Un grupo de estudiantes del Grado de Trabajo Social de la Universidad de La Laguna ha organizado el pr\u00f3ximo s\u00e1bado 18 de abril, en colaboraci\u00f3n con el equipo Ademi Tenerife, el primer encuentro ben\u00e9fico de f\u00fatbol sala \u201cPor un partido Sin L\u00edmites\u201d, que se celebrar\u00e1 en el Pabell\u00f3n Municipal de Deportes Quico Cabrera de Santa Cruz de Tenerife. El precio de la entrada ser\u00e1 de un euro, y todo lo recaudado ir\u00e1 destinado a beneficio de la despensa de alimentos de la Parroquia Santa Mar\u00eda de A\u00f1aza. Tambi\u00e9n habr\u00e1 recogida de alimentos.<\/p>\n<p>El equipo del alumnado es mixto y ha sido denominado Trabajo Social Inclusi\u00f3n Deportiva, con el objetivo de lograr a trav\u00e9s del deporte la integraci\u00f3n e inclusi\u00f3n social de los colectivos con m\u00e1s dificultades. Por su parte, el Ademi Tenerife FS est\u00e1 compuesto por deportistas con discapacidad intelectual, que tiene entre sus logros un meritorio cuarto puesto en el pasado campeonato de Espa\u00f1a de discapacidad intelectual celebrado en Cartagena.<\/p>\n<p>El equipo de Trabajo Social Inclusi\u00f3n Deportiva esperan transmitir tanto al conjunto del Ademi como a sus familiares y a los presentes los valores de deportividad, igualdad, esfuerzo o compa\u00f1erismo. El evento cuenta con la colaboraci\u00f3n del OAD De Santa Cruz, el Vicerrectorado de Relaciones Universidad y Sociedad de la Universidad de La Laguna, Fuente Alta y At\u00edpico Estudio.<\/p>\n","protected":false},"excerpt":{"rendered":"<p>El encuentro recoger\u00e1 alimentos y dinero para la parroquia de Santa Mar\u00eda de A\u00f1aza Un grupo de estudiantes del Grado&#8230;<\/p>\n","protected":false},"author":23,"featured_media":11272,"comment_status":"open","ping_status":"open","sticky":false,"template":"","format":"standard","meta":{"inline_featured_image":false,"footnotes":""},"categories":[343,1],"tags":[],"acf":[],"yoast_head":"<!-- This site is optimized with the Yoast SEO plugin v21.3 - https:\/\/yoast.com\/wordpress\/plugins\/seo\/ -->\n<title>Estudiantes de Trabajo Social de la ULL organizan un partido de f\u00fatbol sala con fines solidarios - ULL - Noticias<\/title>\n<meta name=\"robots\" content=\"index, follow, max-snippet:-1, max-image-preview:large, max-video-preview:-1\" \/>\n<link rel=\"canonical\" href=\"https:\/\/www.ull.es\/portal\/noticias\/2015\/estudiantes-de-trabajo-social-de-la-ull-organizan-un-partido-de-futbol-sala-con-fines-solidarios\/\" \/>\n<meta property=\"og:locale\" content=\"es_ES\" \/>\n<meta property=\"og:type\" content=\"article\" \/>\n<meta property=\"og:title\" content=\"Estudiantes de Trabajo Social de la ULL organizan un partido de f\u00fatbol sala con fines solidarios - ULL - Noticias\" \/>\n<meta property=\"og:description\" content=\"El encuentro recoger\u00e1 alimentos y dinero para la parroquia de Santa Mar\u00eda de A\u00f1aza Un grupo de estudiantes del Grado...\" \/>\n<meta property=\"og:url\" content=\"https:\/\/www.ull.es\/portal\/noticias\/2015\/estudiantes-de-trabajo-social-de-la-ull-organizan-un-partido-de-futbol-sala-con-fines-solidarios\/\" \/>\n<meta property=\"og:site_name\" content=\"ULL - Noticias\" \/>\n<meta property=\"article:publisher\" content=\"https:\/\/www.facebook.com\/universidaddelalaguna\/\" \/>\n<meta property=\"article:published_time\" content=\"2015-04-15T08:41:06+00:00\" \/>\n<meta property=\"og:image\" content=\"https:\/\/www.ull.es\/portal\/noticias\/wp-content\/uploads\/sites\/13\/2015\/04\/encuentro-benefico-futbol-sala.jpg\" \/>\n\t<meta property=\"og:image:width\" content=\"724\" \/>\n\t<meta property=\"og:image:height\" content=\"1024\" \/>\n\t<meta property=\"og:image:type\" content=\"image\/jpeg\" \/>\n<meta name=\"author\" content=\"gaprsa\" \/>\n<meta name=\"twitter:card\" content=\"summary_large_image\" \/>\n<meta name=\"twitter:creator\" content=\"@CanalULL\" \/>\n<meta name=\"twitter:site\" content=\"@CanalULL\" \/>\n<meta name=\"twitter:label1\" content=\"Escrito por\" \/>\n\t<meta name=\"twitter:data1\" content=\"gaprsa\" \/>\n\t<meta name=\"twitter:label2\" content=\"Tiempo de lectura\" \/>\n\t<meta name=\"twitter:data2\" content=\"1 minuto\" \/>\n<script type=\"application\/ld+json\" class=\"yoast-schema-graph\">{\"@context\":\"https:\/\/schema.org\",\"@graph\":[{\"@type\":\"WebPage\",\"@id\":\"https:\/\/www.ull.es\/portal\/noticias\/2015\/estudiantes-de-trabajo-social-de-la-ull-organizan-un-partido-de-futbol-sala-con-fines-solidarios\/\",\"url\":\"https:\/\/www.ull.es\/portal\/noticias\/2015\/estudiantes-de-trabajo-social-de-la-ull-organizan-un-partido-de-futbol-sala-con-fines-solidarios\/\",\"name\":\"Estudiantes de Trabajo Social de la ULL organizan un partido de f\u00fatbol sala con fines solidarios - ULL - Noticias\",\"isPartOf\":{\"@id\":\"https:\/\/www.ull.es\/portal\/noticias\/#website\"},\"datePublished\":\"2015-04-15T08:41:06+00:00\",\"dateModified\":\"2015-04-15T08:41:06+00:00\",\"author\":{\"@id\":\"https:\/\/www.ull.es\/portal\/noticias\/#\/schema\/person\/b2b1a89d43ffa609e591f7df8ef3e817\"},\"breadcrumb\":{\"@id\":\"https:\/\/www.ull.es\/portal\/noticias\/2015\/estudiantes-de-trabajo-social-de-la-ull-organizan-un-partido-de-futbol-sala-con-fines-solidarios\/#breadcrumb\"},\"inLanguage\":\"es\",\"potentialAction\":[{\"@type\":\"ReadAction\",\"target\":[\"https:\/\/www.ull.es\/portal\/noticias\/2015\/estudiantes-de-trabajo-social-de-la-ull-organizan-un-partido-de-futbol-sala-con-fines-solidarios\/\"]}]},{\"@type\":\"BreadcrumbList\",\"@id\":\"https:\/\/www.ull.es\/portal\/noticias\/2015\/estudiantes-de-trabajo-social-de-la-ull-organizan-un-partido-de-futbol-sala-con-fines-solidarios\/#breadcrumb\",\"itemListElement\":[{\"@type\":\"ListItem\",\"position\":1,\"name\":\"Portada\",\"item\":\"https:\/\/www.ull.es\/portal\/noticias\/\"},{\"@type\":\"ListItem\",\"position\":2,\"name\":\"Estudiantes de Trabajo Social de la ULL organizan un partido de f\u00fatbol sala con fines solidarios\"}]},{\"@type\":\"WebSite\",\"@id\":\"https:\/\/www.ull.es\/portal\/noticias\/#website\",\"url\":\"https:\/\/www.ull.es\/portal\/noticias\/\",\"name\":\"ULL - Noticias\",\"description\":\"\",\"potentialAction\":[{\"@type\":\"SearchAction\",\"target\":{\"@type\":\"EntryPoint\",\"urlTemplate\":\"https:\/\/www.ull.es\/portal\/noticias\/?s={search_term_string}\"},\"query-input\":\"required name=search_term_string\"}],\"inLanguage\":\"es\"},{\"@type\":\"Person\",\"@id\":\"https:\/\/www.ull.es\/portal\/noticias\/#\/schema\/person\/b2b1a89d43ffa609e591f7df8ef3e817\",\"name\":\"gaprsa\",\"image\":{\"@type\":\"ImageObject\",\"inLanguage\":\"es\",\"@id\":\"https:\/\/www.ull.es\/portal\/noticias\/#\/schema\/person\/image\/\",\"url\":\"https:\/\/secure.gravatar.com\/avatar\/443820550921091458b4823867723b3d?s=96&d=mm&r=g\",\"contentUrl\":\"https:\/\/secure.gravatar.com\/avatar\/443820550921091458b4823867723b3d?s=96&d=mm&r=g\",\"caption\":\"gaprsa\"},\"url\":\"https:\/\/www.ull.es\/portal\/noticias\/author\/gaprsa\/\"}]}<\/script>\n<!-- \/ Yoast SEO plugin. -->","yoast_head_json":{"title":"Estudiantes de Trabajo Social de la ULL organizan un partido de f\u00fatbol sala con fines solidarios - ULL - Noticias","robots":{"index":"index","follow":"follow","max-snippet":"max-snippet:-1","max-image-preview":"max-image-preview:large","max-video-preview":"max-video-preview:-1"},"canonical":"https:\/\/www.ull.es\/portal\/noticias\/2015\/estudiantes-de-trabajo-social-de-la-ull-organizan-un-partido-de-futbol-sala-con-fines-solidarios\/","og_locale":"es_ES","og_type":"article","og_title":"Estudiantes de Trabajo Social de la ULL organizan un partido de f\u00fatbol sala con fines solidarios - ULL - Noticias","og_description":"El encuentro recoger\u00e1 alimentos y dinero para la parroquia de Santa Mar\u00eda de A\u00f1aza Un grupo de estudiantes del Grado...","og_url":"https:\/\/www.ull.es\/portal\/noticias\/2015\/estudiantes-de-trabajo-social-de-la-ull-organizan-un-partido-de-futbol-sala-con-fines-solidarios\/","og_site_name":"ULL - Noticias","article_publisher":"https:\/\/www.facebook.com\/universidaddelalaguna\/","article_published_time":"2015-04-15T08:41:06+00:00","og_image":[{"width":724,"height":1024,"url":"https:\/\/www.ull.es\/portal\/noticias\/wp-content\/uploads\/sites\/13\/2015\/04\/encuentro-benefico-futbol-sala.jpg","type":"image\/jpeg"}],"author":"gaprsa","twitter_card":"summary_large_image","twitter_creator":"@CanalULL","twitter_site":"@CanalULL","twitter_misc":{"Escrito por":"gaprsa","Tiempo de lectura":"1 minuto"},"schema":{"@context":"https:\/\/schema.org","@graph":[{"@type":"WebPage","@id":"https:\/\/www.ull.es\/portal\/noticias\/2015\/estudiantes-de-trabajo-social-de-la-ull-organizan-un-partido-de-futbol-sala-con-fines-solidarios\/","url":"https:\/\/www.ull.es\/portal\/noticias\/2015\/estudiantes-de-trabajo-social-de-la-ull-organizan-un-partido-de-futbol-sala-con-fines-solidarios\/","name":"Estudiantes de Trabajo Social de la ULL organizan un partido de f\u00fatbol sala con fines solidarios - ULL - Noticias","isPartOf":{"@id":"https:\/\/www.ull.es\/portal\/noticias\/#website"},"datePublished":"2015-04-15T08:41:06+00:00","dateModified":"2015-04-15T08:41:06+00:00","author":{"@id":"https:\/\/www.ull.es\/portal\/noticias\/#\/schema\/person\/b2b1a89d43ffa609e591f7df8ef3e817"},"breadcrumb":{"@id":"https:\/\/www.ull.es\/portal\/noticias\/2015\/estudiantes-de-trabajo-social-de-la-ull-organizan-un-partido-de-futbol-sala-con-fines-solidarios\/#breadcrumb"},"inLanguage":"es","potentialAction":[{"@type":"ReadAction","target":["https:\/\/www.ull.es\/portal\/noticias\/2015\/estudiantes-de-trabajo-social-de-la-ull-organizan-un-partido-de-futbol-sala-con-fines-solidarios\/"]}]},{"@type":"BreadcrumbList","@id":"https:\/\/www.ull.es\/portal\/noticias\/2015\/estudiantes-de-trabajo-social-de-la-ull-organizan-un-partido-de-futbol-sala-con-fines-solidarios\/#breadcrumb","itemListElement":[{"@type":"ListItem","position":1,"name":"Portada","item":"https:\/\/www.ull.es\/portal\/noticias\/"},{"@type":"ListItem","position":2,"name":"Estudiantes de Trabajo Social de la ULL organizan un partido de f\u00fatbol sala con fines solidarios"}]},{"@type":"WebSite","@id":"https:\/\/www.ull.es\/portal\/noticias\/#website","url":"https:\/\/www.ull.es\/portal\/noticias\/","name":"ULL - Noticias","description":"","potentialAction":[{"@type":"SearchAction","target":{"@type":"EntryPoint","urlTemplate":"https:\/\/www.ull.es\/portal\/noticias\/?s={search_term_string}"},"query-input":"required name=search_term_string"}],"inLanguage":"es"},{"@type":"Person","@id":"https:\/\/www.ull.es\/portal\/noticias\/#\/schema\/person\/b2b1a89d43ffa609e591f7df8ef3e817","name":"gaprsa","image":{"@type":"ImageObject","inLanguage":"es","@id":"https:\/\/www.ull.es\/portal\/noticias\/#\/schema\/person\/image\/","url":"https:\/\/secure.gravatar.com\/avatar\/443820550921091458b4823867723b3d?s=96&d=mm&r=g","contentUrl":"https:\/\/secure.gravatar.com\/avatar\/443820550921091458b4823867723b3d?s=96&d=mm&r=g","caption":"gaprsa"},"url":"https:\/\/www.ull.es\/portal\/noticias\/author\/gaprsa\/"}]}},"primary_category":null,"featured_image_thumbnail_url":"https:\/\/www.ull.es\/portal\/noticias\/wp-content\/uploads\/sites\/13\/2015\/04\/encuentro-benefico-futbol-sala-212x300.jpg","_links":{"self":[{"href":"https:\/\/www.ull.es\/portal\/noticias\/wp-json\/wp\/v2\/posts\/11271"}],"collection":[{"href":"https:\/\/www.ull.es\/portal\/noticias\/wp-json\/wp\/v2\/posts"}],"about":[{"href":"https:\/\/www.ull.es\/portal\/noticias\/wp-json\/wp\/v2\/types\/post"}],"author":[{"embeddable":true,"href":"https:\/\/www.ull.es\/portal\/noticias\/wp-json\/wp\/v2\/users\/23"}],"replies":[{"embeddable":true,"href":"https:\/\/www.ull.es\/portal\/noticias\/wp-json\/wp\/v2\/comments?post=11271"}],"version-history":[{"count":0,"href":"https:\/\/www.ull.es\/portal\/noticias\/wp-json\/wp\/v2\/posts\/11271\/revisions"}],"wp:featuredmedia":[{"embeddable":true,"href":"https:\/\/www.ull.es\/portal\/noticias\/wp-json\/wp\/v2\/media\/11272"}],"wp:attachment":[{"href":"https:\/\/www.ull.es\/portal\/noticias\/wp-json\/wp\/v2\/media?parent=11271"}],"wp:term":[{"taxonomy":"category","embeddable":true,"href":"https:\/\/www.ull.es\/portal\/noticias\/wp-json\/wp\/v2\/categories?post=11271"},{"taxonomy":"post_tag","embeddable":true,"href":"https:\/\/www.ull.es\/portal\/noticias\/wp-json\/wp\/v2\/tags?post=11271"}],"curies":[{"name":"wp","href":"https:\/\/api.w.org\/{rel}","templated":true}]}}