{"id":11294,"date":"2015-04-17T11:32:21","date_gmt":"2015-04-17T11:32:21","guid":{"rendered":"http:\/\/ddigital.webs.ull.es\/?p=11294"},"modified":"2015-04-17T11:32:21","modified_gmt":"2015-04-17T11:32:21","slug":"la-ull-celebro-finales-del-trofeo-rector-individual-y-de-equipos-con-una-gran-participacion-de-estudiantes","status":"publish","type":"post","link":"https:\/\/www.ull.es\/portal\/noticias\/2015\/la-ull-celebro-finales-del-trofeo-rector-individual-y-de-equipos-con-una-gran-participacion-de-estudiantes\/","title":{"rendered":"La ULL celebr\u00f3 finales del Trofeo Rector individual y de equipos con una gran participaci\u00f3n de estudiantes"},"content":{"rendered":"<p>La Universidad de La Laguna ha acogido durante la semana algunas de las finales del Trofeo Rector individual y de equipos, cuyo encuentro fue el pabell\u00f3n verde del Polideportivo Central de la ULL. En la ceremonia de estas jornadas se presentaron tres modalidades deportivas, Trofeo Rector de Tiro con Arco, Trofeo Rector de F\u00fatbol 11 masculino y Trofeo Rector Intercentros de F\u00fatbol 7. Cada una de ellas obtuvo una serie de estudiantes ganadores despu\u00e9s de los campeonatos celebrados.<\/p>\n<p>El Trofeo Rector de Tiro con Arco, correspondiente a la edici\u00f3n de deportes individuales de 2015, dentro de la modalidad de recurvo tradicional promoci\u00f3n de 18 metros, organizado el pasado fin de semana, convirti\u00f3 en ganadora a la alumna Andrea Scherle Contreras. Dentro de esta misma disciplina, en la modalidad de recurvo compuesto de 30 metros, la ganadora del campeonato fue la estudiante Mar\u00eda Rold\u00e1n M\u00e9ndez.<\/p>\n<p>Durante la ma\u00f1ana del pasado martes se disput\u00f3 la final absoluta del Trofeo Rector de F\u00fatbol 11, que enfrentaba al equipo vencedor del Trofeo Rector de Libre Asociaci\u00f3n de La Gomera con el campe\u00f3n del Trofeo Rector Intercentros del Eeecoo FC. A lo largo de los primeros 90 minutos, el encuentro estuvo muy igualado, con un resultado de empate a dos tantos. Finalmente durante la pr\u00f3rroga el equipo de La Gomera se adelant\u00f3 con un tanto de falta lanzada desde fuera del \u00e1rea, por lo que obtuvo la victoria con un segundo tanto conseguido en una contra.<\/p>\n<p>En la final disputada dentro de la modalidad de Trofeo Rector Intercentros de F\u00fatbol 7 consigui\u00f3 la victoria el equipo de Educaci\u00f3n FC frente al equipo de Derecho Team, con un resultado de dos a cero, proclam\u00e1ndose campe\u00f3n dentro de esta disciplina del Trofeo Rector. Esta victoria le har\u00e1 enfrentarse al equipo campe\u00f3n de la modalidad de Libre Asociaci\u00f3n, en el que se decidir\u00e1 el vencedor absoluto del Trofeo Rector 2015. El equipo ganador representar\u00eda a la ULL en el Campeonato Universitario de Canarias 2015.<\/p>\n","protected":false},"excerpt":{"rendered":"<p>La Universidad de La Laguna ha acogido durante la semana algunas de las finales del Trofeo Rector individual y de&#8230;<\/p>\n","protected":false},"author":23,"featured_media":11295,"comment_status":"open","ping_status":"open","sticky":false,"template":"","format":"standard","meta":{"inline_featured_image":false,"footnotes":""},"categories":[343,1],"tags":[],"acf":[],"yoast_head":"<!-- This site is optimized with the Yoast SEO plugin v21.3 - https:\/\/yoast.com\/wordpress\/plugins\/seo\/ -->\n<title>La ULL celebr\u00f3 finales del Trofeo Rector individual y de equipos con una gran participaci\u00f3n de estudiantes - ULL - Noticias<\/title>\n<meta name=\"robots\" content=\"index, follow, max-snippet:-1, max-image-preview:large, max-video-preview:-1\" \/>\n<link rel=\"canonical\" href=\"https:\/\/www.ull.es\/portal\/noticias\/2015\/la-ull-celebro-finales-del-trofeo-rector-individual-y-de-equipos-con-una-gran-participacion-de-estudiantes\/\" \/>\n<meta property=\"og:locale\" content=\"es_ES\" \/>\n<meta property=\"og:type\" content=\"article\" \/>\n<meta property=\"og:title\" content=\"La ULL celebr\u00f3 finales del Trofeo Rector individual y de equipos con una gran participaci\u00f3n de estudiantes - ULL - Noticias\" \/>\n<meta property=\"og:description\" content=\"La Universidad de La Laguna ha acogido durante la semana algunas de las finales del Trofeo Rector individual y de...\" \/>\n<meta property=\"og:url\" content=\"https:\/\/www.ull.es\/portal\/noticias\/2015\/la-ull-celebro-finales-del-trofeo-rector-individual-y-de-equipos-con-una-gran-participacion-de-estudiantes\/\" \/>\n<meta property=\"og:site_name\" content=\"ULL - Noticias\" \/>\n<meta property=\"article:publisher\" content=\"https:\/\/www.facebook.com\/universidaddelalaguna\/\" \/>\n<meta property=\"article:published_time\" content=\"2015-04-17T11:32:21+00:00\" \/>\n<meta property=\"og:image\" content=\"https:\/\/www.ull.es\/portal\/noticias\/wp-content\/uploads\/sites\/13\/2015\/04\/tiro-con-arco.jpg\" \/>\n\t<meta property=\"og:image:width\" content=\"459\" \/>\n\t<meta property=\"og:image:height\" content=\"816\" \/>\n\t<meta property=\"og:image:type\" content=\"image\/jpeg\" \/>\n<meta name=\"author\" content=\"gaprsa\" \/>\n<meta name=\"twitter:card\" content=\"summary_large_image\" \/>\n<meta name=\"twitter:creator\" content=\"@CanalULL\" \/>\n<meta name=\"twitter:site\" content=\"@CanalULL\" \/>\n<meta name=\"twitter:label1\" content=\"Escrito por\" \/>\n\t<meta name=\"twitter:data1\" content=\"gaprsa\" \/>\n\t<meta name=\"twitter:label2\" content=\"Tiempo de lectura\" \/>\n\t<meta name=\"twitter:data2\" content=\"2 minutos\" \/>\n<script type=\"application\/ld+json\" class=\"yoast-schema-graph\">{\"@context\":\"https:\/\/schema.org\",\"@graph\":[{\"@type\":\"WebPage\",\"@id\":\"https:\/\/www.ull.es\/portal\/noticias\/2015\/la-ull-celebro-finales-del-trofeo-rector-individual-y-de-equipos-con-una-gran-participacion-de-estudiantes\/\",\"url\":\"https:\/\/www.ull.es\/portal\/noticias\/2015\/la-ull-celebro-finales-del-trofeo-rector-individual-y-de-equipos-con-una-gran-participacion-de-estudiantes\/\",\"name\":\"La ULL celebr\u00f3 finales del Trofeo Rector individual y de equipos con una gran participaci\u00f3n de estudiantes - ULL - Noticias\",\"isPartOf\":{\"@id\":\"https:\/\/www.ull.es\/portal\/noticias\/#website\"},\"datePublished\":\"2015-04-17T11:32:21+00:00\",\"dateModified\":\"2015-04-17T11:32:21+00:00\",\"author\":{\"@id\":\"https:\/\/www.ull.es\/portal\/noticias\/#\/schema\/person\/b2b1a89d43ffa609e591f7df8ef3e817\"},\"breadcrumb\":{\"@id\":\"https:\/\/www.ull.es\/portal\/noticias\/2015\/la-ull-celebro-finales-del-trofeo-rector-individual-y-de-equipos-con-una-gran-participacion-de-estudiantes\/#breadcrumb\"},\"inLanguage\":\"es\",\"potentialAction\":[{\"@type\":\"ReadAction\",\"target\":[\"https:\/\/www.ull.es\/portal\/noticias\/2015\/la-ull-celebro-finales-del-trofeo-rector-individual-y-de-equipos-con-una-gran-participacion-de-estudiantes\/\"]}]},{\"@type\":\"BreadcrumbList\",\"@id\":\"https:\/\/www.ull.es\/portal\/noticias\/2015\/la-ull-celebro-finales-del-trofeo-rector-individual-y-de-equipos-con-una-gran-participacion-de-estudiantes\/#breadcrumb\",\"itemListElement\":[{\"@type\":\"ListItem\",\"position\":1,\"name\":\"Portada\",\"item\":\"https:\/\/www.ull.es\/portal\/noticias\/\"},{\"@type\":\"ListItem\",\"position\":2,\"name\":\"La ULL celebr\u00f3 finales del Trofeo Rector individual y de equipos con una gran participaci\u00f3n de estudiantes\"}]},{\"@type\":\"WebSite\",\"@id\":\"https:\/\/www.ull.es\/portal\/noticias\/#website\",\"url\":\"https:\/\/www.ull.es\/portal\/noticias\/\",\"name\":\"ULL - Noticias\",\"description\":\"\",\"potentialAction\":[{\"@type\":\"SearchAction\",\"target\":{\"@type\":\"EntryPoint\",\"urlTemplate\":\"https:\/\/www.ull.es\/portal\/noticias\/?s={search_term_string}\"},\"query-input\":\"required name=search_term_string\"}],\"inLanguage\":\"es\"},{\"@type\":\"Person\",\"@id\":\"https:\/\/www.ull.es\/portal\/noticias\/#\/schema\/person\/b2b1a89d43ffa609e591f7df8ef3e817\",\"name\":\"gaprsa\",\"image\":{\"@type\":\"ImageObject\",\"inLanguage\":\"es\",\"@id\":\"https:\/\/www.ull.es\/portal\/noticias\/#\/schema\/person\/image\/\",\"url\":\"https:\/\/secure.gravatar.com\/avatar\/443820550921091458b4823867723b3d?s=96&d=mm&r=g\",\"contentUrl\":\"https:\/\/secure.gravatar.com\/avatar\/443820550921091458b4823867723b3d?s=96&d=mm&r=g\",\"caption\":\"gaprsa\"},\"url\":\"https:\/\/www.ull.es\/portal\/noticias\/author\/gaprsa\/\"}]}<\/script>\n<!-- \/ Yoast SEO plugin. -->","yoast_head_json":{"title":"La ULL celebr\u00f3 finales del Trofeo Rector individual y de equipos con una gran participaci\u00f3n de estudiantes - ULL - Noticias","robots":{"index":"index","follow":"follow","max-snippet":"max-snippet:-1","max-image-preview":"max-image-preview:large","max-video-preview":"max-video-preview:-1"},"canonical":"https:\/\/www.ull.es\/portal\/noticias\/2015\/la-ull-celebro-finales-del-trofeo-rector-individual-y-de-equipos-con-una-gran-participacion-de-estudiantes\/","og_locale":"es_ES","og_type":"article","og_title":"La ULL celebr\u00f3 finales del Trofeo Rector individual y de equipos con una gran participaci\u00f3n de estudiantes - ULL - Noticias","og_description":"La Universidad de La Laguna ha acogido durante la semana algunas de las finales del Trofeo Rector individual y de...","og_url":"https:\/\/www.ull.es\/portal\/noticias\/2015\/la-ull-celebro-finales-del-trofeo-rector-individual-y-de-equipos-con-una-gran-participacion-de-estudiantes\/","og_site_name":"ULL - Noticias","article_publisher":"https:\/\/www.facebook.com\/universidaddelalaguna\/","article_published_time":"2015-04-17T11:32:21+00:00","og_image":[{"width":459,"height":816,"url":"https:\/\/www.ull.es\/portal\/noticias\/wp-content\/uploads\/sites\/13\/2015\/04\/tiro-con-arco.jpg","type":"image\/jpeg"}],"author":"gaprsa","twitter_card":"summary_large_image","twitter_creator":"@CanalULL","twitter_site":"@CanalULL","twitter_misc":{"Escrito por":"gaprsa","Tiempo de lectura":"2 minutos"},"schema":{"@context":"https:\/\/schema.org","@graph":[{"@type":"WebPage","@id":"https:\/\/www.ull.es\/portal\/noticias\/2015\/la-ull-celebro-finales-del-trofeo-rector-individual-y-de-equipos-con-una-gran-participacion-de-estudiantes\/","url":"https:\/\/www.ull.es\/portal\/noticias\/2015\/la-ull-celebro-finales-del-trofeo-rector-individual-y-de-equipos-con-una-gran-participacion-de-estudiantes\/","name":"La ULL celebr\u00f3 finales del Trofeo Rector individual y de equipos con una gran participaci\u00f3n de estudiantes - ULL - Noticias","isPartOf":{"@id":"https:\/\/www.ull.es\/portal\/noticias\/#website"},"datePublished":"2015-04-17T11:32:21+00:00","dateModified":"2015-04-17T11:32:21+00:00","author":{"@id":"https:\/\/www.ull.es\/portal\/noticias\/#\/schema\/person\/b2b1a89d43ffa609e591f7df8ef3e817"},"breadcrumb":{"@id":"https:\/\/www.ull.es\/portal\/noticias\/2015\/la-ull-celebro-finales-del-trofeo-rector-individual-y-de-equipos-con-una-gran-participacion-de-estudiantes\/#breadcrumb"},"inLanguage":"es","potentialAction":[{"@type":"ReadAction","target":["https:\/\/www.ull.es\/portal\/noticias\/2015\/la-ull-celebro-finales-del-trofeo-rector-individual-y-de-equipos-con-una-gran-participacion-de-estudiantes\/"]}]},{"@type":"BreadcrumbList","@id":"https:\/\/www.ull.es\/portal\/noticias\/2015\/la-ull-celebro-finales-del-trofeo-rector-individual-y-de-equipos-con-una-gran-participacion-de-estudiantes\/#breadcrumb","itemListElement":[{"@type":"ListItem","position":1,"name":"Portada","item":"https:\/\/www.ull.es\/portal\/noticias\/"},{"@type":"ListItem","position":2,"name":"La ULL celebr\u00f3 finales del Trofeo Rector individual y de equipos con una gran participaci\u00f3n de estudiantes"}]},{"@type":"WebSite","@id":"https:\/\/www.ull.es\/portal\/noticias\/#website","url":"https:\/\/www.ull.es\/portal\/noticias\/","name":"ULL - Noticias","description":"","potentialAction":[{"@type":"SearchAction","target":{"@type":"EntryPoint","urlTemplate":"https:\/\/www.ull.es\/portal\/noticias\/?s={search_term_string}"},"query-input":"required name=search_term_string"}],"inLanguage":"es"},{"@type":"Person","@id":"https:\/\/www.ull.es\/portal\/noticias\/#\/schema\/person\/b2b1a89d43ffa609e591f7df8ef3e817","name":"gaprsa","image":{"@type":"ImageObject","inLanguage":"es","@id":"https:\/\/www.ull.es\/portal\/noticias\/#\/schema\/person\/image\/","url":"https:\/\/secure.gravatar.com\/avatar\/443820550921091458b4823867723b3d?s=96&d=mm&r=g","contentUrl":"https:\/\/secure.gravatar.com\/avatar\/443820550921091458b4823867723b3d?s=96&d=mm&r=g","caption":"gaprsa"},"url":"https:\/\/www.ull.es\/portal\/noticias\/author\/gaprsa\/"}]}},"primary_category":null,"featured_image_thumbnail_url":"https:\/\/www.ull.es\/portal\/noticias\/wp-content\/uploads\/sites\/13\/2015\/04\/tiro-con-arco-169x300.jpg","_links":{"self":[{"href":"https:\/\/www.ull.es\/portal\/noticias\/wp-json\/wp\/v2\/posts\/11294"}],"collection":[{"href":"https:\/\/www.ull.es\/portal\/noticias\/wp-json\/wp\/v2\/posts"}],"about":[{"href":"https:\/\/www.ull.es\/portal\/noticias\/wp-json\/wp\/v2\/types\/post"}],"author":[{"embeddable":true,"href":"https:\/\/www.ull.es\/portal\/noticias\/wp-json\/wp\/v2\/users\/23"}],"replies":[{"embeddable":true,"href":"https:\/\/www.ull.es\/portal\/noticias\/wp-json\/wp\/v2\/comments?post=11294"}],"version-history":[{"count":0,"href":"https:\/\/www.ull.es\/portal\/noticias\/wp-json\/wp\/v2\/posts\/11294\/revisions"}],"wp:featuredmedia":[{"embeddable":true,"href":"https:\/\/www.ull.es\/portal\/noticias\/wp-json\/wp\/v2\/media\/11295"}],"wp:attachment":[{"href":"https:\/\/www.ull.es\/portal\/noticias\/wp-json\/wp\/v2\/media?parent=11294"}],"wp:term":[{"taxonomy":"category","embeddable":true,"href":"https:\/\/www.ull.es\/portal\/noticias\/wp-json\/wp\/v2\/categories?post=11294"},{"taxonomy":"post_tag","embeddable":true,"href":"https:\/\/www.ull.es\/portal\/noticias\/wp-json\/wp\/v2\/tags?post=11294"}],"curies":[{"name":"wp","href":"https:\/\/api.w.org\/{rel}","templated":true}]}}