{"id":11303,"date":"2015-04-17T11:59:19","date_gmt":"2015-04-17T11:59:19","guid":{"rendered":"http:\/\/ddigital.webs.ull.es\/?p=11303"},"modified":"2015-04-17T11:59:19","modified_gmt":"2015-04-17T11:59:19","slug":"la-ull-acogera-un-concurso-universitario-de-relato-breve-para-celebrar-el-dia-del-libro","status":"publish","type":"post","link":"https:\/\/www.ull.es\/portal\/noticias\/2015\/la-ull-acogera-un-concurso-universitario-de-relato-breve-para-celebrar-el-dia-del-libro\/","title":{"rendered":"La ULL acoger\u00e1 un concurso universitario de relato breve para celebrar el D\u00eda del Libro"},"content":{"rendered":"<p>La Sala de Canarias de la Biblioteca General del Campus de Guajara de la Universidad de La Laguna acoger\u00e1 el XII Concurso Universitario de Relato Breve, que tendr\u00e1 lugar el pr\u00f3ximo jueves 23 de abril de 9 a 19 horas. La celebraci\u00f3n de este concurso,\u00a0 promovido por el Vicerrectorado de Relaciones Universidad y Sociedad y la Biblioteca Universitaria, consiste en la redacci\u00f3n <em>in situ<\/em> de un texto corto que posteriormente valorar\u00e1 el jurado del certamen.<\/p>\n<p>Los asistentes, miembros de la comunidad universitaria, realizar\u00e1n sus textos en la citada sala o en cualquier otra que se anuncie en el vest\u00edbulo de dicho centro, donde escribir\u00e1n su relato de tem\u00e1tica libre, redactado a mano, en castellano y con una extensi\u00f3n que no supere los dos folios por ambas caras. Cada participante podr\u00e1 entregar varios trabajos.<\/p>\n<p>Una vez se hayan presentado los relatos habr\u00e1 una reuni\u00f3n del jurado, elegido por el Vicerrectorado de Relaciones Universidad y Sociedad, que ser\u00e1 el encargado de evaluar cada uno de los textos elaborados por los universitarios y que estar\u00e1 compuesto por profesionales del \u00e1mbito literario y por miembros de la comunidad acad\u00e9mica.<\/p>\n<p>El jurado valorar\u00e1 principalmente el inter\u00e9s y la coherencia del relato contado, la creatividad, la originalidad, la claridad expositiva, la estructura del texto y el correcto uso de la sintaxis y normas de ortograf\u00eda. La decisi\u00f3n se adoptar\u00e1 por mayor\u00eda simple y se llevar\u00e1 la propuesta al \u00f3rgano competente que emitir\u00e1 una resoluci\u00f3n en firme, otorgando los premios, en el plazo m\u00e1ximo de cuatro meses. El resultado se podr\u00e1 consultar en la p\u00e1gina web de la universidad <a href=\"http:\/\/www.ull.es\/\" target=\"_blank\" target=\"_blank\" rel=\"noopener\">www.ull.es<\/a><\/p>\n<p>Adem\u00e1s, en esta edici\u00f3n se entregar\u00e1 un premio en met\u00e1lico de 300 euros, junto con una estatuilla de bronce de San Fernando, patr\u00f3n de la universidad, firmada por el escultor Juan Carlos Albadalejo y elaborado en el Taller de Fundici\u00f3n de la Secci\u00f3n de Bellas Artes de la ULL, acompa\u00f1ado de un diploma. Asimismo se realizar\u00e1 una publicaci\u00f3n online de una selecci\u00f3n de los relatos presentados a este concurso.<\/p>\n<p>El plazo de inscripci\u00f3n se abre el mismo d\u00eda del certamen en la propia Biblioteca General y de Humanidades del Campus de Guajara de la Universidad de La Laguna.<\/p>\n","protected":false},"excerpt":{"rendered":"<p>La Sala de Canarias de la Biblioteca General del Campus de Guajara de la Universidad de La Laguna acoger\u00e1 el&#8230;<\/p>\n","protected":false},"author":23,"featured_media":11304,"comment_status":"open","ping_status":"open","sticky":false,"template":"","format":"standard","meta":{"inline_featured_image":false,"footnotes":""},"categories":[343,1],"tags":[],"acf":[],"yoast_head":"<!-- This site is optimized with the Yoast SEO plugin v21.3 - https:\/\/yoast.com\/wordpress\/plugins\/seo\/ -->\n<title>La ULL acoger\u00e1 un concurso universitario de relato breve para celebrar el D\u00eda del Libro - ULL - Noticias<\/title>\n<meta name=\"robots\" content=\"index, follow, max-snippet:-1, max-image-preview:large, max-video-preview:-1\" \/>\n<link rel=\"canonical\" href=\"https:\/\/www.ull.es\/portal\/noticias\/2015\/la-ull-acogera-un-concurso-universitario-de-relato-breve-para-celebrar-el-dia-del-libro\/\" \/>\n<meta property=\"og:locale\" content=\"es_ES\" \/>\n<meta property=\"og:type\" content=\"article\" \/>\n<meta property=\"og:title\" content=\"La ULL acoger\u00e1 un concurso universitario de relato breve para celebrar el D\u00eda del Libro - ULL - Noticias\" \/>\n<meta property=\"og:description\" content=\"La Sala de Canarias de la Biblioteca General del Campus de Guajara de la Universidad de La Laguna acoger\u00e1 el...\" \/>\n<meta property=\"og:url\" content=\"https:\/\/www.ull.es\/portal\/noticias\/2015\/la-ull-acogera-un-concurso-universitario-de-relato-breve-para-celebrar-el-dia-del-libro\/\" \/>\n<meta property=\"og:site_name\" content=\"ULL - Noticias\" \/>\n<meta property=\"article:publisher\" content=\"https:\/\/www.facebook.com\/universidaddelalaguna\/\" \/>\n<meta property=\"article:published_time\" content=\"2015-04-17T11:59:19+00:00\" \/>\n<meta property=\"og:image\" content=\"https:\/\/www.ull.es\/portal\/noticias\/wp-content\/uploads\/sites\/13\/2015\/04\/pantalla-cartel-dia-del-libro.jpg\" \/>\n\t<meta property=\"og:image:width\" content=\"1280\" \/>\n\t<meta property=\"og:image:height\" content=\"720\" \/>\n\t<meta property=\"og:image:type\" content=\"image\/jpeg\" \/>\n<meta name=\"author\" content=\"gaprsa\" \/>\n<meta name=\"twitter:card\" content=\"summary_large_image\" \/>\n<meta name=\"twitter:creator\" content=\"@CanalULL\" \/>\n<meta name=\"twitter:site\" content=\"@CanalULL\" \/>\n<meta name=\"twitter:label1\" content=\"Escrito por\" \/>\n\t<meta name=\"twitter:data1\" content=\"gaprsa\" \/>\n\t<meta name=\"twitter:label2\" content=\"Tiempo de lectura\" \/>\n\t<meta name=\"twitter:data2\" content=\"2 minutos\" \/>\n<script type=\"application\/ld+json\" class=\"yoast-schema-graph\">{\"@context\":\"https:\/\/schema.org\",\"@graph\":[{\"@type\":\"WebPage\",\"@id\":\"https:\/\/www.ull.es\/portal\/noticias\/2015\/la-ull-acogera-un-concurso-universitario-de-relato-breve-para-celebrar-el-dia-del-libro\/\",\"url\":\"https:\/\/www.ull.es\/portal\/noticias\/2015\/la-ull-acogera-un-concurso-universitario-de-relato-breve-para-celebrar-el-dia-del-libro\/\",\"name\":\"La ULL acoger\u00e1 un concurso universitario de relato breve para celebrar el D\u00eda del Libro - ULL - Noticias\",\"isPartOf\":{\"@id\":\"https:\/\/www.ull.es\/portal\/noticias\/#website\"},\"datePublished\":\"2015-04-17T11:59:19+00:00\",\"dateModified\":\"2015-04-17T11:59:19+00:00\",\"author\":{\"@id\":\"https:\/\/www.ull.es\/portal\/noticias\/#\/schema\/person\/b2b1a89d43ffa609e591f7df8ef3e817\"},\"breadcrumb\":{\"@id\":\"https:\/\/www.ull.es\/portal\/noticias\/2015\/la-ull-acogera-un-concurso-universitario-de-relato-breve-para-celebrar-el-dia-del-libro\/#breadcrumb\"},\"inLanguage\":\"es\",\"potentialAction\":[{\"@type\":\"ReadAction\",\"target\":[\"https:\/\/www.ull.es\/portal\/noticias\/2015\/la-ull-acogera-un-concurso-universitario-de-relato-breve-para-celebrar-el-dia-del-libro\/\"]}]},{\"@type\":\"BreadcrumbList\",\"@id\":\"https:\/\/www.ull.es\/portal\/noticias\/2015\/la-ull-acogera-un-concurso-universitario-de-relato-breve-para-celebrar-el-dia-del-libro\/#breadcrumb\",\"itemListElement\":[{\"@type\":\"ListItem\",\"position\":1,\"name\":\"Portada\",\"item\":\"https:\/\/www.ull.es\/portal\/noticias\/\"},{\"@type\":\"ListItem\",\"position\":2,\"name\":\"La ULL acoger\u00e1 un concurso universitario de relato breve para celebrar el D\u00eda del Libro\"}]},{\"@type\":\"WebSite\",\"@id\":\"https:\/\/www.ull.es\/portal\/noticias\/#website\",\"url\":\"https:\/\/www.ull.es\/portal\/noticias\/\",\"name\":\"ULL - Noticias\",\"description\":\"\",\"potentialAction\":[{\"@type\":\"SearchAction\",\"target\":{\"@type\":\"EntryPoint\",\"urlTemplate\":\"https:\/\/www.ull.es\/portal\/noticias\/?s={search_term_string}\"},\"query-input\":\"required name=search_term_string\"}],\"inLanguage\":\"es\"},{\"@type\":\"Person\",\"@id\":\"https:\/\/www.ull.es\/portal\/noticias\/#\/schema\/person\/b2b1a89d43ffa609e591f7df8ef3e817\",\"name\":\"gaprsa\",\"image\":{\"@type\":\"ImageObject\",\"inLanguage\":\"es\",\"@id\":\"https:\/\/www.ull.es\/portal\/noticias\/#\/schema\/person\/image\/\",\"url\":\"https:\/\/secure.gravatar.com\/avatar\/443820550921091458b4823867723b3d?s=96&d=mm&r=g\",\"contentUrl\":\"https:\/\/secure.gravatar.com\/avatar\/443820550921091458b4823867723b3d?s=96&d=mm&r=g\",\"caption\":\"gaprsa\"},\"url\":\"https:\/\/www.ull.es\/portal\/noticias\/author\/gaprsa\/\"}]}<\/script>\n<!-- \/ Yoast SEO plugin. -->","yoast_head_json":{"title":"La ULL acoger\u00e1 un concurso universitario de relato breve para celebrar el D\u00eda del Libro - ULL - Noticias","robots":{"index":"index","follow":"follow","max-snippet":"max-snippet:-1","max-image-preview":"max-image-preview:large","max-video-preview":"max-video-preview:-1"},"canonical":"https:\/\/www.ull.es\/portal\/noticias\/2015\/la-ull-acogera-un-concurso-universitario-de-relato-breve-para-celebrar-el-dia-del-libro\/","og_locale":"es_ES","og_type":"article","og_title":"La ULL acoger\u00e1 un concurso universitario de relato breve para celebrar el D\u00eda del Libro - ULL - Noticias","og_description":"La Sala de Canarias de la Biblioteca General del Campus de Guajara de la Universidad de La Laguna acoger\u00e1 el...","og_url":"https:\/\/www.ull.es\/portal\/noticias\/2015\/la-ull-acogera-un-concurso-universitario-de-relato-breve-para-celebrar-el-dia-del-libro\/","og_site_name":"ULL - Noticias","article_publisher":"https:\/\/www.facebook.com\/universidaddelalaguna\/","article_published_time":"2015-04-17T11:59:19+00:00","og_image":[{"width":1280,"height":720,"url":"https:\/\/www.ull.es\/portal\/noticias\/wp-content\/uploads\/sites\/13\/2015\/04\/pantalla-cartel-dia-del-libro.jpg","type":"image\/jpeg"}],"author":"gaprsa","twitter_card":"summary_large_image","twitter_creator":"@CanalULL","twitter_site":"@CanalULL","twitter_misc":{"Escrito por":"gaprsa","Tiempo de lectura":"2 minutos"},"schema":{"@context":"https:\/\/schema.org","@graph":[{"@type":"WebPage","@id":"https:\/\/www.ull.es\/portal\/noticias\/2015\/la-ull-acogera-un-concurso-universitario-de-relato-breve-para-celebrar-el-dia-del-libro\/","url":"https:\/\/www.ull.es\/portal\/noticias\/2015\/la-ull-acogera-un-concurso-universitario-de-relato-breve-para-celebrar-el-dia-del-libro\/","name":"La ULL acoger\u00e1 un concurso universitario de relato breve para celebrar el D\u00eda del Libro - ULL - Noticias","isPartOf":{"@id":"https:\/\/www.ull.es\/portal\/noticias\/#website"},"datePublished":"2015-04-17T11:59:19+00:00","dateModified":"2015-04-17T11:59:19+00:00","author":{"@id":"https:\/\/www.ull.es\/portal\/noticias\/#\/schema\/person\/b2b1a89d43ffa609e591f7df8ef3e817"},"breadcrumb":{"@id":"https:\/\/www.ull.es\/portal\/noticias\/2015\/la-ull-acogera-un-concurso-universitario-de-relato-breve-para-celebrar-el-dia-del-libro\/#breadcrumb"},"inLanguage":"es","potentialAction":[{"@type":"ReadAction","target":["https:\/\/www.ull.es\/portal\/noticias\/2015\/la-ull-acogera-un-concurso-universitario-de-relato-breve-para-celebrar-el-dia-del-libro\/"]}]},{"@type":"BreadcrumbList","@id":"https:\/\/www.ull.es\/portal\/noticias\/2015\/la-ull-acogera-un-concurso-universitario-de-relato-breve-para-celebrar-el-dia-del-libro\/#breadcrumb","itemListElement":[{"@type":"ListItem","position":1,"name":"Portada","item":"https:\/\/www.ull.es\/portal\/noticias\/"},{"@type":"ListItem","position":2,"name":"La ULL acoger\u00e1 un concurso universitario de relato breve para celebrar el D\u00eda del Libro"}]},{"@type":"WebSite","@id":"https:\/\/www.ull.es\/portal\/noticias\/#website","url":"https:\/\/www.ull.es\/portal\/noticias\/","name":"ULL - Noticias","description":"","potentialAction":[{"@type":"SearchAction","target":{"@type":"EntryPoint","urlTemplate":"https:\/\/www.ull.es\/portal\/noticias\/?s={search_term_string}"},"query-input":"required name=search_term_string"}],"inLanguage":"es"},{"@type":"Person","@id":"https:\/\/www.ull.es\/portal\/noticias\/#\/schema\/person\/b2b1a89d43ffa609e591f7df8ef3e817","name":"gaprsa","image":{"@type":"ImageObject","inLanguage":"es","@id":"https:\/\/www.ull.es\/portal\/noticias\/#\/schema\/person\/image\/","url":"https:\/\/secure.gravatar.com\/avatar\/443820550921091458b4823867723b3d?s=96&d=mm&r=g","contentUrl":"https:\/\/secure.gravatar.com\/avatar\/443820550921091458b4823867723b3d?s=96&d=mm&r=g","caption":"gaprsa"},"url":"https:\/\/www.ull.es\/portal\/noticias\/author\/gaprsa\/"}]}},"primary_category":null,"featured_image_thumbnail_url":"https:\/\/www.ull.es\/portal\/noticias\/wp-content\/uploads\/sites\/13\/2015\/04\/pantalla-cartel-dia-del-libro-300x169.jpg","_links":{"self":[{"href":"https:\/\/www.ull.es\/portal\/noticias\/wp-json\/wp\/v2\/posts\/11303"}],"collection":[{"href":"https:\/\/www.ull.es\/portal\/noticias\/wp-json\/wp\/v2\/posts"}],"about":[{"href":"https:\/\/www.ull.es\/portal\/noticias\/wp-json\/wp\/v2\/types\/post"}],"author":[{"embeddable":true,"href":"https:\/\/www.ull.es\/portal\/noticias\/wp-json\/wp\/v2\/users\/23"}],"replies":[{"embeddable":true,"href":"https:\/\/www.ull.es\/portal\/noticias\/wp-json\/wp\/v2\/comments?post=11303"}],"version-history":[{"count":0,"href":"https:\/\/www.ull.es\/portal\/noticias\/wp-json\/wp\/v2\/posts\/11303\/revisions"}],"wp:featuredmedia":[{"embeddable":true,"href":"https:\/\/www.ull.es\/portal\/noticias\/wp-json\/wp\/v2\/media\/11304"}],"wp:attachment":[{"href":"https:\/\/www.ull.es\/portal\/noticias\/wp-json\/wp\/v2\/media?parent=11303"}],"wp:term":[{"taxonomy":"category","embeddable":true,"href":"https:\/\/www.ull.es\/portal\/noticias\/wp-json\/wp\/v2\/categories?post=11303"},{"taxonomy":"post_tag","embeddable":true,"href":"https:\/\/www.ull.es\/portal\/noticias\/wp-json\/wp\/v2\/tags?post=11303"}],"curies":[{"name":"wp","href":"https:\/\/api.w.org\/{rel}","templated":true}]}}