{"id":11431,"date":"2015-03-09T10:56:13","date_gmt":"2015-03-09T10:56:13","guid":{"rendered":"http:\/\/ddigital.webs.ull.es\/?p=11431"},"modified":"2015-03-09T10:56:13","modified_gmt":"2015-03-09T10:56:13","slug":"ii-congreso-de-estudiantes-emprendedores-de-la-ull","status":"publish","type":"post","link":"https:\/\/www.ull.es\/portal\/noticias\/2015\/ii-congreso-de-estudiantes-emprendedores-de-la-ull\/","title":{"rendered":"Alumnos de la ULL presentan cinco proyectos en el II Congreso de Estudiantes Emprendedores"},"content":{"rendered":"<p>Varios alumnos de la Universidad de La Laguna han dise\u00f1ado los cinco proyectos empresariales que se han presentado hoy, lunes 9 de marzo, durante el II Congreso de Estudiantes Universitarios Emprendedores, que se ha celebrado durante toda la jornada en la sede de las secciones de F\u00edsica y Matem\u00e1ticas de la Facultad de Ciencias. Una votaci\u00f3n que pondera la decisi\u00f3n del p\u00fablico asistente y del comit\u00e9 cient\u00edfico del encuentro premiar\u00e1 a las propuestas que se consideren m\u00e1s claramente explicadas y viables empresarialmente.<\/p>\n<p>El congreso fue inaugurado por el rector de la instituci\u00f3n acad\u00e9mica, Eduardo Dom\u00e9nech, quien en la mesa estuvo acompa\u00f1ado por la vicerrectora de Alumnado, Miriam Gonz\u00e1lez, y la estudiante de Administraci\u00f3n y Direcci\u00f3n de Empresas In\u00e9s Hern\u00e1ndez, presidenta del comit\u00e9 organizador.<\/p>\n<p>El rector explic\u00f3 que unos de los objetivos de la universidad es, entre otros, preparar al alumnado para integrarse en el mercado laboral, y por ello la formaci\u00f3n impartida debe contemplar todas las posibles v\u00edas de empleabilidad, incluida el emprendimiento. Dom\u00e9nech se\u00f1al\u00f3 que esta opci\u00f3n no es \u201cni mejor ni peor que otras\u201d, pero, al mismo tiempo, reconoci\u00f3 que es una posibilidad que cada d\u00eda cobra mayor popularidad, de ah\u00ed el inter\u00e9s por ofrecer formaci\u00f3n espec\u00edfica en esta materia.<\/p>\n<p>La vicerrectora de Alumnado explic\u00f3 que el congreso es la culminaci\u00f3n de una iniciativa surgida desde su departamento, consistente en un curso formativo sobre empredimiento que cuenta con la financiaci\u00f3n del Ministerio de Industria, Energ\u00eda y Turismo. Gonz\u00e1lez coment\u00f3 que su vicerrectorado se coordina con la Fundaci\u00f3n General de la Universidad de La Laguna y con la C\u00e1tedra Fundaci\u00f3n DISA de J\u00f3venes Emprendedores de la ULL, para organizar el fomento de la actividad emprendedora, como este congreso.<\/p>\n<p>Por su parte, la alumna que preside el comit\u00e9 organizador destac\u00f3 la importancia de que el congreso sea \u201cdise\u00f1ado por estudiantes y para estudiantes\u201d. Tambi\u00e9n dio cuenta de la mec\u00e1nica de votaci\u00f3n de los proyectos a trav\u00e9s de dispositivos m\u00f3viles. Esto permite puntuar cada ponencia justo tras haberse celebrado, mientras que el a\u00f1o pasado, al votarse todas al final, las presentadas en \u00faltimo lugar tuvieron cierta ventaja, ya que el p\u00fablico las recordaba mejor.<\/p>\n<p>Tras la inauguraci\u00f3n, Francisco Garc\u00eda, director de la C\u00e1tedra Fundaci\u00f3n DISA de J\u00f3venes Emprendedores de la ULL, dict\u00f3 la conferencia inaugural, en la cual defendi\u00f3 la idea de que ser emprendedor ya no deber\u00eda considerarse una opci\u00f3n sino una necesidad a lo largo de la vida en un mercado laboral cambiante, que obliga a quienes trabajan a reinventarse continuamente. Por ello, se\u00f1al\u00f3 que ser emprendedor es un proceso que parte del autoconocimiento, de la evaluaci\u00f3n de las propias debilidades y fortalezas, y depende de las acciones que cada persona realice para mitigar las primeras y fortalecer las segundas.<\/p>\n<p>Los cinco proyectos presentados a concurso en este congreso versan sobre las m\u00e1s diversas tem\u00e1ticas: la creaci\u00f3n de un parque arqueol\u00f3gico en Icod de los Vinos aprovechando un yacimiento de restos guanches; una propuesta de voluntariado emprendedor; la iniciativa \u201cOrotava HackerSpace\u201d, la emprendedur\u00eda en la educaci\u00f3n deportiva; y el producto de comercio electr\u00f3nico Smart Pocket.<\/p>\n","protected":false},"excerpt":{"rendered":"<p>Varios alumnos de la Universidad de La Laguna han dise\u00f1ado los cinco proyectos empresariales que se han presentado hoy, lunes&#8230;<\/p>\n","protected":false},"author":23,"featured_media":11949,"comment_status":"open","ping_status":"open","sticky":false,"template":"","format":"video","meta":{"inline_featured_image":false,"footnotes":""},"categories":[343,1,352],"tags":[],"acf":[],"yoast_head":"<!-- This site is optimized with the Yoast SEO plugin v21.3 - https:\/\/yoast.com\/wordpress\/plugins\/seo\/ -->\n<title>Alumnos de la ULL presentan cinco proyectos en el II Congreso de Estudiantes Emprendedores - ULL - Noticias<\/title>\n<meta name=\"robots\" content=\"index, follow, max-snippet:-1, max-image-preview:large, max-video-preview:-1\" \/>\n<link rel=\"canonical\" href=\"https:\/\/www.ull.es\/portal\/noticias\/2015\/ii-congreso-de-estudiantes-emprendedores-de-la-ull\/\" \/>\n<meta property=\"og:locale\" content=\"es_ES\" \/>\n<meta property=\"og:type\" content=\"article\" \/>\n<meta property=\"og:title\" content=\"Alumnos de la ULL presentan cinco proyectos en el II Congreso de Estudiantes Emprendedores - ULL - Noticias\" \/>\n<meta property=\"og:description\" content=\"Varios alumnos de la Universidad de La Laguna han dise\u00f1ado los cinco proyectos empresariales que se han presentado hoy, lunes...\" \/>\n<meta property=\"og:url\" content=\"https:\/\/www.ull.es\/portal\/noticias\/2015\/ii-congreso-de-estudiantes-emprendedores-de-la-ull\/\" \/>\n<meta property=\"og:site_name\" content=\"ULL - Noticias\" \/>\n<meta property=\"article:publisher\" content=\"https:\/\/www.facebook.com\/universidaddelalaguna\/\" \/>\n<meta property=\"article:published_time\" content=\"2015-03-09T10:56:13+00:00\" \/>\n<meta property=\"og:image\" content=\"https:\/\/www.ull.es\/portal\/noticias\/wp-content\/uploads\/sites\/13\/2015\/03\/II-Congr-Est-Emprend-028.jpg\" \/>\n\t<meta property=\"og:image:width\" content=\"1034\" \/>\n\t<meta property=\"og:image:height\" content=\"708\" \/>\n\t<meta property=\"og:image:type\" content=\"image\/jpeg\" \/>\n<meta name=\"author\" content=\"gaprsa\" \/>\n<meta name=\"twitter:card\" content=\"summary_large_image\" \/>\n<meta name=\"twitter:creator\" content=\"@CanalULL\" \/>\n<meta name=\"twitter:site\" content=\"@CanalULL\" \/>\n<meta name=\"twitter:label1\" content=\"Escrito por\" \/>\n\t<meta name=\"twitter:data1\" content=\"gaprsa\" \/>\n\t<meta name=\"twitter:label2\" content=\"Tiempo de lectura\" \/>\n\t<meta name=\"twitter:data2\" content=\"3 minutos\" \/>\n<script type=\"application\/ld+json\" class=\"yoast-schema-graph\">{\"@context\":\"https:\/\/schema.org\",\"@graph\":[{\"@type\":\"WebPage\",\"@id\":\"https:\/\/www.ull.es\/portal\/noticias\/2015\/ii-congreso-de-estudiantes-emprendedores-de-la-ull\/\",\"url\":\"https:\/\/www.ull.es\/portal\/noticias\/2015\/ii-congreso-de-estudiantes-emprendedores-de-la-ull\/\",\"name\":\"Alumnos de la ULL presentan cinco proyectos en el II Congreso de Estudiantes Emprendedores - ULL - Noticias\",\"isPartOf\":{\"@id\":\"https:\/\/www.ull.es\/portal\/noticias\/#website\"},\"datePublished\":\"2015-03-09T10:56:13+00:00\",\"dateModified\":\"2015-03-09T10:56:13+00:00\",\"author\":{\"@id\":\"https:\/\/www.ull.es\/portal\/noticias\/#\/schema\/person\/b2b1a89d43ffa609e591f7df8ef3e817\"},\"breadcrumb\":{\"@id\":\"https:\/\/www.ull.es\/portal\/noticias\/2015\/ii-congreso-de-estudiantes-emprendedores-de-la-ull\/#breadcrumb\"},\"inLanguage\":\"es\",\"potentialAction\":[{\"@type\":\"ReadAction\",\"target\":[\"https:\/\/www.ull.es\/portal\/noticias\/2015\/ii-congreso-de-estudiantes-emprendedores-de-la-ull\/\"]}]},{\"@type\":\"BreadcrumbList\",\"@id\":\"https:\/\/www.ull.es\/portal\/noticias\/2015\/ii-congreso-de-estudiantes-emprendedores-de-la-ull\/#breadcrumb\",\"itemListElement\":[{\"@type\":\"ListItem\",\"position\":1,\"name\":\"Portada\",\"item\":\"https:\/\/www.ull.es\/portal\/noticias\/\"},{\"@type\":\"ListItem\",\"position\":2,\"name\":\"Alumnos de la ULL presentan cinco proyectos en el II Congreso de Estudiantes Emprendedores\"}]},{\"@type\":\"WebSite\",\"@id\":\"https:\/\/www.ull.es\/portal\/noticias\/#website\",\"url\":\"https:\/\/www.ull.es\/portal\/noticias\/\",\"name\":\"ULL - Noticias\",\"description\":\"\",\"potentialAction\":[{\"@type\":\"SearchAction\",\"target\":{\"@type\":\"EntryPoint\",\"urlTemplate\":\"https:\/\/www.ull.es\/portal\/noticias\/?s={search_term_string}\"},\"query-input\":\"required name=search_term_string\"}],\"inLanguage\":\"es\"},{\"@type\":\"Person\",\"@id\":\"https:\/\/www.ull.es\/portal\/noticias\/#\/schema\/person\/b2b1a89d43ffa609e591f7df8ef3e817\",\"name\":\"gaprsa\",\"image\":{\"@type\":\"ImageObject\",\"inLanguage\":\"es\",\"@id\":\"https:\/\/www.ull.es\/portal\/noticias\/#\/schema\/person\/image\/\",\"url\":\"https:\/\/secure.gravatar.com\/avatar\/443820550921091458b4823867723b3d?s=96&d=mm&r=g\",\"contentUrl\":\"https:\/\/secure.gravatar.com\/avatar\/443820550921091458b4823867723b3d?s=96&d=mm&r=g\",\"caption\":\"gaprsa\"},\"url\":\"https:\/\/www.ull.es\/portal\/noticias\/author\/gaprsa\/\"}]}<\/script>\n<!-- \/ Yoast SEO plugin. -->","yoast_head_json":{"title":"Alumnos de la ULL presentan cinco proyectos en el II Congreso de Estudiantes Emprendedores - ULL - Noticias","robots":{"index":"index","follow":"follow","max-snippet":"max-snippet:-1","max-image-preview":"max-image-preview:large","max-video-preview":"max-video-preview:-1"},"canonical":"https:\/\/www.ull.es\/portal\/noticias\/2015\/ii-congreso-de-estudiantes-emprendedores-de-la-ull\/","og_locale":"es_ES","og_type":"article","og_title":"Alumnos de la ULL presentan cinco proyectos en el II Congreso de Estudiantes Emprendedores - ULL - Noticias","og_description":"Varios alumnos de la Universidad de La Laguna han dise\u00f1ado los cinco proyectos empresariales que se han presentado hoy, lunes...","og_url":"https:\/\/www.ull.es\/portal\/noticias\/2015\/ii-congreso-de-estudiantes-emprendedores-de-la-ull\/","og_site_name":"ULL - Noticias","article_publisher":"https:\/\/www.facebook.com\/universidaddelalaguna\/","article_published_time":"2015-03-09T10:56:13+00:00","og_image":[{"width":1034,"height":708,"url":"https:\/\/www.ull.es\/portal\/noticias\/wp-content\/uploads\/sites\/13\/2015\/03\/II-Congr-Est-Emprend-028.jpg","type":"image\/jpeg"}],"author":"gaprsa","twitter_card":"summary_large_image","twitter_creator":"@CanalULL","twitter_site":"@CanalULL","twitter_misc":{"Escrito por":"gaprsa","Tiempo de lectura":"3 minutos"},"schema":{"@context":"https:\/\/schema.org","@graph":[{"@type":"WebPage","@id":"https:\/\/www.ull.es\/portal\/noticias\/2015\/ii-congreso-de-estudiantes-emprendedores-de-la-ull\/","url":"https:\/\/www.ull.es\/portal\/noticias\/2015\/ii-congreso-de-estudiantes-emprendedores-de-la-ull\/","name":"Alumnos de la ULL presentan cinco proyectos en el II Congreso de Estudiantes Emprendedores - ULL - Noticias","isPartOf":{"@id":"https:\/\/www.ull.es\/portal\/noticias\/#website"},"datePublished":"2015-03-09T10:56:13+00:00","dateModified":"2015-03-09T10:56:13+00:00","author":{"@id":"https:\/\/www.ull.es\/portal\/noticias\/#\/schema\/person\/b2b1a89d43ffa609e591f7df8ef3e817"},"breadcrumb":{"@id":"https:\/\/www.ull.es\/portal\/noticias\/2015\/ii-congreso-de-estudiantes-emprendedores-de-la-ull\/#breadcrumb"},"inLanguage":"es","potentialAction":[{"@type":"ReadAction","target":["https:\/\/www.ull.es\/portal\/noticias\/2015\/ii-congreso-de-estudiantes-emprendedores-de-la-ull\/"]}]},{"@type":"BreadcrumbList","@id":"https:\/\/www.ull.es\/portal\/noticias\/2015\/ii-congreso-de-estudiantes-emprendedores-de-la-ull\/#breadcrumb","itemListElement":[{"@type":"ListItem","position":1,"name":"Portada","item":"https:\/\/www.ull.es\/portal\/noticias\/"},{"@type":"ListItem","position":2,"name":"Alumnos de la ULL presentan cinco proyectos en el II Congreso de Estudiantes Emprendedores"}]},{"@type":"WebSite","@id":"https:\/\/www.ull.es\/portal\/noticias\/#website","url":"https:\/\/www.ull.es\/portal\/noticias\/","name":"ULL - Noticias","description":"","potentialAction":[{"@type":"SearchAction","target":{"@type":"EntryPoint","urlTemplate":"https:\/\/www.ull.es\/portal\/noticias\/?s={search_term_string}"},"query-input":"required name=search_term_string"}],"inLanguage":"es"},{"@type":"Person","@id":"https:\/\/www.ull.es\/portal\/noticias\/#\/schema\/person\/b2b1a89d43ffa609e591f7df8ef3e817","name":"gaprsa","image":{"@type":"ImageObject","inLanguage":"es","@id":"https:\/\/www.ull.es\/portal\/noticias\/#\/schema\/person\/image\/","url":"https:\/\/secure.gravatar.com\/avatar\/443820550921091458b4823867723b3d?s=96&d=mm&r=g","contentUrl":"https:\/\/secure.gravatar.com\/avatar\/443820550921091458b4823867723b3d?s=96&d=mm&r=g","caption":"gaprsa"},"url":"https:\/\/www.ull.es\/portal\/noticias\/author\/gaprsa\/"}]}},"primary_category":null,"featured_image_thumbnail_url":"https:\/\/www.ull.es\/portal\/noticias\/wp-content\/uploads\/sites\/13\/2015\/03\/II-Congr-Est-Emprend-028-300x205.jpg","_links":{"self":[{"href":"https:\/\/www.ull.es\/portal\/noticias\/wp-json\/wp\/v2\/posts\/11431"}],"collection":[{"href":"https:\/\/www.ull.es\/portal\/noticias\/wp-json\/wp\/v2\/posts"}],"about":[{"href":"https:\/\/www.ull.es\/portal\/noticias\/wp-json\/wp\/v2\/types\/post"}],"author":[{"embeddable":true,"href":"https:\/\/www.ull.es\/portal\/noticias\/wp-json\/wp\/v2\/users\/23"}],"replies":[{"embeddable":true,"href":"https:\/\/www.ull.es\/portal\/noticias\/wp-json\/wp\/v2\/comments?post=11431"}],"version-history":[{"count":0,"href":"https:\/\/www.ull.es\/portal\/noticias\/wp-json\/wp\/v2\/posts\/11431\/revisions"}],"wp:featuredmedia":[{"embeddable":true,"href":"https:\/\/www.ull.es\/portal\/noticias\/wp-json\/wp\/v2\/media\/11949"}],"wp:attachment":[{"href":"https:\/\/www.ull.es\/portal\/noticias\/wp-json\/wp\/v2\/media?parent=11431"}],"wp:term":[{"taxonomy":"category","embeddable":true,"href":"https:\/\/www.ull.es\/portal\/noticias\/wp-json\/wp\/v2\/categories?post=11431"},{"taxonomy":"post_tag","embeddable":true,"href":"https:\/\/www.ull.es\/portal\/noticias\/wp-json\/wp\/v2\/tags?post=11431"}],"curies":[{"name":"wp","href":"https:\/\/api.w.org\/{rel}","templated":true}]}}