{"id":11456,"date":"2015-04-21T11:23:36","date_gmt":"2015-04-21T11:23:36","guid":{"rendered":"http:\/\/ddigital.webs.ull.es\/?p=11456"},"modified":"2015-04-21T11:23:36","modified_gmt":"2015-04-21T11:23:36","slug":"un-combinado-de-alumnado-gomero-de-la-ull-participa-por-segunda-vez-en-un-torneo-europeo-de-futbol-sala","status":"publish","type":"post","link":"https:\/\/www.ull.es\/portal\/noticias\/2015\/un-combinado-de-alumnado-gomero-de-la-ull-participa-por-segunda-vez-en-un-torneo-europeo-de-futbol-sala\/","title":{"rendered":"Un combinado de alumnado gomero de la ULL participa por segunda vez en un torneo europeo de futbol sala"},"content":{"rendered":"<h4>El equipo competir\u00e1 en Lille (Francia) para defender el t\u00edtulo de campe\u00f3n que ya obtuvo en 2014<\/h4>\n<p>El equipo gomero de f\u00fatbol sala de la Universidad de La Laguna, que ha sido cuatro veces consecutivas campe\u00f3n del Trofeo Rector en la instituci\u00f3n acad\u00e9mica, participar\u00e1 en el Torneo Europeo de Universidades que se celebra en Lille (Francia) hoy, martes 21 de abril, para defender el t\u00edtulo de campe\u00f3n que obtuvo el a\u00f1o pasado en la que fue su primera intervenci\u00f3n en este campeonato.<\/p>\n<p>Este equipo est\u00e1 formado \u00fanica y exclusivamente por estudiantes de la ULL procedentes de La Gomera, que cada a\u00f1o se re\u00fanen para representar a su isla en las competiciones de la instituci\u00f3n acad\u00e9mica, y hasta la fecha ha logrado resultados notables. As\u00ed, se ha alzado con el Trofeo Rector de manera consecutiva en las cuatro \u00faltimas ediciones, ha ganado el campeonato de Canarias dos veces seguidas y se ha alzado con la victoria del torneo franc\u00e9s que pretende revalidar estos d\u00edas.<\/p>\n<p>Dami\u00e1n Santos, que fue el m\u00e1ximo goleador del conjunto universitario en territorio franc\u00e9s, comenta la ilusi\u00f3n del equipo ante la nueva posibilidad de representar tanto a la ULL como a La Gomera, y de revalidar el t\u00edtulo de campe\u00f3n logrado en 2014l. \u201cEsta vez ser\u00e1 m\u00e1s complicado, los equipos\u00a0 ya saben que tenemos potencial para quedar campeones e ir\u00e1n con ganas de vencer al vigente campe\u00f3n, como es normal, pero nosotros acudiremos con la misma ilusi\u00f3n y ganas que el a\u00f1o pasado\u201d.<\/p>\n<p>El equipo cuenta con el apoyo del Servicio de Deportes de la ULL y del \u00c1rea de Deportes del Cabildo Insular de La Gomera.<\/p>\n","protected":false},"excerpt":{"rendered":"<p>El equipo competir\u00e1 en Lille (Francia) para defender el t\u00edtulo de campe\u00f3n que ya obtuvo en 2014 El equipo gomero&#8230;<\/p>\n","protected":false},"author":23,"featured_media":11457,"comment_status":"open","ping_status":"open","sticky":false,"template":"","format":"video","meta":{"inline_featured_image":false,"footnotes":""},"categories":[343,1],"tags":[],"acf":[],"yoast_head":"<!-- This site is optimized with the Yoast SEO plugin v21.3 - https:\/\/yoast.com\/wordpress\/plugins\/seo\/ -->\n<title>Un combinado de alumnado gomero de la ULL participa por segunda vez en un torneo europeo de futbol sala - ULL - Noticias<\/title>\n<meta name=\"robots\" content=\"index, follow, max-snippet:-1, max-image-preview:large, max-video-preview:-1\" \/>\n<link rel=\"canonical\" href=\"https:\/\/www.ull.es\/portal\/noticias\/2015\/un-combinado-de-alumnado-gomero-de-la-ull-participa-por-segunda-vez-en-un-torneo-europeo-de-futbol-sala\/\" \/>\n<meta property=\"og:locale\" content=\"es_ES\" \/>\n<meta property=\"og:type\" content=\"article\" \/>\n<meta property=\"og:title\" content=\"Un combinado de alumnado gomero de la ULL participa por segunda vez en un torneo europeo de futbol sala - ULL - Noticias\" \/>\n<meta property=\"og:description\" content=\"El equipo competir\u00e1 en Lille (Francia) para defender el t\u00edtulo de campe\u00f3n que ya obtuvo en 2014 El equipo gomero...\" \/>\n<meta property=\"og:url\" content=\"https:\/\/www.ull.es\/portal\/noticias\/2015\/un-combinado-de-alumnado-gomero-de-la-ull-participa-por-segunda-vez-en-un-torneo-europeo-de-futbol-sala\/\" \/>\n<meta property=\"og:site_name\" content=\"ULL - Noticias\" \/>\n<meta property=\"article:publisher\" content=\"https:\/\/www.facebook.com\/universidaddelalaguna\/\" \/>\n<meta property=\"article:published_time\" content=\"2015-04-21T11:23:36+00:00\" \/>\n<meta property=\"og:image\" content=\"https:\/\/www.ull.es\/portal\/noticias\/wp-content\/uploads\/sites\/13\/2015\/04\/equipo-lagomera.jpg\" \/>\n\t<meta property=\"og:image:width\" content=\"800\" \/>\n\t<meta property=\"og:image:height\" content=\"526\" \/>\n\t<meta property=\"og:image:type\" content=\"image\/jpeg\" \/>\n<meta name=\"author\" content=\"gaprsa\" \/>\n<meta name=\"twitter:card\" content=\"summary_large_image\" \/>\n<meta name=\"twitter:creator\" content=\"@CanalULL\" \/>\n<meta name=\"twitter:site\" content=\"@CanalULL\" \/>\n<meta name=\"twitter:label1\" content=\"Escrito por\" \/>\n\t<meta name=\"twitter:data1\" content=\"gaprsa\" \/>\n\t<meta name=\"twitter:label2\" content=\"Tiempo de lectura\" \/>\n\t<meta name=\"twitter:data2\" content=\"1 minuto\" \/>\n<script type=\"application\/ld+json\" class=\"yoast-schema-graph\">{\"@context\":\"https:\/\/schema.org\",\"@graph\":[{\"@type\":\"WebPage\",\"@id\":\"https:\/\/www.ull.es\/portal\/noticias\/2015\/un-combinado-de-alumnado-gomero-de-la-ull-participa-por-segunda-vez-en-un-torneo-europeo-de-futbol-sala\/\",\"url\":\"https:\/\/www.ull.es\/portal\/noticias\/2015\/un-combinado-de-alumnado-gomero-de-la-ull-participa-por-segunda-vez-en-un-torneo-europeo-de-futbol-sala\/\",\"name\":\"Un combinado de alumnado gomero de la ULL participa por segunda vez en un torneo europeo de futbol sala - ULL - Noticias\",\"isPartOf\":{\"@id\":\"https:\/\/www.ull.es\/portal\/noticias\/#website\"},\"datePublished\":\"2015-04-21T11:23:36+00:00\",\"dateModified\":\"2015-04-21T11:23:36+00:00\",\"author\":{\"@id\":\"https:\/\/www.ull.es\/portal\/noticias\/#\/schema\/person\/b2b1a89d43ffa609e591f7df8ef3e817\"},\"breadcrumb\":{\"@id\":\"https:\/\/www.ull.es\/portal\/noticias\/2015\/un-combinado-de-alumnado-gomero-de-la-ull-participa-por-segunda-vez-en-un-torneo-europeo-de-futbol-sala\/#breadcrumb\"},\"inLanguage\":\"es\",\"potentialAction\":[{\"@type\":\"ReadAction\",\"target\":[\"https:\/\/www.ull.es\/portal\/noticias\/2015\/un-combinado-de-alumnado-gomero-de-la-ull-participa-por-segunda-vez-en-un-torneo-europeo-de-futbol-sala\/\"]}]},{\"@type\":\"BreadcrumbList\",\"@id\":\"https:\/\/www.ull.es\/portal\/noticias\/2015\/un-combinado-de-alumnado-gomero-de-la-ull-participa-por-segunda-vez-en-un-torneo-europeo-de-futbol-sala\/#breadcrumb\",\"itemListElement\":[{\"@type\":\"ListItem\",\"position\":1,\"name\":\"Portada\",\"item\":\"https:\/\/www.ull.es\/portal\/noticias\/\"},{\"@type\":\"ListItem\",\"position\":2,\"name\":\"Un combinado de alumnado gomero de la ULL participa por segunda vez en un torneo europeo de futbol sala\"}]},{\"@type\":\"WebSite\",\"@id\":\"https:\/\/www.ull.es\/portal\/noticias\/#website\",\"url\":\"https:\/\/www.ull.es\/portal\/noticias\/\",\"name\":\"ULL - Noticias\",\"description\":\"\",\"potentialAction\":[{\"@type\":\"SearchAction\",\"target\":{\"@type\":\"EntryPoint\",\"urlTemplate\":\"https:\/\/www.ull.es\/portal\/noticias\/?s={search_term_string}\"},\"query-input\":\"required name=search_term_string\"}],\"inLanguage\":\"es\"},{\"@type\":\"Person\",\"@id\":\"https:\/\/www.ull.es\/portal\/noticias\/#\/schema\/person\/b2b1a89d43ffa609e591f7df8ef3e817\",\"name\":\"gaprsa\",\"image\":{\"@type\":\"ImageObject\",\"inLanguage\":\"es\",\"@id\":\"https:\/\/www.ull.es\/portal\/noticias\/#\/schema\/person\/image\/\",\"url\":\"https:\/\/secure.gravatar.com\/avatar\/443820550921091458b4823867723b3d?s=96&d=mm&r=g\",\"contentUrl\":\"https:\/\/secure.gravatar.com\/avatar\/443820550921091458b4823867723b3d?s=96&d=mm&r=g\",\"caption\":\"gaprsa\"},\"url\":\"https:\/\/www.ull.es\/portal\/noticias\/author\/gaprsa\/\"}]}<\/script>\n<!-- \/ Yoast SEO plugin. -->","yoast_head_json":{"title":"Un combinado de alumnado gomero de la ULL participa por segunda vez en un torneo europeo de futbol sala - ULL - Noticias","robots":{"index":"index","follow":"follow","max-snippet":"max-snippet:-1","max-image-preview":"max-image-preview:large","max-video-preview":"max-video-preview:-1"},"canonical":"https:\/\/www.ull.es\/portal\/noticias\/2015\/un-combinado-de-alumnado-gomero-de-la-ull-participa-por-segunda-vez-en-un-torneo-europeo-de-futbol-sala\/","og_locale":"es_ES","og_type":"article","og_title":"Un combinado de alumnado gomero de la ULL participa por segunda vez en un torneo europeo de futbol sala - ULL - Noticias","og_description":"El equipo competir\u00e1 en Lille (Francia) para defender el t\u00edtulo de campe\u00f3n que ya obtuvo en 2014 El equipo gomero...","og_url":"https:\/\/www.ull.es\/portal\/noticias\/2015\/un-combinado-de-alumnado-gomero-de-la-ull-participa-por-segunda-vez-en-un-torneo-europeo-de-futbol-sala\/","og_site_name":"ULL - Noticias","article_publisher":"https:\/\/www.facebook.com\/universidaddelalaguna\/","article_published_time":"2015-04-21T11:23:36+00:00","og_image":[{"width":800,"height":526,"url":"https:\/\/www.ull.es\/portal\/noticias\/wp-content\/uploads\/sites\/13\/2015\/04\/equipo-lagomera.jpg","type":"image\/jpeg"}],"author":"gaprsa","twitter_card":"summary_large_image","twitter_creator":"@CanalULL","twitter_site":"@CanalULL","twitter_misc":{"Escrito por":"gaprsa","Tiempo de lectura":"1 minuto"},"schema":{"@context":"https:\/\/schema.org","@graph":[{"@type":"WebPage","@id":"https:\/\/www.ull.es\/portal\/noticias\/2015\/un-combinado-de-alumnado-gomero-de-la-ull-participa-por-segunda-vez-en-un-torneo-europeo-de-futbol-sala\/","url":"https:\/\/www.ull.es\/portal\/noticias\/2015\/un-combinado-de-alumnado-gomero-de-la-ull-participa-por-segunda-vez-en-un-torneo-europeo-de-futbol-sala\/","name":"Un combinado de alumnado gomero de la ULL participa por segunda vez en un torneo europeo de futbol sala - ULL - Noticias","isPartOf":{"@id":"https:\/\/www.ull.es\/portal\/noticias\/#website"},"datePublished":"2015-04-21T11:23:36+00:00","dateModified":"2015-04-21T11:23:36+00:00","author":{"@id":"https:\/\/www.ull.es\/portal\/noticias\/#\/schema\/person\/b2b1a89d43ffa609e591f7df8ef3e817"},"breadcrumb":{"@id":"https:\/\/www.ull.es\/portal\/noticias\/2015\/un-combinado-de-alumnado-gomero-de-la-ull-participa-por-segunda-vez-en-un-torneo-europeo-de-futbol-sala\/#breadcrumb"},"inLanguage":"es","potentialAction":[{"@type":"ReadAction","target":["https:\/\/www.ull.es\/portal\/noticias\/2015\/un-combinado-de-alumnado-gomero-de-la-ull-participa-por-segunda-vez-en-un-torneo-europeo-de-futbol-sala\/"]}]},{"@type":"BreadcrumbList","@id":"https:\/\/www.ull.es\/portal\/noticias\/2015\/un-combinado-de-alumnado-gomero-de-la-ull-participa-por-segunda-vez-en-un-torneo-europeo-de-futbol-sala\/#breadcrumb","itemListElement":[{"@type":"ListItem","position":1,"name":"Portada","item":"https:\/\/www.ull.es\/portal\/noticias\/"},{"@type":"ListItem","position":2,"name":"Un combinado de alumnado gomero de la ULL participa por segunda vez en un torneo europeo de futbol sala"}]},{"@type":"WebSite","@id":"https:\/\/www.ull.es\/portal\/noticias\/#website","url":"https:\/\/www.ull.es\/portal\/noticias\/","name":"ULL - Noticias","description":"","potentialAction":[{"@type":"SearchAction","target":{"@type":"EntryPoint","urlTemplate":"https:\/\/www.ull.es\/portal\/noticias\/?s={search_term_string}"},"query-input":"required name=search_term_string"}],"inLanguage":"es"},{"@type":"Person","@id":"https:\/\/www.ull.es\/portal\/noticias\/#\/schema\/person\/b2b1a89d43ffa609e591f7df8ef3e817","name":"gaprsa","image":{"@type":"ImageObject","inLanguage":"es","@id":"https:\/\/www.ull.es\/portal\/noticias\/#\/schema\/person\/image\/","url":"https:\/\/secure.gravatar.com\/avatar\/443820550921091458b4823867723b3d?s=96&d=mm&r=g","contentUrl":"https:\/\/secure.gravatar.com\/avatar\/443820550921091458b4823867723b3d?s=96&d=mm&r=g","caption":"gaprsa"},"url":"https:\/\/www.ull.es\/portal\/noticias\/author\/gaprsa\/"}]}},"primary_category":null,"featured_image_thumbnail_url":"https:\/\/www.ull.es\/portal\/noticias\/wp-content\/uploads\/sites\/13\/2015\/04\/equipo-lagomera-300x197.jpg","_links":{"self":[{"href":"https:\/\/www.ull.es\/portal\/noticias\/wp-json\/wp\/v2\/posts\/11456"}],"collection":[{"href":"https:\/\/www.ull.es\/portal\/noticias\/wp-json\/wp\/v2\/posts"}],"about":[{"href":"https:\/\/www.ull.es\/portal\/noticias\/wp-json\/wp\/v2\/types\/post"}],"author":[{"embeddable":true,"href":"https:\/\/www.ull.es\/portal\/noticias\/wp-json\/wp\/v2\/users\/23"}],"replies":[{"embeddable":true,"href":"https:\/\/www.ull.es\/portal\/noticias\/wp-json\/wp\/v2\/comments?post=11456"}],"version-history":[{"count":0,"href":"https:\/\/www.ull.es\/portal\/noticias\/wp-json\/wp\/v2\/posts\/11456\/revisions"}],"wp:featuredmedia":[{"embeddable":true,"href":"https:\/\/www.ull.es\/portal\/noticias\/wp-json\/wp\/v2\/media\/11457"}],"wp:attachment":[{"href":"https:\/\/www.ull.es\/portal\/noticias\/wp-json\/wp\/v2\/media?parent=11456"}],"wp:term":[{"taxonomy":"category","embeddable":true,"href":"https:\/\/www.ull.es\/portal\/noticias\/wp-json\/wp\/v2\/categories?post=11456"},{"taxonomy":"post_tag","embeddable":true,"href":"https:\/\/www.ull.es\/portal\/noticias\/wp-json\/wp\/v2\/tags?post=11456"}],"curies":[{"name":"wp","href":"https:\/\/api.w.org\/{rel}","templated":true}]}}