{"id":11507,"date":"2015-04-23T08:55:57","date_gmt":"2015-04-23T08:55:57","guid":{"rendered":"http:\/\/ddigital.webs.ull.es\/?p=11507"},"modified":"2015-04-23T08:55:57","modified_gmt":"2015-04-23T08:55:57","slug":"un-graduado-de-la-universidad-de-la-laguna-galardonado-en-los-iii-premios-mir","status":"publish","type":"post","link":"https:\/\/www.ull.es\/portal\/noticias\/2015\/un-graduado-de-la-universidad-de-la-laguna-galardonado-en-los-iii-premios-mir\/","title":{"rendered":"Un graduado de la Universidad de La Laguna, galardonado en los III Premios MIR"},"content":{"rendered":"<p>Carlos Nicol\u00e1s P\u00e9rez Garc\u00eda, ex alumno de Medicina de la Universidad de La Laguna, ha sido galardonado en los III Premios MIR celebrados por la Fundaci\u00f3n Uniteco Profesional. Los premios MIR reconocen a los m\u00e9dicos que han obtenido los 50 mejores puestos en el examen nacional de acceso a las especialidades m\u00e9dicas. P\u00e9rez Garc\u00eda, quien logr\u00f3 el puesto 37 entre los m\u00e1s de 12.000 m\u00e9dicos que se presentaron al examen MIR, se especializar\u00e1 en Cardiolog\u00eda en el Hospital San Carlos de Madrid.<\/p>\n<p>En la pasada convocatoria se presentaron m\u00e1s de 12.000 graduados en Medicina para algo m\u00e1s de 6.000 plazas ofertadas en hospitales y centros de salud p\u00fablicos de toda la geograf\u00eda nacional. Estos galardones reconocen la excelencia de los j\u00f3venes m\u00e9dicos en su preparaci\u00f3n para entrar en la carrera profesional.<\/p>\n<p>Entre los 50 premiados hay graduados en Medicina de 24 universidades diferentes. La Universidad de Navarra ha sido la m\u00e1s destacada con 6 personas entre los 50 primeros, seguida de la Universidad Complutense de Madrid y la Universidad Aut\u00f3noma de Madrid con 5 cada una, y las universidades de Barcelona y Pa\u00eds Vasco con 4 cada una.<\/p>\n<p>Los Premios a la Excelencia MIR est\u00e1n organizados por la Fundaci\u00f3n Uniteco Profesional. La Fundaci\u00f3n Uniteco Profesional est\u00e1 creada por la corredur\u00eda de seguros hom\u00f3nima, especializada en la gesti\u00f3n de riesgos para m\u00e9dicos, y su funci\u00f3n principal es la de acompa\u00f1ar a los profesionales sanitarios en su carrera profesional y personal.<\/p>\n<p>(Nota y foto cedidas).<\/p>\n","protected":false},"excerpt":{"rendered":"<p>Carlos Nicol\u00e1s P\u00e9rez Garc\u00eda, ex alumno de Medicina de la Universidad de La Laguna, ha sido galardonado en los III&#8230;<\/p>\n","protected":false},"author":23,"featured_media":11807,"comment_status":"open","ping_status":"open","sticky":false,"template":"","format":"image","meta":{"inline_featured_image":false,"footnotes":""},"categories":[343,1],"tags":[],"acf":[],"yoast_head":"<!-- This site is optimized with the Yoast SEO plugin v21.3 - https:\/\/yoast.com\/wordpress\/plugins\/seo\/ -->\n<title>Un graduado de la Universidad de La Laguna, galardonado en los III Premios MIR - ULL - Noticias<\/title>\n<meta name=\"robots\" content=\"index, follow, max-snippet:-1, max-image-preview:large, max-video-preview:-1\" \/>\n<link rel=\"canonical\" href=\"https:\/\/www.ull.es\/portal\/noticias\/2015\/un-graduado-de-la-universidad-de-la-laguna-galardonado-en-los-iii-premios-mir\/\" \/>\n<meta property=\"og:locale\" content=\"es_ES\" \/>\n<meta property=\"og:type\" content=\"article\" \/>\n<meta property=\"og:title\" content=\"Un graduado de la Universidad de La Laguna, galardonado en los III Premios MIR - ULL - Noticias\" \/>\n<meta property=\"og:description\" content=\"Carlos Nicol\u00e1s P\u00e9rez Garc\u00eda, ex alumno de Medicina de la Universidad de La Laguna, ha sido galardonado en los III...\" \/>\n<meta property=\"og:url\" content=\"https:\/\/www.ull.es\/portal\/noticias\/2015\/un-graduado-de-la-universidad-de-la-laguna-galardonado-en-los-iii-premios-mir\/\" \/>\n<meta property=\"og:site_name\" content=\"ULL - Noticias\" \/>\n<meta property=\"article:publisher\" content=\"https:\/\/www.facebook.com\/universidaddelalaguna\/\" \/>\n<meta property=\"article:published_time\" content=\"2015-04-23T08:55:57+00:00\" \/>\n<meta property=\"og:image\" content=\"https:\/\/www.ull.es\/portal\/noticias\/wp-content\/uploads\/sites\/13\/2015\/04\/premio-mir-02.jpg\" \/>\n\t<meta property=\"og:image:width\" content=\"1025\" \/>\n\t<meta property=\"og:image:height\" content=\"718\" \/>\n\t<meta property=\"og:image:type\" content=\"image\/jpeg\" \/>\n<meta name=\"author\" content=\"gaprsa\" \/>\n<meta name=\"twitter:card\" content=\"summary_large_image\" \/>\n<meta name=\"twitter:creator\" content=\"@CanalULL\" \/>\n<meta name=\"twitter:site\" content=\"@CanalULL\" \/>\n<meta name=\"twitter:label1\" content=\"Escrito por\" \/>\n\t<meta name=\"twitter:data1\" content=\"gaprsa\" \/>\n\t<meta name=\"twitter:label2\" content=\"Tiempo de lectura\" \/>\n\t<meta name=\"twitter:data2\" content=\"1 minuto\" \/>\n<script type=\"application\/ld+json\" class=\"yoast-schema-graph\">{\"@context\":\"https:\/\/schema.org\",\"@graph\":[{\"@type\":\"WebPage\",\"@id\":\"https:\/\/www.ull.es\/portal\/noticias\/2015\/un-graduado-de-la-universidad-de-la-laguna-galardonado-en-los-iii-premios-mir\/\",\"url\":\"https:\/\/www.ull.es\/portal\/noticias\/2015\/un-graduado-de-la-universidad-de-la-laguna-galardonado-en-los-iii-premios-mir\/\",\"name\":\"Un graduado de la Universidad de La Laguna, galardonado en los III Premios MIR - ULL - Noticias\",\"isPartOf\":{\"@id\":\"https:\/\/www.ull.es\/portal\/noticias\/#website\"},\"datePublished\":\"2015-04-23T08:55:57+00:00\",\"dateModified\":\"2015-04-23T08:55:57+00:00\",\"author\":{\"@id\":\"https:\/\/www.ull.es\/portal\/noticias\/#\/schema\/person\/b2b1a89d43ffa609e591f7df8ef3e817\"},\"breadcrumb\":{\"@id\":\"https:\/\/www.ull.es\/portal\/noticias\/2015\/un-graduado-de-la-universidad-de-la-laguna-galardonado-en-los-iii-premios-mir\/#breadcrumb\"},\"inLanguage\":\"es\",\"potentialAction\":[{\"@type\":\"ReadAction\",\"target\":[\"https:\/\/www.ull.es\/portal\/noticias\/2015\/un-graduado-de-la-universidad-de-la-laguna-galardonado-en-los-iii-premios-mir\/\"]}]},{\"@type\":\"BreadcrumbList\",\"@id\":\"https:\/\/www.ull.es\/portal\/noticias\/2015\/un-graduado-de-la-universidad-de-la-laguna-galardonado-en-los-iii-premios-mir\/#breadcrumb\",\"itemListElement\":[{\"@type\":\"ListItem\",\"position\":1,\"name\":\"Portada\",\"item\":\"https:\/\/www.ull.es\/portal\/noticias\/\"},{\"@type\":\"ListItem\",\"position\":2,\"name\":\"Un graduado de la Universidad de La Laguna, galardonado en los III Premios MIR\"}]},{\"@type\":\"WebSite\",\"@id\":\"https:\/\/www.ull.es\/portal\/noticias\/#website\",\"url\":\"https:\/\/www.ull.es\/portal\/noticias\/\",\"name\":\"ULL - Noticias\",\"description\":\"\",\"potentialAction\":[{\"@type\":\"SearchAction\",\"target\":{\"@type\":\"EntryPoint\",\"urlTemplate\":\"https:\/\/www.ull.es\/portal\/noticias\/?s={search_term_string}\"},\"query-input\":\"required name=search_term_string\"}],\"inLanguage\":\"es\"},{\"@type\":\"Person\",\"@id\":\"https:\/\/www.ull.es\/portal\/noticias\/#\/schema\/person\/b2b1a89d43ffa609e591f7df8ef3e817\",\"name\":\"gaprsa\",\"image\":{\"@type\":\"ImageObject\",\"inLanguage\":\"es\",\"@id\":\"https:\/\/www.ull.es\/portal\/noticias\/#\/schema\/person\/image\/\",\"url\":\"https:\/\/secure.gravatar.com\/avatar\/443820550921091458b4823867723b3d?s=96&d=mm&r=g\",\"contentUrl\":\"https:\/\/secure.gravatar.com\/avatar\/443820550921091458b4823867723b3d?s=96&d=mm&r=g\",\"caption\":\"gaprsa\"},\"url\":\"https:\/\/www.ull.es\/portal\/noticias\/author\/gaprsa\/\"}]}<\/script>\n<!-- \/ Yoast SEO plugin. -->","yoast_head_json":{"title":"Un graduado de la Universidad de La Laguna, galardonado en los III Premios MIR - ULL - Noticias","robots":{"index":"index","follow":"follow","max-snippet":"max-snippet:-1","max-image-preview":"max-image-preview:large","max-video-preview":"max-video-preview:-1"},"canonical":"https:\/\/www.ull.es\/portal\/noticias\/2015\/un-graduado-de-la-universidad-de-la-laguna-galardonado-en-los-iii-premios-mir\/","og_locale":"es_ES","og_type":"article","og_title":"Un graduado de la Universidad de La Laguna, galardonado en los III Premios MIR - ULL - Noticias","og_description":"Carlos Nicol\u00e1s P\u00e9rez Garc\u00eda, ex alumno de Medicina de la Universidad de La Laguna, ha sido galardonado en los III...","og_url":"https:\/\/www.ull.es\/portal\/noticias\/2015\/un-graduado-de-la-universidad-de-la-laguna-galardonado-en-los-iii-premios-mir\/","og_site_name":"ULL - Noticias","article_publisher":"https:\/\/www.facebook.com\/universidaddelalaguna\/","article_published_time":"2015-04-23T08:55:57+00:00","og_image":[{"width":1025,"height":718,"url":"https:\/\/www.ull.es\/portal\/noticias\/wp-content\/uploads\/sites\/13\/2015\/04\/premio-mir-02.jpg","type":"image\/jpeg"}],"author":"gaprsa","twitter_card":"summary_large_image","twitter_creator":"@CanalULL","twitter_site":"@CanalULL","twitter_misc":{"Escrito por":"gaprsa","Tiempo de lectura":"1 minuto"},"schema":{"@context":"https:\/\/schema.org","@graph":[{"@type":"WebPage","@id":"https:\/\/www.ull.es\/portal\/noticias\/2015\/un-graduado-de-la-universidad-de-la-laguna-galardonado-en-los-iii-premios-mir\/","url":"https:\/\/www.ull.es\/portal\/noticias\/2015\/un-graduado-de-la-universidad-de-la-laguna-galardonado-en-los-iii-premios-mir\/","name":"Un graduado de la Universidad de La Laguna, galardonado en los III Premios MIR - ULL - Noticias","isPartOf":{"@id":"https:\/\/www.ull.es\/portal\/noticias\/#website"},"datePublished":"2015-04-23T08:55:57+00:00","dateModified":"2015-04-23T08:55:57+00:00","author":{"@id":"https:\/\/www.ull.es\/portal\/noticias\/#\/schema\/person\/b2b1a89d43ffa609e591f7df8ef3e817"},"breadcrumb":{"@id":"https:\/\/www.ull.es\/portal\/noticias\/2015\/un-graduado-de-la-universidad-de-la-laguna-galardonado-en-los-iii-premios-mir\/#breadcrumb"},"inLanguage":"es","potentialAction":[{"@type":"ReadAction","target":["https:\/\/www.ull.es\/portal\/noticias\/2015\/un-graduado-de-la-universidad-de-la-laguna-galardonado-en-los-iii-premios-mir\/"]}]},{"@type":"BreadcrumbList","@id":"https:\/\/www.ull.es\/portal\/noticias\/2015\/un-graduado-de-la-universidad-de-la-laguna-galardonado-en-los-iii-premios-mir\/#breadcrumb","itemListElement":[{"@type":"ListItem","position":1,"name":"Portada","item":"https:\/\/www.ull.es\/portal\/noticias\/"},{"@type":"ListItem","position":2,"name":"Un graduado de la Universidad de La Laguna, galardonado en los III Premios MIR"}]},{"@type":"WebSite","@id":"https:\/\/www.ull.es\/portal\/noticias\/#website","url":"https:\/\/www.ull.es\/portal\/noticias\/","name":"ULL - Noticias","description":"","potentialAction":[{"@type":"SearchAction","target":{"@type":"EntryPoint","urlTemplate":"https:\/\/www.ull.es\/portal\/noticias\/?s={search_term_string}"},"query-input":"required name=search_term_string"}],"inLanguage":"es"},{"@type":"Person","@id":"https:\/\/www.ull.es\/portal\/noticias\/#\/schema\/person\/b2b1a89d43ffa609e591f7df8ef3e817","name":"gaprsa","image":{"@type":"ImageObject","inLanguage":"es","@id":"https:\/\/www.ull.es\/portal\/noticias\/#\/schema\/person\/image\/","url":"https:\/\/secure.gravatar.com\/avatar\/443820550921091458b4823867723b3d?s=96&d=mm&r=g","contentUrl":"https:\/\/secure.gravatar.com\/avatar\/443820550921091458b4823867723b3d?s=96&d=mm&r=g","caption":"gaprsa"},"url":"https:\/\/www.ull.es\/portal\/noticias\/author\/gaprsa\/"}]}},"primary_category":null,"featured_image_thumbnail_url":"https:\/\/www.ull.es\/portal\/noticias\/wp-content\/uploads\/sites\/13\/2015\/04\/premio-mir-02-300x210.jpg","_links":{"self":[{"href":"https:\/\/www.ull.es\/portal\/noticias\/wp-json\/wp\/v2\/posts\/11507"}],"collection":[{"href":"https:\/\/www.ull.es\/portal\/noticias\/wp-json\/wp\/v2\/posts"}],"about":[{"href":"https:\/\/www.ull.es\/portal\/noticias\/wp-json\/wp\/v2\/types\/post"}],"author":[{"embeddable":true,"href":"https:\/\/www.ull.es\/portal\/noticias\/wp-json\/wp\/v2\/users\/23"}],"replies":[{"embeddable":true,"href":"https:\/\/www.ull.es\/portal\/noticias\/wp-json\/wp\/v2\/comments?post=11507"}],"version-history":[{"count":0,"href":"https:\/\/www.ull.es\/portal\/noticias\/wp-json\/wp\/v2\/posts\/11507\/revisions"}],"wp:featuredmedia":[{"embeddable":true,"href":"https:\/\/www.ull.es\/portal\/noticias\/wp-json\/wp\/v2\/media\/11807"}],"wp:attachment":[{"href":"https:\/\/www.ull.es\/portal\/noticias\/wp-json\/wp\/v2\/media?parent=11507"}],"wp:term":[{"taxonomy":"category","embeddable":true,"href":"https:\/\/www.ull.es\/portal\/noticias\/wp-json\/wp\/v2\/categories?post=11507"},{"taxonomy":"post_tag","embeddable":true,"href":"https:\/\/www.ull.es\/portal\/noticias\/wp-json\/wp\/v2\/tags?post=11507"}],"curies":[{"name":"wp","href":"https:\/\/api.w.org\/{rel}","templated":true}]}}