{"id":11528,"date":"2015-04-24T08:57:57","date_gmt":"2015-04-24T08:57:57","guid":{"rendered":"http:\/\/ddigital.webs.ull.es\/?p=11528"},"modified":"2015-04-24T08:57:57","modified_gmt":"2015-04-24T08:57:57","slug":"la-universidad-de-la-laguna-simplifica-el-baremo-de-admision-a-los-estudios-de-master","status":"publish","type":"post","link":"https:\/\/www.ull.es\/portal\/noticias\/2015\/la-universidad-de-la-laguna-simplifica-el-baremo-de-admision-a-los-estudios-de-master\/","title":{"rendered":"La Universidad de La Laguna simplifica el baremo de admisi\u00f3n a los estudios de m\u00e1ster"},"content":{"rendered":"<h4>La Escuela de Doctorado y Estudios de Posgrado ser\u00e1 aprobada previsiblemente el lunes<\/h4>\n<div id=\"divMain\">\n<div id=\"divBody\">\n<div id=\"divContent\">\n<div id=\"divContentUllNew\">\n<div id=\"divUllNew\">\n<p>El Consejo de Gobierno de la Universidad de La Laguna aprob\u00f3 hoy viernes 24 de abril un baremo marco que simplifica y armoniza el acceso a los estudios de m\u00e1ster del centro acad\u00e9mico, en el sentido de aligerar el proceso y hacer m\u00e1s resolutivo el procedimiento.<\/p>\n<p>Hasta ahora, el procedimiento se iniciaba cuando el alumno solicitaba la preinscripci\u00f3n, se comprobaba que cumpl\u00eda los requisitos generales de acceso al nivel de m\u00e1ster y los espec\u00edficos de acceso a la titulaci\u00f3n que solicitaba, y a continuaci\u00f3n era baremado siguiendo los criterios establecidos en la memoria de verificaci\u00f3n, asign\u00e1ndosele plaza o quedando en lista de espera. De hecho, se da la circunstancia de que\u00a0 en el conjunto de titulaciones ofertadas por la Universidad de La Laguna hay un amplio abanico de criterios de baremaci\u00f3n, incluyendo numerosos apartados en cada una de las titulaciones, lo que supone una complejidad que dificulta la realizaci\u00f3n del proceso, explic\u00f3 el vicerrector de Posgrado, Nuevos Estudios y Espacio Europeo de Educaci\u00f3n Superior, Justo P\u00e9rez Cruz.<\/p>\n<p>A partir de este momento, los criterios se simplificar\u00e1n notablemente, de manera que se tendr\u00e1 en cuenta tan solo la calificaci\u00f3n media del expediente acad\u00e9mico de la titulaci\u00f3n que le da acceso al m\u00e1ster y la adecuaci\u00f3n de la titulaci\u00f3n al perfil del m\u00e1ster, establecida como una puntuaci\u00f3n a\u00f1adida a la calificaci\u00f3n media.<\/p>\n<p>Ser\u00e1 por tanto admitido el alumnado que en funci\u00f3n de la titulaci\u00f3n cumpla con los requisitos generales de acceso al nivel de m\u00e1ster, que contemple los requisitos espec\u00edficos establecidos en la memoria de verificaci\u00f3n y que ordenado seg\u00fan la baremaci\u00f3n se encuentre dentro del n\u00famero de plazas ofertadas.<\/p>\n<p>Dentro de este \u00e1mbito, el Consejo de Gobierno tambi\u00e9n dio su visto bueno a la oferta de estudios de posgrado para el curso 2015\/16, que mantiene la de este curso salvo tres t\u00edtulos, los de Prevenci\u00f3n en Riesgos Laborales, Estudios Norteamericanos y Estudios Africanos, que ser\u00e1n sometidos a remodelaci\u00f3n.<\/p>\n<p>El Vicerrector de Ordenaci\u00f3n Acad\u00e9mica y Profesorado, Juan Felipe P\u00e9rez Franc\u00e9s, inform\u00f3 de la modificaci\u00f3n de la oferta p\u00fablica de empleo para el profesorado en 2015, dado que se ha recibido informe de Hacienda que determina una leve modificaci\u00f3n de la inicialmente prevista por el centro docente. As\u00ed, se ha decidido sacar a concurso diez c\u00e1tedras de universidad, cuatro de titularidad de universidad y cuatro de contratados doctores. Esta decisi\u00f3n no obsta para que el centro acad\u00e9mico, cumpliendo con el dictamen ministerial, se reserve la posibilidad de seguir solicitando el total de plazas previstas en un inicio.<\/p>\n<p><strong>Escuela de Doctorado y Estudios de Posgrado<\/strong><\/p>\n<p>El vicerrector de Posgrado, Nuevos Estudios y Espacio Europeo de Educaci\u00f3n Superior, Justo P\u00e9rez Cruz, adelant\u00f3 al Consejo de Gobierno la previsi\u00f3n de que el pr\u00f3ximo lunes 27 de abril se apruebe por el Consejo Universitario de Canarias la creaci\u00f3n de la Escuela de Doctorado y Estudios de Posgrado de la Universidad de La Laguna, que tendr\u00eda luego que ser publicada en el Bolet\u00edn Oficial de Canarias y posteriormente registrada en el Ministerio de Educaci\u00f3n para su total implantaci\u00f3n.<\/p>\n<p>En la sesi\u00f3n de hoy fue aprobado por unanimidad el c\u00f3digo de buenas pr\u00e1cticas que regir\u00e1 esta escuela, y cuya introducci\u00f3n en la normativa del nuevo centro es obligada por orden ministerial. Se entiende que todas las disciplinas cient\u00edficas han de someterse a unos principios \u00e9ticos, con el objeto de garantizar la calidad de la investigaci\u00f3n, la tutela de los intereses leg\u00edtimos de los investigadores y la prevenci\u00f3n de posibles problemas sobre la integridad de la investigaci\u00f3n. Si bien estas pr\u00e1cticas constituyen el modo habitual de trabajo de la mayor\u00eda de los investigadores, hasta ahora no ha sido habitual en Espa\u00f1a su car\u00e1cter normativo, explic\u00f3 el vicerrector.<\/p>\n<p>As\u00ed, el documento da cuenta de aspectos como los principios generales de la actividad investigadora, las funciones, derechos y obligaciones del estudiante, director de tesis, tutor, programa de doctorado y de la comisi\u00f3n acad\u00e9mica.<\/p>\n<p><strong>Honoris Causa<\/strong><\/p>\n<p>El \u00f3rgano colegiado de gobierno tambi\u00e9n conoci\u00f3 en la sesi\u00f3n de hoy, celebrada en la sala de juntas de la Facultad de Derecho, la propuesta de nombramiento como doctores Honoris Causa del astrof\u00edsico John Beckman y del dise\u00f1ador de moda Manolo Blahnik, que fueron aprobadas y que ahora continuar\u00e1n su tr\u00e1mite a trav\u00e9s del pronunciamiento del Claustro Universitario.<\/p>\n<p>La propuesta del primero parte del departamento de Astrof\u00edsica, la Secci\u00f3n de F\u00edsica y del Instituto de Astrof\u00edsica de Canarias (IAC). Beckman fue el primer director de investigaci\u00f3n del IAC, en 1984, momento en el que aport\u00f3 al instituto l\u00edneas de investigaci\u00f3n muy novedosas como cosmolog\u00eda, f\u00edsica de galaxias o la f\u00edsica del medio interestelar. Con muchos contactos en centros de investigaci\u00f3n extranjeros, permiti\u00f3 que un buen n\u00famero de becarios hicieran sus tesis doctorales en otros centros. Hoy son los investigadores o gestores de muchos proyectos de astrof\u00edsica que se realizan en nuestro pa\u00eds.<\/p>\n<p>Beckman ha sido profesor de investigaci\u00f3n del CSIC desplazado en el IAC y, por tanto, tambi\u00e9n vinculado a la ULL. Hoy es profesor honorario en el CSIC. Cuenta con 350 art\u00edculos publicados en revistas internacionales y m\u00e1s de 6000 citaciones de sus trabajos. La mayor parte de su investigaci\u00f3n la ha realizado en Canarias, a trav\u00e9s de 16 proyectos financiados en convocatorias competitivas, de las que ha sido investigador principal de 13 de ellos.<\/p>\n<p>Propuesto como doctor Honoris Causa por las Secciones de Ingenier\u00eda Agr\u00edcola y de Bellas Artes, a las que luego se ha unido el Instituto de Enfermedades Tropicales y Salud P\u00fablica de Canarias y varios colectivos claustrales de alumnos, Manolo Blahnik es uno de los creadores con mayor relevancia internacional en el mundo de los zapatos. Estudi\u00f3 literatura, idiomas y arte, y, enviado a Par\u00eds, decide dedicarse al mundo del dise\u00f1o. En Londres abri\u00f3 sus primeras tiendas, que han dio extendi\u00e9ndose por todo el mundo. Adem\u00e1s de dise\u00f1ador es tambi\u00e9n escultor, y se ha inspirado en la flora canaria en muchas ocasiones.<\/p>\n<p><strong>Pago del IBI<\/strong><\/p>\n<p>El gerente del centro acad\u00e9mico, Justo Artiles, inform\u00f3 a los miembros del Consejo de Gobierno acerca de los criterios b\u00e1sicos acordados para el fraccionamiento del pago del Impuesto de Bienes Inmuebles (IBI) al Ayuntamiento de La Laguna, que si bien contar\u00e1 con una bonificaci\u00f3n del 95% a partir del pr\u00f3ximo a\u00f1o, s\u00ed obliga a la Universidad de La Laguna a pagar lo adeudado de a\u00f1os anteriores. Esta bonificaci\u00f3n, no obstante, se conceder\u00eda si la corporaci\u00f3n cumple con los requisitos pertinentes para ello.<\/p>\n<p>En total se estima una deuda de 7.397.849,46 euros y de un recargo de 416.797,36 euros, lo que supone un montante total de 7.814.647,42 euros, sin incluir intereses de demora, seg\u00fan datos facilitados por el Ayuntamiento de La Laguna a 21 de abril del 2015.<\/p>\n<p>Artiles a\u00f1adi\u00f3 que se ha acordado un r\u00e9gimen especial de fraccionamiento del pago de la deuda en un plazo de cinco a\u00f1os, ampliable por un m\u00e1ximo de tres a\u00f1os, en el caso de que al culminar los cinco a\u00f1os no pudiera haberse abonado en su totalidad porque se comprometiera la estabilidad presupuestaria de la Universidad de La Laguna. La eficacia de este acuerdo queda ahora condicionada a la aprobaci\u00f3n de la ordenanza municipal por parte del Ayuntamiento de La Laguna, que se encuentra en tr\u00e1mite. Esta medida fue sancionada por 22 votos a favor y 3 abstenciones.<\/p>\n<p>El gerente precis\u00f3 que si a lo largo del periodo de fraccionamiento, la instituci\u00f3n obtuviese mayor disponibilidad presupuestaria o ingresos extraordinarios como resultado de sentencias judiciales pendientes, y que pudiera destinar a este fin, la instituci\u00f3n podr\u00eda proceder a la liquidaci\u00f3n anticipada, total o parcial de la deuda que en ese momento se encontrara pendiente.<\/p>\n<\/div>\n<\/div>\n<\/div>\n<\/div>\n<div id=\"divFixLayout\" class=\"divClear\"><\/div>\n<\/div>\n<div id=\"divFooter\"><\/div>\n","protected":false},"excerpt":{"rendered":"<p>La Escuela de Doctorado y Estudios de Posgrado ser\u00e1 aprobada previsiblemente el lunes El Consejo de Gobierno de la Universidad&#8230;<\/p>\n","protected":false},"author":23,"featured_media":11529,"comment_status":"open","ping_status":"open","sticky":false,"template":"","format":"standard","meta":{"inline_featured_image":false,"footnotes":""},"categories":[347,1],"tags":[],"acf":[],"yoast_head":"<!-- This site is optimized with the Yoast SEO plugin v21.3 - https:\/\/yoast.com\/wordpress\/plugins\/seo\/ -->\n<title>La Universidad de La Laguna simplifica el baremo de admisi\u00f3n a los estudios de m\u00e1ster - ULL - Noticias<\/title>\n<meta name=\"robots\" content=\"index, follow, max-snippet:-1, max-image-preview:large, max-video-preview:-1\" \/>\n<link rel=\"canonical\" href=\"https:\/\/www.ull.es\/portal\/noticias\/2015\/la-universidad-de-la-laguna-simplifica-el-baremo-de-admision-a-los-estudios-de-master\/\" \/>\n<meta property=\"og:locale\" content=\"es_ES\" \/>\n<meta property=\"og:type\" content=\"article\" \/>\n<meta property=\"og:title\" content=\"La Universidad de La Laguna simplifica el baremo de admisi\u00f3n a los estudios de m\u00e1ster - ULL - Noticias\" \/>\n<meta property=\"og:description\" content=\"La Escuela de Doctorado y Estudios de Posgrado ser\u00e1 aprobada previsiblemente el lunes El Consejo de Gobierno de la Universidad...\" \/>\n<meta property=\"og:url\" content=\"https:\/\/www.ull.es\/portal\/noticias\/2015\/la-universidad-de-la-laguna-simplifica-el-baremo-de-admision-a-los-estudios-de-master\/\" \/>\n<meta property=\"og:site_name\" content=\"ULL - Noticias\" \/>\n<meta property=\"article:publisher\" content=\"https:\/\/www.facebook.com\/universidaddelalaguna\/\" \/>\n<meta property=\"article:published_time\" content=\"2015-04-24T08:57:57+00:00\" \/>\n<meta property=\"og:image\" content=\"https:\/\/www.ull.es\/portal\/noticias\/wp-content\/uploads\/sites\/13\/2015\/04\/Cons-Gobierno-24-4-04.jpg\" \/>\n\t<meta property=\"og:image:width\" content=\"1034\" \/>\n\t<meta property=\"og:image:height\" content=\"708\" \/>\n\t<meta property=\"og:image:type\" content=\"image\/jpeg\" \/>\n<meta name=\"author\" content=\"gaprsa\" \/>\n<meta name=\"twitter:card\" content=\"summary_large_image\" \/>\n<meta name=\"twitter:creator\" content=\"@CanalULL\" \/>\n<meta name=\"twitter:site\" content=\"@CanalULL\" \/>\n<meta name=\"twitter:label1\" content=\"Escrito por\" \/>\n\t<meta name=\"twitter:data1\" content=\"gaprsa\" \/>\n\t<meta name=\"twitter:label2\" content=\"Tiempo de lectura\" \/>\n\t<meta name=\"twitter:data2\" content=\"7 minutos\" \/>\n<script type=\"application\/ld+json\" class=\"yoast-schema-graph\">{\"@context\":\"https:\/\/schema.org\",\"@graph\":[{\"@type\":\"WebPage\",\"@id\":\"https:\/\/www.ull.es\/portal\/noticias\/2015\/la-universidad-de-la-laguna-simplifica-el-baremo-de-admision-a-los-estudios-de-master\/\",\"url\":\"https:\/\/www.ull.es\/portal\/noticias\/2015\/la-universidad-de-la-laguna-simplifica-el-baremo-de-admision-a-los-estudios-de-master\/\",\"name\":\"La Universidad de La Laguna simplifica el baremo de admisi\u00f3n a los estudios de m\u00e1ster - ULL - Noticias\",\"isPartOf\":{\"@id\":\"https:\/\/www.ull.es\/portal\/noticias\/#website\"},\"datePublished\":\"2015-04-24T08:57:57+00:00\",\"dateModified\":\"2015-04-24T08:57:57+00:00\",\"author\":{\"@id\":\"https:\/\/www.ull.es\/portal\/noticias\/#\/schema\/person\/b2b1a89d43ffa609e591f7df8ef3e817\"},\"breadcrumb\":{\"@id\":\"https:\/\/www.ull.es\/portal\/noticias\/2015\/la-universidad-de-la-laguna-simplifica-el-baremo-de-admision-a-los-estudios-de-master\/#breadcrumb\"},\"inLanguage\":\"es\",\"potentialAction\":[{\"@type\":\"ReadAction\",\"target\":[\"https:\/\/www.ull.es\/portal\/noticias\/2015\/la-universidad-de-la-laguna-simplifica-el-baremo-de-admision-a-los-estudios-de-master\/\"]}]},{\"@type\":\"BreadcrumbList\",\"@id\":\"https:\/\/www.ull.es\/portal\/noticias\/2015\/la-universidad-de-la-laguna-simplifica-el-baremo-de-admision-a-los-estudios-de-master\/#breadcrumb\",\"itemListElement\":[{\"@type\":\"ListItem\",\"position\":1,\"name\":\"Portada\",\"item\":\"https:\/\/www.ull.es\/portal\/noticias\/\"},{\"@type\":\"ListItem\",\"position\":2,\"name\":\"La Universidad de La Laguna simplifica el baremo de admisi\u00f3n a los estudios de m\u00e1ster\"}]},{\"@type\":\"WebSite\",\"@id\":\"https:\/\/www.ull.es\/portal\/noticias\/#website\",\"url\":\"https:\/\/www.ull.es\/portal\/noticias\/\",\"name\":\"ULL - Noticias\",\"description\":\"\",\"potentialAction\":[{\"@type\":\"SearchAction\",\"target\":{\"@type\":\"EntryPoint\",\"urlTemplate\":\"https:\/\/www.ull.es\/portal\/noticias\/?s={search_term_string}\"},\"query-input\":\"required name=search_term_string\"}],\"inLanguage\":\"es\"},{\"@type\":\"Person\",\"@id\":\"https:\/\/www.ull.es\/portal\/noticias\/#\/schema\/person\/b2b1a89d43ffa609e591f7df8ef3e817\",\"name\":\"gaprsa\",\"image\":{\"@type\":\"ImageObject\",\"inLanguage\":\"es\",\"@id\":\"https:\/\/www.ull.es\/portal\/noticias\/#\/schema\/person\/image\/\",\"url\":\"https:\/\/secure.gravatar.com\/avatar\/443820550921091458b4823867723b3d?s=96&d=mm&r=g\",\"contentUrl\":\"https:\/\/secure.gravatar.com\/avatar\/443820550921091458b4823867723b3d?s=96&d=mm&r=g\",\"caption\":\"gaprsa\"},\"url\":\"https:\/\/www.ull.es\/portal\/noticias\/author\/gaprsa\/\"}]}<\/script>\n<!-- \/ Yoast SEO plugin. -->","yoast_head_json":{"title":"La Universidad de La Laguna simplifica el baremo de admisi\u00f3n a los estudios de m\u00e1ster - ULL - Noticias","robots":{"index":"index","follow":"follow","max-snippet":"max-snippet:-1","max-image-preview":"max-image-preview:large","max-video-preview":"max-video-preview:-1"},"canonical":"https:\/\/www.ull.es\/portal\/noticias\/2015\/la-universidad-de-la-laguna-simplifica-el-baremo-de-admision-a-los-estudios-de-master\/","og_locale":"es_ES","og_type":"article","og_title":"La Universidad de La Laguna simplifica el baremo de admisi\u00f3n a los estudios de m\u00e1ster - ULL - Noticias","og_description":"La Escuela de Doctorado y Estudios de Posgrado ser\u00e1 aprobada previsiblemente el lunes El Consejo de Gobierno de la Universidad...","og_url":"https:\/\/www.ull.es\/portal\/noticias\/2015\/la-universidad-de-la-laguna-simplifica-el-baremo-de-admision-a-los-estudios-de-master\/","og_site_name":"ULL - Noticias","article_publisher":"https:\/\/www.facebook.com\/universidaddelalaguna\/","article_published_time":"2015-04-24T08:57:57+00:00","og_image":[{"width":1034,"height":708,"url":"https:\/\/www.ull.es\/portal\/noticias\/wp-content\/uploads\/sites\/13\/2015\/04\/Cons-Gobierno-24-4-04.jpg","type":"image\/jpeg"}],"author":"gaprsa","twitter_card":"summary_large_image","twitter_creator":"@CanalULL","twitter_site":"@CanalULL","twitter_misc":{"Escrito por":"gaprsa","Tiempo de lectura":"7 minutos"},"schema":{"@context":"https:\/\/schema.org","@graph":[{"@type":"WebPage","@id":"https:\/\/www.ull.es\/portal\/noticias\/2015\/la-universidad-de-la-laguna-simplifica-el-baremo-de-admision-a-los-estudios-de-master\/","url":"https:\/\/www.ull.es\/portal\/noticias\/2015\/la-universidad-de-la-laguna-simplifica-el-baremo-de-admision-a-los-estudios-de-master\/","name":"La Universidad de La Laguna simplifica el baremo de admisi\u00f3n a los estudios de m\u00e1ster - ULL - Noticias","isPartOf":{"@id":"https:\/\/www.ull.es\/portal\/noticias\/#website"},"datePublished":"2015-04-24T08:57:57+00:00","dateModified":"2015-04-24T08:57:57+00:00","author":{"@id":"https:\/\/www.ull.es\/portal\/noticias\/#\/schema\/person\/b2b1a89d43ffa609e591f7df8ef3e817"},"breadcrumb":{"@id":"https:\/\/www.ull.es\/portal\/noticias\/2015\/la-universidad-de-la-laguna-simplifica-el-baremo-de-admision-a-los-estudios-de-master\/#breadcrumb"},"inLanguage":"es","potentialAction":[{"@type":"ReadAction","target":["https:\/\/www.ull.es\/portal\/noticias\/2015\/la-universidad-de-la-laguna-simplifica-el-baremo-de-admision-a-los-estudios-de-master\/"]}]},{"@type":"BreadcrumbList","@id":"https:\/\/www.ull.es\/portal\/noticias\/2015\/la-universidad-de-la-laguna-simplifica-el-baremo-de-admision-a-los-estudios-de-master\/#breadcrumb","itemListElement":[{"@type":"ListItem","position":1,"name":"Portada","item":"https:\/\/www.ull.es\/portal\/noticias\/"},{"@type":"ListItem","position":2,"name":"La Universidad de La Laguna simplifica el baremo de admisi\u00f3n a los estudios de m\u00e1ster"}]},{"@type":"WebSite","@id":"https:\/\/www.ull.es\/portal\/noticias\/#website","url":"https:\/\/www.ull.es\/portal\/noticias\/","name":"ULL - Noticias","description":"","potentialAction":[{"@type":"SearchAction","target":{"@type":"EntryPoint","urlTemplate":"https:\/\/www.ull.es\/portal\/noticias\/?s={search_term_string}"},"query-input":"required name=search_term_string"}],"inLanguage":"es"},{"@type":"Person","@id":"https:\/\/www.ull.es\/portal\/noticias\/#\/schema\/person\/b2b1a89d43ffa609e591f7df8ef3e817","name":"gaprsa","image":{"@type":"ImageObject","inLanguage":"es","@id":"https:\/\/www.ull.es\/portal\/noticias\/#\/schema\/person\/image\/","url":"https:\/\/secure.gravatar.com\/avatar\/443820550921091458b4823867723b3d?s=96&d=mm&r=g","contentUrl":"https:\/\/secure.gravatar.com\/avatar\/443820550921091458b4823867723b3d?s=96&d=mm&r=g","caption":"gaprsa"},"url":"https:\/\/www.ull.es\/portal\/noticias\/author\/gaprsa\/"}]}},"primary_category":null,"featured_image_thumbnail_url":"https:\/\/www.ull.es\/portal\/noticias\/wp-content\/uploads\/sites\/13\/2015\/04\/Cons-Gobierno-24-4-04-300x205.jpg","_links":{"self":[{"href":"https:\/\/www.ull.es\/portal\/noticias\/wp-json\/wp\/v2\/posts\/11528"}],"collection":[{"href":"https:\/\/www.ull.es\/portal\/noticias\/wp-json\/wp\/v2\/posts"}],"about":[{"href":"https:\/\/www.ull.es\/portal\/noticias\/wp-json\/wp\/v2\/types\/post"}],"author":[{"embeddable":true,"href":"https:\/\/www.ull.es\/portal\/noticias\/wp-json\/wp\/v2\/users\/23"}],"replies":[{"embeddable":true,"href":"https:\/\/www.ull.es\/portal\/noticias\/wp-json\/wp\/v2\/comments?post=11528"}],"version-history":[{"count":0,"href":"https:\/\/www.ull.es\/portal\/noticias\/wp-json\/wp\/v2\/posts\/11528\/revisions"}],"wp:featuredmedia":[{"embeddable":true,"href":"https:\/\/www.ull.es\/portal\/noticias\/wp-json\/wp\/v2\/media\/11529"}],"wp:attachment":[{"href":"https:\/\/www.ull.es\/portal\/noticias\/wp-json\/wp\/v2\/media?parent=11528"}],"wp:term":[{"taxonomy":"category","embeddable":true,"href":"https:\/\/www.ull.es\/portal\/noticias\/wp-json\/wp\/v2\/categories?post=11528"},{"taxonomy":"post_tag","embeddable":true,"href":"https:\/\/www.ull.es\/portal\/noticias\/wp-json\/wp\/v2\/tags?post=11528"}],"curies":[{"name":"wp","href":"https:\/\/api.w.org\/{rel}","templated":true}]}}