{"id":12018,"date":"2015-04-16T08:09:45","date_gmt":"2015-04-16T08:09:45","guid":{"rendered":"http:\/\/ddigital.webs.ull.es\/?p=12018"},"modified":"2015-04-16T08:09:45","modified_gmt":"2015-04-16T08:09:45","slug":"12018","status":"publish","type":"post","link":"https:\/\/www.ull.es\/portal\/noticias\/2015\/12018\/","title":{"rendered":"Alumni organiza un debate electoral entre los candidatos a Rector\/a de la Universidad de La Laguna"},"content":{"rendered":"<h3>El debate tendr\u00e1 lugar en la Secci\u00f3n de Ciencias de la Informaci\u00f3n<\/h3>\n<p>El sal\u00f3n de actos de la secci\u00f3n de Ciencias de la Informaci\u00f3n de la Universidad de La Laguna acoger\u00e1 un debate entre los candidatos a rector o rectora, que tendr\u00e1 lugar el lunes 20 de abril a partir de las 19 horas. Este debate estar\u00e1 promovido por la Asociaci\u00f3n de Antiguos Alumnos y Amigos de la Universidad de La Laguna (Alumni ULL).<\/p>\n<p>Los tres candidatos, Olga Alegre, catedr\u00e1tica del Departamento de Did\u00e1ctica e Investigaci\u00f3n Educativa; Juan Ignacio Capafons, catedr\u00e1tico del Departamento de Psicolog\u00eda Cl\u00ednica, Psicobiolog\u00eda y Metodolog\u00eda; y Antonio Martin\u00f3n, catedr\u00e1tico del Departamento de An\u00e1lisis Matem\u00e1tico, expondr\u00e1n sus argumentos en este encuentro, que ser\u00e1 emitido en directo por Internet, un servicio que ofrece la Unidad de Docencia Virtual. Se contar\u00e1 con la presencia de un moderador, que en este caso ser\u00e1 el periodista Zenaido Hern\u00e1ndez, ex presidente de la asociaci\u00f3n.<\/p>\n<p>Los temas objeto de confrontaci\u00f3n de ideas se han ordenado en cuatro bloques, con un m\u00e1ximo de veinte minutos de intervenci\u00f3n por candidato. Los asuntos versar\u00e1n sobre la situaci\u00f3n actual de la ULL, la comunidad universitaria, la financiaci\u00f3n de la instituci\u00f3n y la relaci\u00f3n entre la universidad y la sociedad.<\/p>\n<p>Adem\u00e1s, se ha previsto una intervenci\u00f3n previa de presentaci\u00f3n por parte de cada uno de los candidatos. Tambi\u00e9n se abrir\u00e1 un turno de preguntas del p\u00fablico al finalizar los cuatro temas propuestos y, por \u00faltimo, se cerrar\u00e1 el debate con una intervenci\u00f3n por parte de los tres protagonistas que aspiran a alzarse con el Rectorado en las elecciones del 29 de abril.<\/p>\n<p>M\u00e1s informaci\u00f3n: <a href=\"http:\/\/alumniull.es\/\" target=\"_blank\" target=\"_blank\" rel=\"noopener\">http:\/\/alumniull.es\/<\/a><\/p>\n","protected":false},"excerpt":{"rendered":"<p>El debate tendr\u00e1 lugar en la Secci\u00f3n de Ciencias de la Informaci\u00f3n El sal\u00f3n de actos de la secci\u00f3n de&#8230;<\/p>\n","protected":false},"author":23,"featured_media":12020,"comment_status":"open","ping_status":"open","sticky":false,"template":"","format":"image","meta":{"inline_featured_image":false,"footnotes":""},"categories":[347,1],"tags":[464,517,698,818,981,1111,1682,1725,2002,2251,2462,2527,2553,2560],"acf":[],"yoast_head":"<!-- This site is optimized with the Yoast SEO plugin v21.3 - https:\/\/yoast.com\/wordpress\/plugins\/seo\/ -->\n<title>Alumni organiza un debate electoral entre los candidatos a Rector\/a de la Universidad de La Laguna - ULL - Noticias<\/title>\n<meta name=\"robots\" content=\"index, follow, max-snippet:-1, max-image-preview:large, max-video-preview:-1\" \/>\n<link rel=\"canonical\" href=\"https:\/\/www.ull.es\/portal\/noticias\/2015\/12018\/\" \/>\n<meta property=\"og:locale\" content=\"es_ES\" \/>\n<meta property=\"og:type\" content=\"article\" \/>\n<meta property=\"og:title\" content=\"Alumni organiza un debate electoral entre los candidatos a Rector\/a de la Universidad de La Laguna - ULL - Noticias\" \/>\n<meta property=\"og:description\" content=\"El debate tendr\u00e1 lugar en la Secci\u00f3n de Ciencias de la Informaci\u00f3n El sal\u00f3n de actos de la secci\u00f3n de...\" \/>\n<meta property=\"og:url\" content=\"https:\/\/www.ull.es\/portal\/noticias\/2015\/12018\/\" \/>\n<meta property=\"og:site_name\" content=\"ULL - Noticias\" \/>\n<meta property=\"article:publisher\" content=\"https:\/\/www.facebook.com\/universidaddelalaguna\/\" \/>\n<meta property=\"article:published_time\" content=\"2015-04-16T08:09:45+00:00\" \/>\n<meta property=\"og:image\" content=\"https:\/\/www.ull.es\/portal\/noticias\/wp-content\/uploads\/sites\/13\/2015\/05\/seccion-ciencias-informacion.jpg\" \/>\n\t<meta property=\"og:image:width\" content=\"1200\" \/>\n\t<meta property=\"og:image:height\" content=\"800\" \/>\n\t<meta property=\"og:image:type\" content=\"image\/jpeg\" \/>\n<meta name=\"author\" content=\"gaprsa\" \/>\n<meta name=\"twitter:card\" content=\"summary_large_image\" \/>\n<meta name=\"twitter:creator\" content=\"@CanalULL\" \/>\n<meta name=\"twitter:site\" content=\"@CanalULL\" \/>\n<meta name=\"twitter:label1\" content=\"Escrito por\" \/>\n\t<meta name=\"twitter:data1\" content=\"gaprsa\" \/>\n\t<meta name=\"twitter:label2\" content=\"Tiempo de lectura\" \/>\n\t<meta name=\"twitter:data2\" content=\"2 minutos\" \/>\n<script type=\"application\/ld+json\" class=\"yoast-schema-graph\">{\"@context\":\"https:\/\/schema.org\",\"@graph\":[{\"@type\":\"WebPage\",\"@id\":\"https:\/\/www.ull.es\/portal\/noticias\/2015\/12018\/\",\"url\":\"https:\/\/www.ull.es\/portal\/noticias\/2015\/12018\/\",\"name\":\"Alumni organiza un debate electoral entre los candidatos a Rector\/a de la Universidad de La Laguna - ULL - Noticias\",\"isPartOf\":{\"@id\":\"https:\/\/www.ull.es\/portal\/noticias\/#website\"},\"datePublished\":\"2015-04-16T08:09:45+00:00\",\"dateModified\":\"2015-04-16T08:09:45+00:00\",\"author\":{\"@id\":\"https:\/\/www.ull.es\/portal\/noticias\/#\/schema\/person\/b2b1a89d43ffa609e591f7df8ef3e817\"},\"breadcrumb\":{\"@id\":\"https:\/\/www.ull.es\/portal\/noticias\/2015\/12018\/#breadcrumb\"},\"inLanguage\":\"es\",\"potentialAction\":[{\"@type\":\"ReadAction\",\"target\":[\"https:\/\/www.ull.es\/portal\/noticias\/2015\/12018\/\"]}]},{\"@type\":\"BreadcrumbList\",\"@id\":\"https:\/\/www.ull.es\/portal\/noticias\/2015\/12018\/#breadcrumb\",\"itemListElement\":[{\"@type\":\"ListItem\",\"position\":1,\"name\":\"Portada\",\"item\":\"https:\/\/www.ull.es\/portal\/noticias\/\"},{\"@type\":\"ListItem\",\"position\":2,\"name\":\"Alumni organiza un debate electoral entre los candidatos a Rector\/a de la Universidad de La Laguna\"}]},{\"@type\":\"WebSite\",\"@id\":\"https:\/\/www.ull.es\/portal\/noticias\/#website\",\"url\":\"https:\/\/www.ull.es\/portal\/noticias\/\",\"name\":\"ULL - Noticias\",\"description\":\"\",\"potentialAction\":[{\"@type\":\"SearchAction\",\"target\":{\"@type\":\"EntryPoint\",\"urlTemplate\":\"https:\/\/www.ull.es\/portal\/noticias\/?s={search_term_string}\"},\"query-input\":\"required name=search_term_string\"}],\"inLanguage\":\"es\"},{\"@type\":\"Person\",\"@id\":\"https:\/\/www.ull.es\/portal\/noticias\/#\/schema\/person\/b2b1a89d43ffa609e591f7df8ef3e817\",\"name\":\"gaprsa\",\"image\":{\"@type\":\"ImageObject\",\"inLanguage\":\"es\",\"@id\":\"https:\/\/www.ull.es\/portal\/noticias\/#\/schema\/person\/image\/\",\"url\":\"https:\/\/secure.gravatar.com\/avatar\/443820550921091458b4823867723b3d?s=96&d=mm&r=g\",\"contentUrl\":\"https:\/\/secure.gravatar.com\/avatar\/443820550921091458b4823867723b3d?s=96&d=mm&r=g\",\"caption\":\"gaprsa\"},\"url\":\"https:\/\/www.ull.es\/portal\/noticias\/author\/gaprsa\/\"}]}<\/script>\n<!-- \/ Yoast SEO plugin. -->","yoast_head_json":{"title":"Alumni organiza un debate electoral entre los candidatos a Rector\/a de la Universidad de La Laguna - ULL - Noticias","robots":{"index":"index","follow":"follow","max-snippet":"max-snippet:-1","max-image-preview":"max-image-preview:large","max-video-preview":"max-video-preview:-1"},"canonical":"https:\/\/www.ull.es\/portal\/noticias\/2015\/12018\/","og_locale":"es_ES","og_type":"article","og_title":"Alumni organiza un debate electoral entre los candidatos a Rector\/a de la Universidad de La Laguna - ULL - Noticias","og_description":"El debate tendr\u00e1 lugar en la Secci\u00f3n de Ciencias de la Informaci\u00f3n El sal\u00f3n de actos de la secci\u00f3n de...","og_url":"https:\/\/www.ull.es\/portal\/noticias\/2015\/12018\/","og_site_name":"ULL - Noticias","article_publisher":"https:\/\/www.facebook.com\/universidaddelalaguna\/","article_published_time":"2015-04-16T08:09:45+00:00","og_image":[{"width":1200,"height":800,"url":"https:\/\/www.ull.es\/portal\/noticias\/wp-content\/uploads\/sites\/13\/2015\/05\/seccion-ciencias-informacion.jpg","type":"image\/jpeg"}],"author":"gaprsa","twitter_card":"summary_large_image","twitter_creator":"@CanalULL","twitter_site":"@CanalULL","twitter_misc":{"Escrito por":"gaprsa","Tiempo de lectura":"2 minutos"},"schema":{"@context":"https:\/\/schema.org","@graph":[{"@type":"WebPage","@id":"https:\/\/www.ull.es\/portal\/noticias\/2015\/12018\/","url":"https:\/\/www.ull.es\/portal\/noticias\/2015\/12018\/","name":"Alumni organiza un debate electoral entre los candidatos a Rector\/a de la Universidad de La Laguna - ULL - Noticias","isPartOf":{"@id":"https:\/\/www.ull.es\/portal\/noticias\/#website"},"datePublished":"2015-04-16T08:09:45+00:00","dateModified":"2015-04-16T08:09:45+00:00","author":{"@id":"https:\/\/www.ull.es\/portal\/noticias\/#\/schema\/person\/b2b1a89d43ffa609e591f7df8ef3e817"},"breadcrumb":{"@id":"https:\/\/www.ull.es\/portal\/noticias\/2015\/12018\/#breadcrumb"},"inLanguage":"es","potentialAction":[{"@type":"ReadAction","target":["https:\/\/www.ull.es\/portal\/noticias\/2015\/12018\/"]}]},{"@type":"BreadcrumbList","@id":"https:\/\/www.ull.es\/portal\/noticias\/2015\/12018\/#breadcrumb","itemListElement":[{"@type":"ListItem","position":1,"name":"Portada","item":"https:\/\/www.ull.es\/portal\/noticias\/"},{"@type":"ListItem","position":2,"name":"Alumni organiza un debate electoral entre los candidatos a Rector\/a de la Universidad de La Laguna"}]},{"@type":"WebSite","@id":"https:\/\/www.ull.es\/portal\/noticias\/#website","url":"https:\/\/www.ull.es\/portal\/noticias\/","name":"ULL - Noticias","description":"","potentialAction":[{"@type":"SearchAction","target":{"@type":"EntryPoint","urlTemplate":"https:\/\/www.ull.es\/portal\/noticias\/?s={search_term_string}"},"query-input":"required name=search_term_string"}],"inLanguage":"es"},{"@type":"Person","@id":"https:\/\/www.ull.es\/portal\/noticias\/#\/schema\/person\/b2b1a89d43ffa609e591f7df8ef3e817","name":"gaprsa","image":{"@type":"ImageObject","inLanguage":"es","@id":"https:\/\/www.ull.es\/portal\/noticias\/#\/schema\/person\/image\/","url":"https:\/\/secure.gravatar.com\/avatar\/443820550921091458b4823867723b3d?s=96&d=mm&r=g","contentUrl":"https:\/\/secure.gravatar.com\/avatar\/443820550921091458b4823867723b3d?s=96&d=mm&r=g","caption":"gaprsa"},"url":"https:\/\/www.ull.es\/portal\/noticias\/author\/gaprsa\/"}]}},"primary_category":null,"featured_image_thumbnail_url":"https:\/\/www.ull.es\/portal\/noticias\/wp-content\/uploads\/sites\/13\/2015\/05\/seccion-ciencias-informacion-300x200.jpg","_links":{"self":[{"href":"https:\/\/www.ull.es\/portal\/noticias\/wp-json\/wp\/v2\/posts\/12018"}],"collection":[{"href":"https:\/\/www.ull.es\/portal\/noticias\/wp-json\/wp\/v2\/posts"}],"about":[{"href":"https:\/\/www.ull.es\/portal\/noticias\/wp-json\/wp\/v2\/types\/post"}],"author":[{"embeddable":true,"href":"https:\/\/www.ull.es\/portal\/noticias\/wp-json\/wp\/v2\/users\/23"}],"replies":[{"embeddable":true,"href":"https:\/\/www.ull.es\/portal\/noticias\/wp-json\/wp\/v2\/comments?post=12018"}],"version-history":[{"count":0,"href":"https:\/\/www.ull.es\/portal\/noticias\/wp-json\/wp\/v2\/posts\/12018\/revisions"}],"wp:featuredmedia":[{"embeddable":true,"href":"https:\/\/www.ull.es\/portal\/noticias\/wp-json\/wp\/v2\/media\/12020"}],"wp:attachment":[{"href":"https:\/\/www.ull.es\/portal\/noticias\/wp-json\/wp\/v2\/media?parent=12018"}],"wp:term":[{"taxonomy":"category","embeddable":true,"href":"https:\/\/www.ull.es\/portal\/noticias\/wp-json\/wp\/v2\/categories?post=12018"},{"taxonomy":"post_tag","embeddable":true,"href":"https:\/\/www.ull.es\/portal\/noticias\/wp-json\/wp\/v2\/tags?post=12018"}],"curies":[{"name":"wp","href":"https:\/\/api.w.org\/{rel}","templated":true}]}}