{"id":12067,"date":"2015-04-30T09:19:34","date_gmt":"2015-04-30T09:19:34","guid":{"rendered":"http:\/\/ddigital.webs.ull.es\/?p=12067"},"modified":"2015-04-30T09:19:34","modified_gmt":"2015-04-30T09:19:34","slug":"el-paraninfo-de-la-ull-estrena-el-tramite-con-jordi-sanchez-como-protagonista","status":"publish","type":"post","link":"https:\/\/www.ull.es\/portal\/noticias\/2015\/el-paraninfo-de-la-ull-estrena-el-tramite-con-jordi-sanchez-como-protagonista\/","title":{"rendered":"El Paraninfo de la ULL estrena &#8216;El Tr\u00e1mite&#8217;, con Jordi S\u00e1nchez como protagonista"},"content":{"rendered":"<p>El Paraninfo de la Universidad de La Laguna acoge los d\u00edas 1 y 2 de mayo, a las 20:00 horas, la representaci\u00f3n de la obra &#8216;El Tr\u00e1mite&#8217;, en la que intervienen los humoristas Aar\u00f3n G\u00f3mez, Mingo Ruano, Kike P\u00e9rez y el actor Jordi S\u00e1nchez, conocido por su papel como \u2018El Recio\u2019 en la serie \u201cLa que se avecina\u201d.<\/p>\n<p>Esta comedia ha sido un rotundo \u00e9xito en Lanzarote y en Gran Canaria, y la productora canaria Acelera Producciones ha realizado una fuerte apuesta por esta funci\u00f3n en Tenerife. \u201cEl tr\u00e1mite\u201d describe la odisea que debe vivir un contribuyente que desea realizar una serie de gestiones, sin \u00e9xito, con la interminable espera, con el enfrentamiento con el funcionario y con el resto de personajes que se encuentran en similar situaci\u00f3n.<\/p>\n<p>Coreograf\u00edas vertiginosas, canciones cantadas en directo, \u2018stripteases\u2019, cambios de vestuario, improvisaciones y otras sorpresas que har\u00e1n re\u00edr hasta l\u00edmites insospechados a los asistentes a esta pieza esc\u00e9nica.<\/p>\n<p>Las entradas est\u00e1n ya a la venta desde 15 euros en www.tomaticket.es\/paraninfoull y en la taquilla del Paraninfo, el mismo d\u00eda del espect\u00e1culo, una hora antes de su comienzo. Los asistentes disponen de estacionamiento gratuito en el aparcamiento del Edificio Central de la Universidad de La Laguna.<\/p>\n","protected":false},"excerpt":{"rendered":"<p>El Paraninfo de la Universidad de La Laguna acoge los d\u00edas 1 y 2 de mayo, a las 20:00 horas,&#8230;<\/p>\n","protected":false},"author":23,"featured_media":12068,"comment_status":"open","ping_status":"open","sticky":false,"template":"","format":"standard","meta":{"inline_featured_image":false,"footnotes":""},"categories":[344,1],"tags":[1597,2047,2452,2462,2527,2553,2560],"acf":[],"yoast_head":"<!-- This site is optimized with the Yoast SEO plugin v21.3 - https:\/\/yoast.com\/wordpress\/plugins\/seo\/ -->\n<title>El Paraninfo de la ULL estrena &#039;El Tr\u00e1mite&#039;, con Jordi S\u00e1nchez como protagonista - ULL - Noticias<\/title>\n<meta name=\"robots\" content=\"index, follow, max-snippet:-1, max-image-preview:large, max-video-preview:-1\" \/>\n<link rel=\"canonical\" href=\"https:\/\/www.ull.es\/portal\/noticias\/2015\/el-paraninfo-de-la-ull-estrena-el-tramite-con-jordi-sanchez-como-protagonista\/\" \/>\n<meta property=\"og:locale\" content=\"es_ES\" \/>\n<meta property=\"og:type\" content=\"article\" \/>\n<meta property=\"og:title\" content=\"El Paraninfo de la ULL estrena &#039;El Tr\u00e1mite&#039;, con Jordi S\u00e1nchez como protagonista - ULL - Noticias\" \/>\n<meta property=\"og:description\" content=\"El Paraninfo de la Universidad de La Laguna acoge los d\u00edas 1 y 2 de mayo, a las 20:00 horas,...\" \/>\n<meta property=\"og:url\" content=\"https:\/\/www.ull.es\/portal\/noticias\/2015\/el-paraninfo-de-la-ull-estrena-el-tramite-con-jordi-sanchez-como-protagonista\/\" \/>\n<meta property=\"og:site_name\" content=\"ULL - Noticias\" \/>\n<meta property=\"article:publisher\" content=\"https:\/\/www.facebook.com\/universidaddelalaguna\/\" \/>\n<meta property=\"article:published_time\" content=\"2015-04-30T09:19:34+00:00\" \/>\n<meta property=\"og:image\" content=\"https:\/\/www.ull.es\/portal\/noticias\/wp-content\/uploads\/sites\/13\/2015\/05\/cartel-el-tramite.jpg\" \/>\n\t<meta property=\"og:image:width\" content=\"1273\" \/>\n\t<meta property=\"og:image:height\" content=\"1800\" \/>\n\t<meta property=\"og:image:type\" content=\"image\/jpeg\" \/>\n<meta name=\"author\" content=\"gaprsa\" \/>\n<meta name=\"twitter:card\" content=\"summary_large_image\" \/>\n<meta name=\"twitter:creator\" content=\"@CanalULL\" \/>\n<meta name=\"twitter:site\" content=\"@CanalULL\" \/>\n<meta name=\"twitter:label1\" content=\"Escrito por\" \/>\n\t<meta name=\"twitter:data1\" content=\"gaprsa\" \/>\n\t<meta name=\"twitter:label2\" content=\"Tiempo de lectura\" \/>\n\t<meta name=\"twitter:data2\" content=\"1 minuto\" \/>\n<script type=\"application\/ld+json\" class=\"yoast-schema-graph\">{\"@context\":\"https:\/\/schema.org\",\"@graph\":[{\"@type\":\"WebPage\",\"@id\":\"https:\/\/www.ull.es\/portal\/noticias\/2015\/el-paraninfo-de-la-ull-estrena-el-tramite-con-jordi-sanchez-como-protagonista\/\",\"url\":\"https:\/\/www.ull.es\/portal\/noticias\/2015\/el-paraninfo-de-la-ull-estrena-el-tramite-con-jordi-sanchez-como-protagonista\/\",\"name\":\"El Paraninfo de la ULL estrena 'El Tr\u00e1mite', con Jordi S\u00e1nchez como protagonista - ULL - Noticias\",\"isPartOf\":{\"@id\":\"https:\/\/www.ull.es\/portal\/noticias\/#website\"},\"datePublished\":\"2015-04-30T09:19:34+00:00\",\"dateModified\":\"2015-04-30T09:19:34+00:00\",\"author\":{\"@id\":\"https:\/\/www.ull.es\/portal\/noticias\/#\/schema\/person\/b2b1a89d43ffa609e591f7df8ef3e817\"},\"breadcrumb\":{\"@id\":\"https:\/\/www.ull.es\/portal\/noticias\/2015\/el-paraninfo-de-la-ull-estrena-el-tramite-con-jordi-sanchez-como-protagonista\/#breadcrumb\"},\"inLanguage\":\"es\",\"potentialAction\":[{\"@type\":\"ReadAction\",\"target\":[\"https:\/\/www.ull.es\/portal\/noticias\/2015\/el-paraninfo-de-la-ull-estrena-el-tramite-con-jordi-sanchez-como-protagonista\/\"]}]},{\"@type\":\"BreadcrumbList\",\"@id\":\"https:\/\/www.ull.es\/portal\/noticias\/2015\/el-paraninfo-de-la-ull-estrena-el-tramite-con-jordi-sanchez-como-protagonista\/#breadcrumb\",\"itemListElement\":[{\"@type\":\"ListItem\",\"position\":1,\"name\":\"Portada\",\"item\":\"https:\/\/www.ull.es\/portal\/noticias\/\"},{\"@type\":\"ListItem\",\"position\":2,\"name\":\"El Paraninfo de la ULL estrena &#8216;El Tr\u00e1mite&#8217;, con Jordi S\u00e1nchez como protagonista\"}]},{\"@type\":\"WebSite\",\"@id\":\"https:\/\/www.ull.es\/portal\/noticias\/#website\",\"url\":\"https:\/\/www.ull.es\/portal\/noticias\/\",\"name\":\"ULL - Noticias\",\"description\":\"\",\"potentialAction\":[{\"@type\":\"SearchAction\",\"target\":{\"@type\":\"EntryPoint\",\"urlTemplate\":\"https:\/\/www.ull.es\/portal\/noticias\/?s={search_term_string}\"},\"query-input\":\"required name=search_term_string\"}],\"inLanguage\":\"es\"},{\"@type\":\"Person\",\"@id\":\"https:\/\/www.ull.es\/portal\/noticias\/#\/schema\/person\/b2b1a89d43ffa609e591f7df8ef3e817\",\"name\":\"gaprsa\",\"image\":{\"@type\":\"ImageObject\",\"inLanguage\":\"es\",\"@id\":\"https:\/\/www.ull.es\/portal\/noticias\/#\/schema\/person\/image\/\",\"url\":\"https:\/\/secure.gravatar.com\/avatar\/443820550921091458b4823867723b3d?s=96&d=mm&r=g\",\"contentUrl\":\"https:\/\/secure.gravatar.com\/avatar\/443820550921091458b4823867723b3d?s=96&d=mm&r=g\",\"caption\":\"gaprsa\"},\"url\":\"https:\/\/www.ull.es\/portal\/noticias\/author\/gaprsa\/\"}]}<\/script>\n<!-- \/ Yoast SEO plugin. -->","yoast_head_json":{"title":"El Paraninfo de la ULL estrena 'El Tr\u00e1mite', con Jordi S\u00e1nchez como protagonista - ULL - Noticias","robots":{"index":"index","follow":"follow","max-snippet":"max-snippet:-1","max-image-preview":"max-image-preview:large","max-video-preview":"max-video-preview:-1"},"canonical":"https:\/\/www.ull.es\/portal\/noticias\/2015\/el-paraninfo-de-la-ull-estrena-el-tramite-con-jordi-sanchez-como-protagonista\/","og_locale":"es_ES","og_type":"article","og_title":"El Paraninfo de la ULL estrena 'El Tr\u00e1mite', con Jordi S\u00e1nchez como protagonista - ULL - Noticias","og_description":"El Paraninfo de la Universidad de La Laguna acoge los d\u00edas 1 y 2 de mayo, a las 20:00 horas,...","og_url":"https:\/\/www.ull.es\/portal\/noticias\/2015\/el-paraninfo-de-la-ull-estrena-el-tramite-con-jordi-sanchez-como-protagonista\/","og_site_name":"ULL - Noticias","article_publisher":"https:\/\/www.facebook.com\/universidaddelalaguna\/","article_published_time":"2015-04-30T09:19:34+00:00","og_image":[{"width":1273,"height":1800,"url":"https:\/\/www.ull.es\/portal\/noticias\/wp-content\/uploads\/sites\/13\/2015\/05\/cartel-el-tramite.jpg","type":"image\/jpeg"}],"author":"gaprsa","twitter_card":"summary_large_image","twitter_creator":"@CanalULL","twitter_site":"@CanalULL","twitter_misc":{"Escrito por":"gaprsa","Tiempo de lectura":"1 minuto"},"schema":{"@context":"https:\/\/schema.org","@graph":[{"@type":"WebPage","@id":"https:\/\/www.ull.es\/portal\/noticias\/2015\/el-paraninfo-de-la-ull-estrena-el-tramite-con-jordi-sanchez-como-protagonista\/","url":"https:\/\/www.ull.es\/portal\/noticias\/2015\/el-paraninfo-de-la-ull-estrena-el-tramite-con-jordi-sanchez-como-protagonista\/","name":"El Paraninfo de la ULL estrena 'El Tr\u00e1mite', con Jordi S\u00e1nchez como protagonista - ULL - Noticias","isPartOf":{"@id":"https:\/\/www.ull.es\/portal\/noticias\/#website"},"datePublished":"2015-04-30T09:19:34+00:00","dateModified":"2015-04-30T09:19:34+00:00","author":{"@id":"https:\/\/www.ull.es\/portal\/noticias\/#\/schema\/person\/b2b1a89d43ffa609e591f7df8ef3e817"},"breadcrumb":{"@id":"https:\/\/www.ull.es\/portal\/noticias\/2015\/el-paraninfo-de-la-ull-estrena-el-tramite-con-jordi-sanchez-como-protagonista\/#breadcrumb"},"inLanguage":"es","potentialAction":[{"@type":"ReadAction","target":["https:\/\/www.ull.es\/portal\/noticias\/2015\/el-paraninfo-de-la-ull-estrena-el-tramite-con-jordi-sanchez-como-protagonista\/"]}]},{"@type":"BreadcrumbList","@id":"https:\/\/www.ull.es\/portal\/noticias\/2015\/el-paraninfo-de-la-ull-estrena-el-tramite-con-jordi-sanchez-como-protagonista\/#breadcrumb","itemListElement":[{"@type":"ListItem","position":1,"name":"Portada","item":"https:\/\/www.ull.es\/portal\/noticias\/"},{"@type":"ListItem","position":2,"name":"El Paraninfo de la ULL estrena &#8216;El Tr\u00e1mite&#8217;, con Jordi S\u00e1nchez como protagonista"}]},{"@type":"WebSite","@id":"https:\/\/www.ull.es\/portal\/noticias\/#website","url":"https:\/\/www.ull.es\/portal\/noticias\/","name":"ULL - Noticias","description":"","potentialAction":[{"@type":"SearchAction","target":{"@type":"EntryPoint","urlTemplate":"https:\/\/www.ull.es\/portal\/noticias\/?s={search_term_string}"},"query-input":"required name=search_term_string"}],"inLanguage":"es"},{"@type":"Person","@id":"https:\/\/www.ull.es\/portal\/noticias\/#\/schema\/person\/b2b1a89d43ffa609e591f7df8ef3e817","name":"gaprsa","image":{"@type":"ImageObject","inLanguage":"es","@id":"https:\/\/www.ull.es\/portal\/noticias\/#\/schema\/person\/image\/","url":"https:\/\/secure.gravatar.com\/avatar\/443820550921091458b4823867723b3d?s=96&d=mm&r=g","contentUrl":"https:\/\/secure.gravatar.com\/avatar\/443820550921091458b4823867723b3d?s=96&d=mm&r=g","caption":"gaprsa"},"url":"https:\/\/www.ull.es\/portal\/noticias\/author\/gaprsa\/"}]}},"primary_category":null,"featured_image_thumbnail_url":"https:\/\/www.ull.es\/portal\/noticias\/wp-content\/uploads\/sites\/13\/2015\/05\/cartel-el-tramite-212x300.jpg","_links":{"self":[{"href":"https:\/\/www.ull.es\/portal\/noticias\/wp-json\/wp\/v2\/posts\/12067"}],"collection":[{"href":"https:\/\/www.ull.es\/portal\/noticias\/wp-json\/wp\/v2\/posts"}],"about":[{"href":"https:\/\/www.ull.es\/portal\/noticias\/wp-json\/wp\/v2\/types\/post"}],"author":[{"embeddable":true,"href":"https:\/\/www.ull.es\/portal\/noticias\/wp-json\/wp\/v2\/users\/23"}],"replies":[{"embeddable":true,"href":"https:\/\/www.ull.es\/portal\/noticias\/wp-json\/wp\/v2\/comments?post=12067"}],"version-history":[{"count":0,"href":"https:\/\/www.ull.es\/portal\/noticias\/wp-json\/wp\/v2\/posts\/12067\/revisions"}],"wp:featuredmedia":[{"embeddable":true,"href":"https:\/\/www.ull.es\/portal\/noticias\/wp-json\/wp\/v2\/media\/12068"}],"wp:attachment":[{"href":"https:\/\/www.ull.es\/portal\/noticias\/wp-json\/wp\/v2\/media?parent=12067"}],"wp:term":[{"taxonomy":"category","embeddable":true,"href":"https:\/\/www.ull.es\/portal\/noticias\/wp-json\/wp\/v2\/categories?post=12067"},{"taxonomy":"post_tag","embeddable":true,"href":"https:\/\/www.ull.es\/portal\/noticias\/wp-json\/wp\/v2\/tags?post=12067"}],"curies":[{"name":"wp","href":"https:\/\/api.w.org\/{rel}","templated":true}]}}